{"id":437929,"date":"2026-01-28T13:44:49","date_gmt":"2026-01-28T16:44:49","guid":{"rendered":"https:\/\/notinor.com\/jujuy\/?p=437929"},"modified":"2026-01-28T13:45:14","modified_gmt":"2026-01-28T16:45:14","slug":"incendios-en-chubut-una-tenue-llovizna-trajo-alivio-pero-el-fuego-avanza-y-ya-consumio-40-mil-hectareas","status":"publish","type":"post","link":"https:\/\/notinor.com\/jujuy\/incendios-en-chubut-una-tenue-llovizna-trajo-alivio-pero-el-fuego-avanza-y-ya-consumio-40-mil-hectareas\/","title":{"rendered":"Incendios en Chubut: una tenue llovizna trajo alivio, pero el fuego avanza y ya consumi\u00f3 40 mil hect\u00e1reas"},"content":{"rendered":"\n<p class=\"has-medium-font-size\"><strong><em>Un leve descenso de la temperatura ralentiz\u00f3 el avance de las llamas, pero los dos incendios est\u00e1n activos. Ambos arrasaron vegetaci\u00f3n nativa y bosques implantados<\/em><\/strong>.<\/p>\n\n\n<div class=\"wp-block-image\">\n<figure class=\"aligncenter size-full\"><img decoding=\"async\" loading=\"lazy\" width=\"832\" height=\"467\" src=\"https:\/\/notinor.com\/jujuy\/wp-content\/uploads\/2026\/01\/chubur.jpg\" alt=\"\" class=\"wp-image-437930\" srcset=\"https:\/\/notinor.com\/jujuy\/wp-content\/uploads\/2026\/01\/chubur.jpg 832w, https:\/\/notinor.com\/jujuy\/wp-content\/uploads\/2026\/01\/chubur-650x365.jpg 650w, https:\/\/notinor.com\/jujuy\/wp-content\/uploads\/2026\/01\/chubur-500x280.jpg 500w, https:\/\/notinor.com\/jujuy\/wp-content\/uploads\/2026\/01\/chubur-768x431.jpg 768w, https:\/\/notinor.com\/jujuy\/wp-content\/uploads\/2026\/01\/chubur-750x421.jpg 750w\" sizes=\"(max-width: 832px) 100vw, 832px\" \/><figcaption class=\"wp-element-caption\">Un helic\u00f3ptero sobrevuela una de las zonas afectadas por el fuego<\/figcaption><\/figure><\/div>\n\n\n<p>El norte de la provincia de&nbsp;<strong>Chubut&nbsp;<\/strong>permanece bajo fuego con los dos incendios que se unieron y que en conjunto arrasaron con unas<strong>&nbsp;40 mil hect\u00e1reas de bosques aut\u00f3ctonos, bosques implantados y vegetaci\u00f3n achaparrada<\/strong>.<\/p>\n\n\n\n<p>Un leve&nbsp;<strong>descenso de la temperatura<\/strong>&nbsp;y una&nbsp;<strong>gar\u00faa&nbsp;<\/strong>suave, registrados este martes a la tarde y mi\u00e9rcoles a la ma\u00f1ana,<strong>&nbsp;ralentizaron el avance del fuego<\/strong>, que se mantiene activo y con m\u00faltiples frentes, mientras los combatientes trabajan para tratar de detener el avance.<\/p>\n\n\n\n<p>Los lugare\u00f1os son esc\u00e9pticos con la ventana clim\u00e1tica y creen que \u201c<strong>s\u00f3lo las lluvias que se esperan para abril podr\u00e1n detener el avance del fuego<\/strong>\u201d.<\/p>\n\n\n\n<p>La especulaci\u00f3n <strong>sirve para dimensionar el desastre ambiental,<\/strong> que afecta territorio provincial y bosques situados dentro del\u00a0<strong>Parque Nacional Los Alerces<\/strong>.<\/p>\n\n\n\n<p>El \u00faltimo de ellos, que comenz\u00f3 el 9 de diciembre pasado, atraves\u00f3 la jurisdicci\u00f3n federal e ingres\u00f3 a tierras chubutenses, donde cobr\u00f3 fuerza al unirse con el otro incendio que comenz\u00f3 en&nbsp;<strong>Puerto Patriada<\/strong>.<\/p>\n\n\n\n<p>Mientras el fuego arrasa con vegetaci\u00f3n aut\u00f3ctona y bosques implantados, la Justicia Federal inici\u00f3 una <strong>investigaci\u00f3n para determinar si el desempe\u00f1o de quienes coordinan el operativo<\/strong> de lucha contra las llamas fue el adecuado para frenar el avance de los focos \u00edgneos.<\/p>\n\n\n\n<p>La investigaci\u00f3n est\u00e1 enfocada en el incendio que comenz\u00f3 el 9 de diciembre pasado en inmediaciones del&nbsp;<strong>lago Men\u00e9ndez<\/strong>, dentro del Parque Nacional Los Alerces, y avanz\u00f3 luego a territorio provincial, donde se uni\u00f3 a otro incendio desatado dentro de jurisdicci\u00f3n chubutense.<\/p>\n\n\n\n<p>El fiscal federal&nbsp;<strong>Santiago Rold\u00e1n<\/strong>&nbsp;comanda la pesquisa, que tiene como finalidad determinar la actuaci\u00f3n y posible responsabilidad penal de los funcionarios competentes en el manejo del fuego en el siniestro que contin\u00faa activo.<\/p>\n\n\n\n<p>El fuego comenz\u00f3 por una descarga el\u00e9ctrica y fue controlado. Sin embargo por las t<strong>emperaturas elevadas\u00a0<\/strong>y las fuertes<strong>\u00a0r\u00e1fagas de viento, se reactiv\u00f3<\/strong>\u00a0y avanz\u00f3 a\u00fan con m\u00e1s fuerza, afectando una superficie superior a la que hab\u00eda consumido en la primera etapa.<\/p>\n\n\n\n<p class=\"has-text-align-center\"><img decoding=\"async\" loading=\"lazy\" height=\"1080\" width=\"1920\" src=\"https:\/\/www.infobae.com\/resizer\/v2\/U35YGRYPCZBVJJFOPSP7J4QOKY.jpeg?auth=3ad87f4ea3c37d3dc4407daa2a0150089a009684885006415995ea1f0e8fead9&amp;smart=true&amp;width=350&amp;height=197&amp;quality=85\" alt=\"El humo de fondo, una\">El humo de fondo, una postal que lamentablemente se volvi\u00f3 habitual en la Patagonia<\/p>\n\n\n\n<p>Como parte de la investigaci\u00f3n, la fiscal\u00eda descentralizada solicit\u00f3 informes a la Administraci\u00f3n de Parques Nacionales y al Sistema Nacional de Manejo del Fuego.<\/p>\n\n\n\n<p>\u201cNo hay&nbsp;<strong>dudas&nbsp;<\/strong>sobre c\u00f3mo comenzaron las llamas, pero s\u00ed acerca de si el&nbsp;<strong>operativo implementado para combatirlo<\/strong>&nbsp;fue el adecuado o hubo negligencias\u201d indicaron fuentes judiciales a&nbsp;<strong>Infobae<\/strong>.<\/p>\n\n\n\n<p>Un leve descenso de la temperatura y una tenue llovizna registrada este martes mejor\u00f3 las condiciones del combate, aunque el fuego permanece activo y fuera de control.<\/p>\n\n\n\n<p><strong>Las llamas consumieron unas 40 mil hect\u00e1reas<\/strong>, sumando el siniestro que comenz\u00f3 en el Parque Nacional como el que tuvo su origen en Puerto Patriada, una villa tur\u00edstica ubicada en el norte de la provincia patag\u00f3nica. Arras\u00f3 con cientos de animales, galpones y viviendas. \u201c<strong>Esto es dram\u00e1tico, perdimos todo y lo que era un para\u00edso, hoy est\u00e1 te\u00f1ido de grises<\/strong>\u201d, se lamentan los pobladores de&nbsp;<strong>Cholila<\/strong>, otra localidad tur\u00edstica que estuvo en vilo al quedar sitiada por el fuego.<\/p>\n\n\n\n<p><strong>Son m\u00e1s de 500 los combatientes<\/strong>\u00a0que luchan en los distintos frentes, m\u00e1s una decena de medios a\u00e9reos que opera cada vez que las condiciones meteorol\u00f3gicas lo permiten.<\/p>\n\n\n\n<p class=\"has-text-align-center\"><img decoding=\"async\" loading=\"lazy\" height=\"1080\" width=\"1920\" src=\"https:\/\/www.infobae.com\/resizer\/v2\/QGAUQA2VYBFPHGDDLJ7D6MF7SY.jpeg?auth=2af7547cd064cb5704737e334f2c08a9a32f1d3eab678098aaa6ef17df015a5f&amp;smart=true&amp;width=350&amp;height=197&amp;quality=85\" alt=\"Un grupo de combatientes contra\">Un grupo de combatientes contra el fuego: hay m\u00e1s de 500 personas que luchan contra las llamas<\/p>\n\n\n\n<p>La Administraci\u00f3n de Parques Nacionales (APN) inform\u00f3 que contin\u00faa trabajando en el terreno junto a la Agencia Federal de Emergencias (AFE) y la Provincia del Chubut.<\/p>\n\n\n\n<p>El descenso de la temperatura de este mi\u00e9rcoles, con m\u00e1ximas que rondan los 15 grados, desaceler\u00f3 el avance del fuego aunque el viento previsto para las jornadas siguientes mantiene el alerta m\u00e1xima.<\/p>\n\n\n\n<p>\u201cSe esperan lluvias aisladas hasta el mediod\u00eda con montos estimados menores a 1 mm sobre las zonas Este del incendio, mientras que hacia el Oeste podr\u00edan registrarse acumulados m\u00e1s significativos, entre 1 y 2 mm acumulados en 24 horas\u201d, indic\u00f3 el organismo nacional.<\/p>\n\n\n\n<p>Adem\u00e1s de la lucha diurna, los organismos que combaten el fuego mantienen guardias nocturnas de prevenci\u00f3n y enfriamiento de puntos calientes para evitar rebrotes.<\/p>\n\n\n\n<p>El presidente de la Federaci\u00f3n Chubutense de Bomberos, Rub\u00e9n Oliva, explic\u00f3 que \u201cse registra una lluvia desde la madrugada, poca cantidad pero con continuidad\u201d, y se\u00f1al\u00f3 que se intenta determinar con precisi\u00f3n la cantidad de mil\u00edmetros ca\u00eddos. Seg\u00fan indic\u00f3, el Servicio Meteorol\u00f3gico Nacional prev\u00e9 que las precipitaciones podr\u00edan repetirse en los pr\u00f3ximos d\u00edas, lo que genera expectativas de alivio en una regi\u00f3n duramente castigada por el fuego.<\/p>\n\n\n\n<p>Si bien aclar\u00f3 que este tipo de lluvias no apagan un incendio de gran magnitud, remarc\u00f3 que su incidencia es clave para frenar el avance del fuego. \u201cTodo sirve para empezar a controlar el incendio: cortar el avance, trabajar sobre los puntos calientes y evitar que se propague, incluso en la cola del incendio\u201d, sostuvo.<\/p>\n\n\n\n<p>Oliva tambi\u00e9n puso el foco en el desgaste del personal que combate las llamas. \u201cLos bomberos est\u00e1n cansados. Son alrededor de 20 d\u00edas de trabajo con guardias permanentes y rotaciones constantes. Hubo un agotamiento f\u00edsico y tambi\u00e9n moral, porque muchas veces el trabajo realizado se ve\u00eda anulado r\u00e1pidamente por el viento\u201d, describi\u00f3.<\/p>\n\n\n\n<p>Fuente Infobae<\/p>\n","protected":false},"excerpt":{"rendered":"<p>Un leve descenso de la temperatura ralentiz\u00f3 el avance de las llamas, pero los dos incendios est\u00e1n activos. Ambos arrasaron vegetaci\u00f3n nativa y bosques implantados. El norte de la provincia de&nbsp;Chubut&nbsp;permanece bajo fuego con los dos incendios que se unieron y que en conjunto arrasaron con unas&nbsp;40 mil hect\u00e1reas de bosques aut\u00f3ctonos, bosques implantados y [&hellip;]<\/p>\n","protected":false},"author":5,"featured_media":437930,"comment_status":"open","ping_status":"open","sticky":false,"template":"","format":"standard","meta":{"_stopmodifiedupdate":false,"_modified_date":"","inline_featured_image":false,"spay_email":"","jetpack_publicize_message":""},"categories":[5],"tags":[],"jetpack_featured_media_url":"https:\/\/notinor.com\/jujuy\/wp-content\/uploads\/2026\/01\/chubur.jpg","jetpack_publicize_connections":[],"_links":{"self":[{"href":"https:\/\/notinor.com\/jujuy\/wp-json\/wp\/v2\/posts\/437929"}],"collection":[{"href":"https:\/\/notinor.com\/jujuy\/wp-json\/wp\/v2\/posts"}],"about":[{"href":"https:\/\/notinor.com\/jujuy\/wp-json\/wp\/v2\/types\/post"}],"author":[{"embeddable":true,"href":"https:\/\/notinor.com\/jujuy\/wp-json\/wp\/v2\/users\/5"}],"replies":[{"embeddable":true,"href":"https:\/\/notinor.com\/jujuy\/wp-json\/wp\/v2\/comments?post=437929"}],"version-history":[{"count":1,"href":"https:\/\/notinor.com\/jujuy\/wp-json\/wp\/v2\/posts\/437929\/revisions"}],"predecessor-version":[{"id":437931,"href":"https:\/\/notinor.com\/jujuy\/wp-json\/wp\/v2\/posts\/437929\/revisions\/437931"}],"wp:featuredmedia":[{"embeddable":true,"href":"https:\/\/notinor.com\/jujuy\/wp-json\/wp\/v2\/media\/437930"}],"wp:attachment":[{"href":"https:\/\/notinor.com\/jujuy\/wp-json\/wp\/v2\/media?parent=437929"}],"wp:term":[{"taxonomy":"category","embeddable":true,"href":"https:\/\/notinor.com\/jujuy\/wp-json\/wp\/v2\/categories?post=437929"},{"taxonomy":"post_tag","embeddable":true,"href":"https:\/\/notinor.com\/jujuy\/wp-json\/wp\/v2\/tags?post=437929"}],"curies":[{"name":"wp","href":"https:\/\/api.w.org\/{rel}","templated":true}]}}