{"id":437914,"date":"2026-01-28T11:17:56","date_gmt":"2026-01-28T14:17:56","guid":{"rendered":"https:\/\/notinor.com\/jujuy\/?p=437914"},"modified":"2026-01-28T11:17:58","modified_gmt":"2026-01-28T14:17:58","slug":"javier-milei-estuvo-en-el-show-de-fatima-florez-y-subio-a-cantar-rock-del-gato-el-video-del-momento","status":"publish","type":"post","link":"https:\/\/notinor.com\/jujuy\/javier-milei-estuvo-en-el-show-de-fatima-florez-y-subio-a-cantar-rock-del-gato-el-video-del-momento\/","title":{"rendered":"Javier Milei estuvo en el show de F\u00e1tima Florez y subi\u00f3 a cantar \u201cRock del gato\u201d: el video del momento"},"content":{"rendered":"\n<p class=\"has-medium-font-size\"><strong><em>El presidente de la Naci\u00f3n dijo presente en el Teatro Roxy de Mar del Plata, donde recibi\u00f3 una ovaci\u00f3n del p\u00fablico.<\/em><\/strong><\/p>\n\n\n<div class=\"wp-block-image\">\n<figure class=\"aligncenter size-large is-resized\"><img decoding=\"async\" loading=\"lazy\" src=\"https:\/\/notinor.com\/jujuy\/wp-content\/uploads\/2026\/01\/MILEI-476x480.jpg\" alt=\"\" class=\"wp-image-437915\" width=\"561\" height=\"566\" srcset=\"https:\/\/notinor.com\/jujuy\/wp-content\/uploads\/2026\/01\/MILEI-476x480.jpg 476w, https:\/\/notinor.com\/jujuy\/wp-content\/uploads\/2026\/01\/MILEI-362x365.jpg 362w, https:\/\/notinor.com\/jujuy\/wp-content\/uploads\/2026\/01\/MILEI-75x75.jpg 75w, https:\/\/notinor.com\/jujuy\/wp-content\/uploads\/2026\/01\/MILEI.jpg 497w\" sizes=\"(max-width: 561px) 100vw, 561px\" \/><figcaption class=\"wp-element-caption\">Javier Milei estuvo en el show de F\u00e1tima Florez y se subi\u00f3 a cantar \u201cRock del gato\u201d<\/figcaption><\/figure><\/div>\n\n\n<p>El presidente <strong>Javier Milei <\/strong>est\u00e1 en Mar del Plata como parte del \u201cTour de la Gratitud\u201d. All\u00ed<strong>, aprovech\u00f3 para ir a ver el show de<\/strong> <strong>F\u00e1tima Florez\u00a0y, de paso, se subi\u00f3 al escenario para cantar \u201cRock del gato\u201d.<\/strong><\/p>\n\n\n\n<p>Apenas empez\u00f3 el espect\u00e1culo titulado<em>&nbsp;F\u00e1tima Universal<\/em>, el presidente de la Naci\u00f3n fue ovacionado por el p\u00fablico que llen\u00f3 el Teatro Roxy. Adem\u00e1s, volvieron a aplaudirlo cuando la capoc\u00f3pica destac\u00f3 su presencia en el establecimiento.<\/p>\n\n\n\n<p>El momento m\u00e1s esperado por todos los presentes ocurri\u00f3 hacia el final del espect\u00e1culo. Tal como estaba anunciado, el mandatario apareci\u00f3 en escena junto a la humorista y, despu\u00e9s de un jocoso ida y vuelta, comenz\u00f3 a cantar el mencionado hit de los Ratones Paranoicos.<\/p>\n\n\n\n<p>Su performance record\u00f3 a la que realiz\u00f3 el viernes 6 de octubre, cuando se present\u00f3 junto a su banda en el Arena de Buenos Aires. Esta vez, la gran diferencia fue que su interpretaci\u00f3n estuvo acompa\u00f1ada por un baile de su exnovia.<\/p>\n\n\n\n<p><strong>C\u00f3mo fue el \u201cTour de la Gratitud\u201d de Javier Milei<\/strong><\/p>\n\n\n\n<p>Las actividades del Presidente ocurren tras la caravana que encabez\u00f3 este lunes en el denominado&nbsp;<strong>\u201cTour de la Gratitud\u201d<\/strong>. El libertario, junto a su hermana Karina Milei, Diego Santilli y Sebasti\u00e1n Pareja, recorrieron las calles Avellaneda y G\u00fcemes para&nbsp;<strong>acercarse a la militancia.<\/strong><\/p>\n\n\n\n<p>Durante esa recorrida, Milei tambi\u00e9n tom\u00f3 un meg\u00e1fono y agradeci\u00f3 el apoyo a La Libertad Avanza en las \u00faltimas elecciones nacionales. Adem\u00e1s, defendi\u00f3 los proyectos del oficialismo en la previa de las sesiones extraordinarias en el Congreso: \u201cYa tenemos dictamen para la Ley de Glaciares y la modernizaci\u00f3n laboral.&nbsp;<strong>Dentro de poco vamos a tener leyes de pa\u00edses razonables<\/strong>\u201d.<\/p>\n\n\n\n<p>Este martes fue a Mar del Plata donde le habl\u00f3 a sus militantes y adelant\u00f3 que cumplir\u00e1 todas sus promesas de campa\u00f1a antes de mitad de a\u00f1o. \u201cEstamos mandando la&nbsp;<strong>reforma tributaria<\/strong>, para que baje la presi\u00f3n fiscal y seamos m\u00e1s libres y podamos crecer. Y para estas sesiones extraordinarias mandamos la&nbsp;<strong>baja de imputabilidad&nbsp;<\/strong>para los menores que delinquen. En la Argentina,<strong>&nbsp;el que las hace las paga<\/strong>\u201d, afirm\u00f3.<\/p>\n\n\n<div class=\"wp-block-image\">\n<figure class=\"aligncenter\"><img decoding=\"async\" src=\"https:\/\/tn.com.ar\/resizer\/v2\/milei-recorrio-mar-del-plata-con-militantes-foto-lla-GR7IBA33FBGINDFEBS2BUT6ARI.png?auth=70312716214d3636319725e2b60e87de28ecbd7ddfe4ff95ee12a9e316f7dbb3&amp;width=767\" alt=\"Milei recorri\u00f3 Mar del Plata con militantes. (Foto: LLA).\"\/><figcaption class=\"wp-element-caption\">Milei recorri\u00f3 Mar del Plata con militantes<\/figcaption><\/figure><\/div>\n\n\n<p>Luego de su presencia en el show de F\u00e1tima, se dirigi\u00f3 a encabezar La Derecha Fest, un evento en el que tambi\u00e9n participan otros referentes libertarios como Agust\u00edn Laje, Lilia Lemoine, Nicol\u00e1s Marqu\u00e9z y Sergio Fligiuolo (Tronco).<\/p>\n\n\n\n<p>\u201c<strong>A trav\u00e9s de la gesti\u00f3n demostr\u00e9 que el liberalismo es superior en t\u00e9rminos pr\u00e1cticos<\/strong>\u201d, asegur\u00f3 el mandatario y le agradeci\u00f3 a su hermana por \u201chaber aumentado la diferencia con los partidos de la oposici\u00f3n\u201d.<\/p>\n\n\n\n<p>\u201cEn Davos me dediqu\u00e9 a explicar por qu\u00e9 el liberalismo es el sistema m\u00e1s justo y moralmente virtuoso que tenemos\u201d, indic\u00f3 Milei y agreg\u00f3: \u201c<strong>Las aguas del mundo empiezan a separar a los justos de los pecadores\u201d<\/strong>.<\/p>\n\n\n\n<p>Frente al canto de la militancia de \u201cla casta tiene miedo\u201d, indic\u00f3 la necesidad de \u201cdefender la batalla cultural\u201d: \u201cLa gente dijo \u2018basta de empobrecernos\u2019 y se les viene la noche a los zurdos. (...) Si no tenemos claro cu\u00e1l es nuestro norte, nos extraviamos.&nbsp;<strong>Hicimos las reformas estructurales m\u00e1s grandes del \u00faltimo siglo<\/strong>\u201d.<\/p>\n\n\n\n<p>\u201c<strong>Sin derecho a la propiedad privada, no hay derecho a la libertad o a la vida<\/strong>\u201d, dijo el Presidente durante su ponencia. Adem\u00e1s, record\u00f3 un aspecto clave de su campa\u00f1a presidencial, el uso de las redes sociales para impulsar su figura: \u201c<strong>Gracias a internet, logramos hacer una campa\u00f1a creativa en 2023<\/strong>\u2033.<\/p>\n\n\n\n<p>Luego, retom\u00f3 un tono cr\u00edtico. \u201c<strong>\u00bfQu\u00e9 ser\u00eda ser popular?<\/strong>&nbsp;Que la gente pueda comprar mayor cantidad de productos al menor precio. Pero no.&nbsp;<strong>Est\u00e1n obsesionados con hacernos pagar caro<\/strong>\u201d.<\/p>\n\n\n\n<p>El Presidente cerr\u00f3 su discurso proponiendo mirar hacia delante. \u201c<strong>No le temamos a la innovaci\u00f3n, a la creatividad y a su poder disruptivo<\/strong>, a la libertad, porque en el agregado no habr\u00e1 otra cosa que mejorar la vida de todos los ciudadanos. En \u00faltima instancia, es lo que volver\u00e1 a hacer grande a la Argentina y a Occidente. Esto lo s\u00e9, porque en el pasado ya lo hemos hecho\u201d, dijo.<\/p>\n\n\n\n<figure class=\"wp-block-embed is-type-video is-provider-youtube wp-block-embed-youtube wp-embed-aspect-16-9 wp-has-aspect-ratio\"><div class=\"wp-block-embed__wrapper\">\n<div class=\"jeg_video_container jeg_video_content\"><iframe loading=\"lazy\" title=\"\ud83c\udf99 AHORA: MILEI CANTA &quot;EL ROCK DEL GATO&quot; EN EL SHOW DE F\u00c1TIMA FLOREZ\" width=\"500\" height=\"281\" src=\"https:\/\/www.youtube.com\/embed\/-OMRYP89Tnk?feature=oembed\" frameborder=\"0\" allow=\"accelerometer; autoplay; clipboard-write; encrypted-media; gyroscope; picture-in-picture; web-share\" referrerpolicy=\"strict-origin-when-cross-origin\" allowfullscreen><\/iframe><\/div>\n<\/div><\/figure>\n","protected":false},"excerpt":{"rendered":"<p>El presidente de la Naci\u00f3n dijo presente en el Teatro Roxy de Mar del Plata, donde recibi\u00f3 una ovaci\u00f3n del p\u00fablico. El presidente Javier Milei est\u00e1 en Mar del Plata como parte del \u201cTour de la Gratitud\u201d. All\u00ed, aprovech\u00f3 para ir a ver el show de F\u00e1tima Florez\u00a0y, de paso, se subi\u00f3 al escenario para [&hellip;]<\/p>\n","protected":false},"author":5,"featured_media":437916,"comment_status":"open","ping_status":"open","sticky":false,"template":"","format":"standard","meta":{"_stopmodifiedupdate":false,"_modified_date":"","inline_featured_image":false,"spay_email":"","jetpack_publicize_message":""},"categories":[21],"tags":[],"jetpack_featured_media_url":"https:\/\/notinor.com\/jujuy\/wp-content\/uploads\/2026\/01\/MILEI1.jpg","jetpack_publicize_connections":[],"_links":{"self":[{"href":"https:\/\/notinor.com\/jujuy\/wp-json\/wp\/v2\/posts\/437914"}],"collection":[{"href":"https:\/\/notinor.com\/jujuy\/wp-json\/wp\/v2\/posts"}],"about":[{"href":"https:\/\/notinor.com\/jujuy\/wp-json\/wp\/v2\/types\/post"}],"author":[{"embeddable":true,"href":"https:\/\/notinor.com\/jujuy\/wp-json\/wp\/v2\/users\/5"}],"replies":[{"embeddable":true,"href":"https:\/\/notinor.com\/jujuy\/wp-json\/wp\/v2\/comments?post=437914"}],"version-history":[{"count":1,"href":"https:\/\/notinor.com\/jujuy\/wp-json\/wp\/v2\/posts\/437914\/revisions"}],"predecessor-version":[{"id":437917,"href":"https:\/\/notinor.com\/jujuy\/wp-json\/wp\/v2\/posts\/437914\/revisions\/437917"}],"wp:featuredmedia":[{"embeddable":true,"href":"https:\/\/notinor.com\/jujuy\/wp-json\/wp\/v2\/media\/437916"}],"wp:attachment":[{"href":"https:\/\/notinor.com\/jujuy\/wp-json\/wp\/v2\/media?parent=437914"}],"wp:term":[{"taxonomy":"category","embeddable":true,"href":"https:\/\/notinor.com\/jujuy\/wp-json\/wp\/v2\/categories?post=437914"},{"taxonomy":"post_tag","embeddable":true,"href":"https:\/\/notinor.com\/jujuy\/wp-json\/wp\/v2\/tags?post=437914"}],"curies":[{"name":"wp","href":"https:\/\/api.w.org\/{rel}","templated":true}]}}