{"id":437896,"date":"2026-01-27T21:17:00","date_gmt":"2026-01-28T00:17:00","guid":{"rendered":"https:\/\/notinor.com\/jujuy\/?p=437896"},"modified":"2026-01-27T09:17:04","modified_gmt":"2026-01-27T09:17:04","slug":"bernis-anuncio-que-los-pumas-vuelven-a-jujuy","status":"publish","type":"post","link":"https:\/\/notinor.com\/jujuy\/bernis-anuncio-que-los-pumas-vuelven-a-jujuy\/","title":{"rendered":"Bernis anunci\u00f3 que Los Pumas vuelven a Jujuy"},"content":{"rendered":"\n<p class=\"has-medium-font-size\"><strong><em>El titular de la Legislatura y vicegobernador de la Provincia, Alberto Bernis, en ejercicio del Poder Ejecutivo, anunci\u00f3 oficialmente que la Selecci\u00f3n Argentina de Rugby se presentar\u00e1 en Jujuy el pr\u00f3ximo 29 de agosto.<\/em><\/strong><\/p>\n\n\n<div class=\"wp-block-image\">\n<figure class=\"aligncenter size-full\"><img decoding=\"async\" loading=\"lazy\" width=\"813\" height=\"480\" src=\"https:\/\/notinor.com\/jujuy\/wp-content\/uploads\/2026\/01\/berni.jpg\" alt=\"\" class=\"wp-image-437897\" srcset=\"https:\/\/notinor.com\/jujuy\/wp-content\/uploads\/2026\/01\/berni.jpg 813w, https:\/\/notinor.com\/jujuy\/wp-content\/uploads\/2026\/01\/berni-618x365.jpg 618w, https:\/\/notinor.com\/jujuy\/wp-content\/uploads\/2026\/01\/berni-768x453.jpg 768w, https:\/\/notinor.com\/jujuy\/wp-content\/uploads\/2026\/01\/berni-750x443.jpg 750w\" sizes=\"(max-width: 813px) 100vw, 813px\" \/><\/figure><\/div>\n\n\n<p>El seleccionado nacional se medir\u00e1 ante su par de Australia, en un test match de suma importancia, ya que ser\u00e1 parte de la preparaci\u00f3n final de ambos equipos de cara al Mundial de Rugby programado para este a\u00f1o.<\/p>\n\n\n\n<p>Bernis puntualiz\u00f3 que este anuncio es el resultado de una gesti\u00f3n encabezada por el gobernador de la Provincia, <strong>Carlos Sadir<\/strong>, quien rubric\u00f3 un convenio con la Uni\u00f3n Argentina de Rugby (UAR) para asegurar la llegada del conjunto albiceleste a suelo juje\u00f1o.<\/p>\n\n\n\n<p>El anuncio se realiz\u00f3 en compa\u00f1\u00eda del ministro de Cultura y Turismo, <strong>Federico Posadas<\/strong>; el secretario de Deportes, <strong>Luis Calvetti;<\/strong> el representante del Consejo Federal de Inversiones (CFI) en Jujuy, <strong>Marcelo Abrahan;<\/strong> y la directora provincial de Deportes de la Mujer, <strong>Gabriela Z\u00e1rate<\/strong>.<\/p>\n\n\n\n<p>\"Recibir a Los Pumas es un acontecimiento muy importante, no solo para que los juje\u00f1os podamos apreciarlo, sino tambi\u00e9n para los muchos turistas que llegar\u00e1n a la provincia para este evento de magnitud\", consider\u00f3 el vicegobernador.<\/p>\n\n\n\n<p>Asimismo, indic\u00f3 que \"m\u00e1s all\u00e1 de lo estrictamente deportivo, el rugby internacional funciona como un motor de desarrollo para la provincia y la regi\u00f3n\".<\/p>\n\n\n\n<p>\"Jujuy se posiciona una vez m\u00e1s como un destino clave en la agenda deportiva, demostrando estar a la altura de espect\u00e1culos de esta jerarqu\u00eda, que a su vez son piezas fundamentales para traccionar el crecimiento econ\u00f3mico y consolidar la actividad tur\u00edstica\", complet\u00f3.<\/p>\n","protected":false},"excerpt":{"rendered":"<p>El titular de la Legislatura y vicegobernador de la Provincia, Alberto Bernis, en ejercicio del Poder Ejecutivo, anunci\u00f3 oficialmente que la Selecci\u00f3n Argentina de Rugby se presentar\u00e1 en Jujuy el pr\u00f3ximo 29 de agosto. El seleccionado nacional se medir\u00e1 ante su par de Australia, en un test match de suma importancia, ya que ser\u00e1 parte [&hellip;]<\/p>\n","protected":false},"author":5,"featured_media":437897,"comment_status":"open","ping_status":"open","sticky":false,"template":"","format":"standard","meta":{"_stopmodifiedupdate":false,"_modified_date":"","inline_featured_image":false,"spay_email":"","jetpack_publicize_message":""},"categories":[7],"tags":[],"jetpack_featured_media_url":"https:\/\/notinor.com\/jujuy\/wp-content\/uploads\/2026\/01\/berni.jpg","jetpack_publicize_connections":[],"_links":{"self":[{"href":"https:\/\/notinor.com\/jujuy\/wp-json\/wp\/v2\/posts\/437896"}],"collection":[{"href":"https:\/\/notinor.com\/jujuy\/wp-json\/wp\/v2\/posts"}],"about":[{"href":"https:\/\/notinor.com\/jujuy\/wp-json\/wp\/v2\/types\/post"}],"author":[{"embeddable":true,"href":"https:\/\/notinor.com\/jujuy\/wp-json\/wp\/v2\/users\/5"}],"replies":[{"embeddable":true,"href":"https:\/\/notinor.com\/jujuy\/wp-json\/wp\/v2\/comments?post=437896"}],"version-history":[{"count":1,"href":"https:\/\/notinor.com\/jujuy\/wp-json\/wp\/v2\/posts\/437896\/revisions"}],"predecessor-version":[{"id":437898,"href":"https:\/\/notinor.com\/jujuy\/wp-json\/wp\/v2\/posts\/437896\/revisions\/437898"}],"wp:featuredmedia":[{"embeddable":true,"href":"https:\/\/notinor.com\/jujuy\/wp-json\/wp\/v2\/media\/437897"}],"wp:attachment":[{"href":"https:\/\/notinor.com\/jujuy\/wp-json\/wp\/v2\/media?parent=437896"}],"wp:term":[{"taxonomy":"category","embeddable":true,"href":"https:\/\/notinor.com\/jujuy\/wp-json\/wp\/v2\/categories?post=437896"},{"taxonomy":"post_tag","embeddable":true,"href":"https:\/\/notinor.com\/jujuy\/wp-json\/wp\/v2\/tags?post=437896"}],"curies":[{"name":"wp","href":"https:\/\/api.w.org\/{rel}","templated":true}]}}