{"id":437885,"date":"2026-01-27T23:52:59","date_gmt":"2026-01-28T02:52:59","guid":{"rendered":"https:\/\/notinor.com\/jujuy\/?p=437885"},"modified":"2026-01-27T23:53:01","modified_gmt":"2026-01-28T02:53:01","slug":"los-pumas-jugaran-en-jujuy-sadir-firmo-un-convenio-con-la-uar","status":"publish","type":"post","link":"https:\/\/notinor.com\/jujuy\/los-pumas-jugaran-en-jujuy-sadir-firmo-un-convenio-con-la-uar\/","title":{"rendered":"Los Pumas jugar\u00e1n en Jujuy: Sadir firm\u00f3 un convenio con la UAR"},"content":{"rendered":"\n<p class=\"has-medium-font-size\"><strong><em>El vicegobernador, Alberto Bernis, anunci\u00f3 que el seleccionado argentino de rugby enfrentar\u00e1 a Australia el 29 de agosto.<\/em><\/strong><\/p>\n\n\n\n<p><\/p>\n\n\n<div class=\"wp-block-image\">\n<figure class=\"aligncenter size-full\"><img decoding=\"async\" loading=\"lazy\" width=\"800\" height=\"450\" src=\"https:\/\/notinor.com\/jujuy\/wp-content\/uploads\/2026\/01\/sadir-y-la-uar.jpg\" alt=\"\" class=\"wp-image-437886\" srcset=\"https:\/\/notinor.com\/jujuy\/wp-content\/uploads\/2026\/01\/sadir-y-la-uar.jpg 800w, https:\/\/notinor.com\/jujuy\/wp-content\/uploads\/2026\/01\/sadir-y-la-uar-649x365.jpg 649w, https:\/\/notinor.com\/jujuy\/wp-content\/uploads\/2026\/01\/sadir-y-la-uar-500x280.jpg 500w, https:\/\/notinor.com\/jujuy\/wp-content\/uploads\/2026\/01\/sadir-y-la-uar-768x432.jpg 768w, https:\/\/notinor.com\/jujuy\/wp-content\/uploads\/2026\/01\/sadir-y-la-uar-750x422.jpg 750w\" sizes=\"(max-width: 800px) 100vw, 800px\" \/><\/figure><\/div>\n\n\n<p><\/p>\n\n\n\n<p>El Gobierno de Jujuy rubric\u00f3 un convenio con la Uni\u00f3n Argentina de Rugby (UAR) y la Selecci\u00f3n Argentina jugar\u00e1 en la provincia contra Australia el 29 de agosto. \"El gobernador, Carlos Sadir, firm\u00f3 un convenio con la UAR y se asegur\u00f3 la presencia de un partido de los Pumas en Jujuy\", anunci\u00f3 el vicegobernador, Alberto Bernis, en el Sal\u00f3n Blanco de la Casa de Gobierno.<\/p>\n\n\n\n<p>\"Se va a realizar el d\u00eda 29 de agosto, va a ser un test match previo al Mundial de Rugby que se va a disfrutar este a\u00f1o y se trata de un evento muy importante para que no solamente los juje\u00f1os podamos apreciarlo, sino tambi\u00e9n muchos turistas\", valor\u00f3 indicando que se trata de una gran oportunidad para potenciar la actividad gastron\u00f3mica y hotelera.<\/p>\n\n\n\n<p>Por su parte, el ministro de Turismo y Cultura, Federico Posadas, destac\u00f3 que Jujuy \"es la \u00fanica provincia del norte argentino\" elegida en esta ocasi\u00f3n para un partido de tal magnitud. Ponder\u00f3, adem\u00e1s, que \"el 29 de agosto es una \u00e9poca muy linda para disfrutar Jujuy\".<\/p>\n\n\n\n<p>\"Tenemos la infraestructura, vamos a tener nuevos hoteles y al Centro Cultural Lola Mora tambi\u00e9n para que lo puedan disfrutar\", indic\u00f3 Posadas resaltando que el anuncio \"tiene que ver con la sinergia que estamos logrando con Deportes para que el turismo se siga reactivando en Jujuy\". En ese sentido, afirm\u00f3: \"cada vez que hay un evento deportivo se llenan los hoteles, se mueve la plaza y esto le va a dar much\u00edsima visibilidad a Jujuy. Vamos a estar convocando a hinchas de todo el pa\u00eds, la plaza tur\u00edstica va a estar a pleno y va a ser una gran posibilidad para seguir promocionando el destino\".<\/p>\n\n\n\n<p>Embed - El Gobierno de Jujuy anunci\u00f3 que Los Pumas jugar\u00e1n en la provincia<\/p>\n\n\n\n<p>Por su parte, el secretario de Deportes, Luis Calvetti, destac\u00f3 que a trav\u00e9s de \"un esfuerzo muy grande del Gobierno de Jujuy el Seleccionado argentino de rugby va a jugar contra Australia\" en la provincia. Agreg\u00f3, adem\u00e1s, que \"el evento que va a traccionar cosas muy importantes, no solamente en el fomento del deporte, en capacitaciones y cl\u00ednicas, sino tambi\u00e9n en el fomento de la econom\u00eda regional, del turismo y la cultura\".<\/p>\n\n\n\n<p>El partido permitir\u00e1 \"posicionar a Jujuy en el deporte argentino, en el escenario nacional y tambi\u00e9n en el escenario internacional. El 29 de agosto vamos a tener un evento de primer nivel, estamos convencidos de que va a ser un espect\u00e1culo para todos los juje\u00f1os\", cerr\u00f3. Del encuentro y anuncio en el Palacio de Gobierno tambi\u00e9n formaron parte el titular del Consejo Federal de Inversiones, Marcelo Abraham, y la directora de Deportes de la Mujer, Gabriela Z\u00e1rate.<\/p>\n","protected":false},"excerpt":{"rendered":"<p>El vicegobernador, Alberto Bernis, anunci\u00f3 que el seleccionado argentino de rugby enfrentar\u00e1 a Australia el 29 de agosto. El Gobierno de Jujuy rubric\u00f3 un convenio con la Uni\u00f3n Argentina de Rugby (UAR) y la Selecci\u00f3n Argentina jugar\u00e1 en la provincia contra Australia el 29 de agosto. \"El gobernador, Carlos Sadir, firm\u00f3 un convenio con la [&hellip;]<\/p>\n","protected":false},"author":49,"featured_media":437886,"comment_status":"open","ping_status":"open","sticky":false,"template":"","format":"standard","meta":{"_stopmodifiedupdate":false,"_modified_date":"","inline_featured_image":false,"spay_email":"","jetpack_publicize_message":""},"categories":[2,7,514],"tags":[],"jetpack_featured_media_url":"https:\/\/notinor.com\/jujuy\/wp-content\/uploads\/2026\/01\/sadir-y-la-uar.jpg","jetpack_publicize_connections":[],"_links":{"self":[{"href":"https:\/\/notinor.com\/jujuy\/wp-json\/wp\/v2\/posts\/437885"}],"collection":[{"href":"https:\/\/notinor.com\/jujuy\/wp-json\/wp\/v2\/posts"}],"about":[{"href":"https:\/\/notinor.com\/jujuy\/wp-json\/wp\/v2\/types\/post"}],"author":[{"embeddable":true,"href":"https:\/\/notinor.com\/jujuy\/wp-json\/wp\/v2\/users\/49"}],"replies":[{"embeddable":true,"href":"https:\/\/notinor.com\/jujuy\/wp-json\/wp\/v2\/comments?post=437885"}],"version-history":[{"count":1,"href":"https:\/\/notinor.com\/jujuy\/wp-json\/wp\/v2\/posts\/437885\/revisions"}],"predecessor-version":[{"id":437887,"href":"https:\/\/notinor.com\/jujuy\/wp-json\/wp\/v2\/posts\/437885\/revisions\/437887"}],"wp:featuredmedia":[{"embeddable":true,"href":"https:\/\/notinor.com\/jujuy\/wp-json\/wp\/v2\/media\/437886"}],"wp:attachment":[{"href":"https:\/\/notinor.com\/jujuy\/wp-json\/wp\/v2\/media?parent=437885"}],"wp:term":[{"taxonomy":"category","embeddable":true,"href":"https:\/\/notinor.com\/jujuy\/wp-json\/wp\/v2\/categories?post=437885"},{"taxonomy":"post_tag","embeddable":true,"href":"https:\/\/notinor.com\/jujuy\/wp-json\/wp\/v2\/tags?post=437885"}],"curies":[{"name":"wp","href":"https:\/\/api.w.org\/{rel}","templated":true}]}}