{"id":437876,"date":"2026-01-27T13:52:27","date_gmt":"2026-01-27T16:52:27","guid":{"rendered":"https:\/\/notinor.com\/jujuy\/?p=437876"},"modified":"2026-01-27T13:52:29","modified_gmt":"2026-01-27T16:52:29","slug":"alerta-meteorologica-por-fuertes-tormentas-y-granizo-en-once-provincias","status":"publish","type":"post","link":"https:\/\/notinor.com\/jujuy\/alerta-meteorologica-por-fuertes-tormentas-y-granizo-en-once-provincias\/","title":{"rendered":"Alerta meteorol\u00f3gica por fuertes tormentas y granizo en once provincias"},"content":{"rendered":"\n<p class=\"has-medium-font-size\"><strong><em>El Servicio Meteorol\u00f3gico Nacional lanz\u00f3 advertencias por fuertes precipitaciones para este martes en varias zonas del pa\u00eds.\u00a0En la nota, el detalle.<\/em><\/strong><\/p>\n\n\n<div class=\"wp-block-image\">\n<figure class=\"aligncenter size-large\"><img decoding=\"async\" loading=\"lazy\" width=\"810\" height=\"480\" src=\"https:\/\/notinor.com\/jujuy\/wp-content\/uploads\/2026\/01\/TORMENTAS-810x480.jpg\" alt=\"\" class=\"wp-image-437878\" srcset=\"https:\/\/notinor.com\/jujuy\/wp-content\/uploads\/2026\/01\/TORMENTAS-810x480.jpg 810w, https:\/\/notinor.com\/jujuy\/wp-content\/uploads\/2026\/01\/TORMENTAS-616x365.jpg 616w, https:\/\/notinor.com\/jujuy\/wp-content\/uploads\/2026\/01\/TORMENTAS-768x455.jpg 768w, https:\/\/notinor.com\/jujuy\/wp-content\/uploads\/2026\/01\/TORMENTAS-750x444.jpg 750w, https:\/\/notinor.com\/jujuy\/wp-content\/uploads\/2026\/01\/TORMENTAS.jpg 829w\" sizes=\"(max-width: 810px) 100vw, 810px\" \/><figcaption class=\"wp-element-caption\">El\u00a0Servicio Meteorol\u00f3gico Naciona<strong>l<\/strong> alert\u00f3 sobre fen\u00f3menos que impactar\u00e1n en una gran extensi\u00f3n del territorio nacional<\/figcaption><\/figure><\/div>\n\n\n<p>El&nbsp;<strong>Servicio Meteorol\u00f3gico Nacional<\/strong>&nbsp;(<strong>SMN<\/strong>) volvi\u00f3 a lanzar alertas por diferentes eventos clim\u00e1ticos adversos como&nbsp;<strong>tormentas fuertes<\/strong>&nbsp;y posible ca\u00edda de&nbsp;<strong>granizo<\/strong>, fen\u00f3menos que impactar\u00e1n en una gran extensi\u00f3n del territorio nacional durante la jornada de este martes.<\/p>\n\n\n\n<p>El aviso es para regiones de las provincias de <strong>Catamarca, Chaco, C\u00f3rdoba, Jujuy, La Rioja, Mendoza, Salta, San Luis, Santa Fe, Santiago del Estero y Tucum\u00e1n.<\/strong><\/p>\n\n\n\n<figure class=\"wp-block-image size-large\"><img decoding=\"async\" loading=\"lazy\" width=\"410\" height=\"480\" src=\"https:\/\/notinor.com\/jujuy\/wp-content\/uploads\/2026\/01\/SMN-410x480.jpg\" alt=\"\" class=\"wp-image-437877\" srcset=\"https:\/\/notinor.com\/jujuy\/wp-content\/uploads\/2026\/01\/SMN-410x480.jpg 410w, https:\/\/notinor.com\/jujuy\/wp-content\/uploads\/2026\/01\/SMN-312x365.jpg 312w, https:\/\/notinor.com\/jujuy\/wp-content\/uploads\/2026\/01\/SMN.jpg 424w\" sizes=\"(max-width: 410px) 100vw, 410px\" \/><\/figure>\n\n\n\n<p>El&nbsp;<strong>SMN<\/strong>&nbsp;indic\u00f3 que el \u00e1rea ser\u00e1 afectada por&nbsp;<strong>tormentas de variada intensidad<\/strong>, algunas localmente fuertes. \"Las mismas estar\u00e1n acompa\u00f1adas por&nbsp;<strong>frecuente actividad el\u00e9ctrica<\/strong>, ocasional&nbsp;<strong>granizo<\/strong>,&nbsp;<strong>lluvias abundantes<\/strong>&nbsp;en cortos per\u00edodos y&nbsp;<strong>r\u00e1fagas intensas<\/strong>&nbsp;que pueden alcanzar los 75 km\/h\", inform\u00f3.<\/p>\n\n\n\n<p>Se prev\u00e9n valores de&nbsp;<strong>precipitaci\u00f3n acumulada<\/strong>&nbsp;entre 40 y 80 mm, que pueden ser superados en forma puntual.<\/p>\n","protected":false},"excerpt":{"rendered":"<p>El Servicio Meteorol\u00f3gico Nacional lanz\u00f3 advertencias por fuertes precipitaciones para este martes en varias zonas del pa\u00eds.\u00a0En la nota, el detalle. El&nbsp;Servicio Meteorol\u00f3gico Nacional&nbsp;(SMN) volvi\u00f3 a lanzar alertas por diferentes eventos clim\u00e1ticos adversos como&nbsp;tormentas fuertes&nbsp;y posible ca\u00edda de&nbsp;granizo, fen\u00f3menos que impactar\u00e1n en una gran extensi\u00f3n del territorio nacional durante la jornada de este martes. El [&hellip;]<\/p>\n","protected":false},"author":5,"featured_media":437878,"comment_status":"open","ping_status":"open","sticky":false,"template":"","format":"standard","meta":{"_stopmodifiedupdate":false,"_modified_date":"","inline_featured_image":false,"spay_email":"","jetpack_publicize_message":""},"categories":[5],"tags":[],"jetpack_featured_media_url":"https:\/\/notinor.com\/jujuy\/wp-content\/uploads\/2026\/01\/TORMENTAS.jpg","jetpack_publicize_connections":[],"_links":{"self":[{"href":"https:\/\/notinor.com\/jujuy\/wp-json\/wp\/v2\/posts\/437876"}],"collection":[{"href":"https:\/\/notinor.com\/jujuy\/wp-json\/wp\/v2\/posts"}],"about":[{"href":"https:\/\/notinor.com\/jujuy\/wp-json\/wp\/v2\/types\/post"}],"author":[{"embeddable":true,"href":"https:\/\/notinor.com\/jujuy\/wp-json\/wp\/v2\/users\/5"}],"replies":[{"embeddable":true,"href":"https:\/\/notinor.com\/jujuy\/wp-json\/wp\/v2\/comments?post=437876"}],"version-history":[{"count":1,"href":"https:\/\/notinor.com\/jujuy\/wp-json\/wp\/v2\/posts\/437876\/revisions"}],"predecessor-version":[{"id":437879,"href":"https:\/\/notinor.com\/jujuy\/wp-json\/wp\/v2\/posts\/437876\/revisions\/437879"}],"wp:featuredmedia":[{"embeddable":true,"href":"https:\/\/notinor.com\/jujuy\/wp-json\/wp\/v2\/media\/437878"}],"wp:attachment":[{"href":"https:\/\/notinor.com\/jujuy\/wp-json\/wp\/v2\/media?parent=437876"}],"wp:term":[{"taxonomy":"category","embeddable":true,"href":"https:\/\/notinor.com\/jujuy\/wp-json\/wp\/v2\/categories?post=437876"},{"taxonomy":"post_tag","embeddable":true,"href":"https:\/\/notinor.com\/jujuy\/wp-json\/wp\/v2\/tags?post=437876"}],"curies":[{"name":"wp","href":"https:\/\/api.w.org\/{rel}","templated":true}]}}