{"id":437872,"date":"2026-01-27T13:26:41","date_gmt":"2026-01-27T16:26:41","guid":{"rendered":"https:\/\/notinor.com\/jujuy\/?p=437872"},"modified":"2026-01-27T13:26:43","modified_gmt":"2026-01-27T16:26:43","slug":"incendios-en-chubut-hay-mas-de-40-mil-hectareas-afectadas-y-crece-la-preocupacion-por-las-altas-temperaturas","status":"publish","type":"post","link":"https:\/\/notinor.com\/jujuy\/incendios-en-chubut-hay-mas-de-40-mil-hectareas-afectadas-y-crece-la-preocupacion-por-las-altas-temperaturas\/","title":{"rendered":"Incendios en Chubut: hay m\u00e1s de 40 mil hect\u00e1reas afectadas y crece la preocupaci\u00f3n por las altas temperaturas"},"content":{"rendered":"\n<p class=\"has-medium-font-size\"><strong><em>En el operativo trabajan alrededor de 500 personas, entre ellos m\u00e1s de 270 brigadistas desplegados en distintos puntos del pa\u00eds<\/em><\/strong>.<\/p>\n\n\n<div class=\"wp-block-image\">\n<figure class=\"aligncenter size-full is-resized\"><img decoding=\"async\" loading=\"lazy\" src=\"https:\/\/notinor.com\/jujuy\/wp-content\/uploads\/2026\/01\/CHUBUT.jpg\" alt=\"\" class=\"wp-image-437873\" width=\"718\" height=\"529\" srcset=\"https:\/\/notinor.com\/jujuy\/wp-content\/uploads\/2026\/01\/CHUBUT.jpg 619w, https:\/\/notinor.com\/jujuy\/wp-content\/uploads\/2026\/01\/CHUBUT-495x365.jpg 495w\" sizes=\"(max-width: 718px) 100vw, 718px\" \/><figcaption class=\"wp-element-caption\">La situaci\u00f3n se ve agravada por el contexto clim\u00e1tico: se trata del a\u00f1o m\u00e1s seco de la \u00faltima d\u00e9cada, con una marcada escasez de agua.<\/figcaption><\/figure><\/div>\n\n\n<p>La situaci\u00f3n se ve agravada por el contexto clim\u00e1tico: se trata del a\u00f1o m\u00e1s seco de la \u00faltima d\u00e9cada, con una marcada escasez de agua.<\/p>\n\n\n\n<p>Las condiciones clim\u00e1ticas provocaron la reactivaci\u00f3n de focos que estaban pr\u00f3ximos a ser controlados y favorecieron la propagaci\u00f3n del fuego.<\/p>\n\n\n\n<p>Actualmente,<strong>&nbsp;el incendio ya afect\u00f3 a m\u00e1s de 40 mil hect\u00e1reas&nbsp;<\/strong>y mantiene en alerta a las autoridades.<\/p>\n\n\n\n<p>En el operativo trabajan&nbsp;<strong>alrededor de 500 personas, entre ellos m\u00e1s de 270 brigadistas<\/strong>&nbsp;desplegados en distintos puntos del pa\u00eds, adem\u00e1s de bomberos voluntarios y personal de apoyo.<\/p>\n\n\n\n<p>La situaci\u00f3n se ve agravada por el contexto clim\u00e1tico: se trata del a\u00f1o m\u00e1s seco de la \u00faltima d\u00e9cada, con una marcada escasez de agua.<\/p>\n\n\n\n<p>Especialistas advierten que l<strong>os pr\u00f3ximos veranos podr\u00edan presentar condiciones similares, con altas temperaturas y bajos niveles de humedad<\/strong>, lo que incrementa el riesgo de incendios forestales de gran magnitud.<\/p>\n\n\n\n<p>Ante la falta de recursos h\u00eddricos, muchos vecinos de la zona debieron&nbsp;<strong>aprender a utilizar bombas de agua para poder abastecerse<\/strong>, mientras el fuego contin\u00faa avanzando y&nbsp;<strong>amenaza con extenderse hacia la ciudad de Esquel<\/strong>.<\/p>\n\n\n\n<p>El impacto humano de la emergencia es profundo. \u201cTodo esto se est\u00e1 viviendo con mucha angustia. Hay viviendas en todos lados, incluso en las zonas m\u00e1s altas y m\u00e1s cercanas al fuego.&nbsp;<strong>Tenemos much\u00edsimos voluntarios trabajando, incluso gente que se vino desde Salta<\/strong>\u201d, explic\u00f3 Jos\u00e9, bombero y vecino de Cholila.<\/p>\n\n\n\n<p>\u201cMis compa\u00f1eros llegan a casa o al cuartel a las 12 de la noche para darse una ducha y a las 5 de la ma\u00f1ana arrancar a trabajar. H<strong>ay bomberos que no duermen ni descansan, es realmente triste todo<\/strong>\u201d, agreg\u00f3, entre l\u00e1grimas.<\/p>\n\n\n\n<p>Mientras contin\u00faan las tareas para contener el incendio, las autoridades mantienen el monitoreo permanente de la zona y&nbsp;<strong>refuerzan los operativos para evitar que las llamas sigan avanzando sobre \u00e1reas pobladas<\/strong>.<\/p>\n\n\n\n<p>A su vez, el viernes, la&nbsp;<strong>Administraci\u00f3n de Parques Nacional (APN)&nbsp;<\/strong>dispuso por primera vez la historia, la<strong>&nbsp;intervenci\u00f3n inmediata del Parque Nacional Los Alerces<\/strong>.<\/p>\n\n\n\n<p>La medida responde a la situaci\u00f3n cr\u00edtica por los incendios forestales y tras una denuncia penal por presunta&nbsp;<strong>negligencia&nbsp;<\/strong>para contener la&nbsp;<strong>emergencia \u00edgnea<\/strong>. Por ende, el Comit\u00e9 de Intervenci\u00f3n asumir\u00e1, transitoriamente, la&nbsp;<strong>totalidad de las funciones<\/strong>&nbsp;en el parque.<\/p>\n","protected":false},"excerpt":{"rendered":"<p>En el operativo trabajan alrededor de 500 personas, entre ellos m\u00e1s de 270 brigadistas desplegados en distintos puntos del pa\u00eds. La situaci\u00f3n se ve agravada por el contexto clim\u00e1tico: se trata del a\u00f1o m\u00e1s seco de la \u00faltima d\u00e9cada, con una marcada escasez de agua. Las condiciones clim\u00e1ticas provocaron la reactivaci\u00f3n de focos que estaban [&hellip;]<\/p>\n","protected":false},"author":5,"featured_media":437874,"comment_status":"open","ping_status":"open","sticky":false,"template":"","format":"standard","meta":{"_stopmodifiedupdate":false,"_modified_date":"","inline_featured_image":false,"spay_email":"","jetpack_publicize_message":""},"categories":[5],"tags":[],"jetpack_featured_media_url":"https:\/\/notinor.com\/jujuy\/wp-content\/uploads\/2026\/01\/CHUBUT1.jpg","jetpack_publicize_connections":[],"_links":{"self":[{"href":"https:\/\/notinor.com\/jujuy\/wp-json\/wp\/v2\/posts\/437872"}],"collection":[{"href":"https:\/\/notinor.com\/jujuy\/wp-json\/wp\/v2\/posts"}],"about":[{"href":"https:\/\/notinor.com\/jujuy\/wp-json\/wp\/v2\/types\/post"}],"author":[{"embeddable":true,"href":"https:\/\/notinor.com\/jujuy\/wp-json\/wp\/v2\/users\/5"}],"replies":[{"embeddable":true,"href":"https:\/\/notinor.com\/jujuy\/wp-json\/wp\/v2\/comments?post=437872"}],"version-history":[{"count":1,"href":"https:\/\/notinor.com\/jujuy\/wp-json\/wp\/v2\/posts\/437872\/revisions"}],"predecessor-version":[{"id":437875,"href":"https:\/\/notinor.com\/jujuy\/wp-json\/wp\/v2\/posts\/437872\/revisions\/437875"}],"wp:featuredmedia":[{"embeddable":true,"href":"https:\/\/notinor.com\/jujuy\/wp-json\/wp\/v2\/media\/437874"}],"wp:attachment":[{"href":"https:\/\/notinor.com\/jujuy\/wp-json\/wp\/v2\/media?parent=437872"}],"wp:term":[{"taxonomy":"category","embeddable":true,"href":"https:\/\/notinor.com\/jujuy\/wp-json\/wp\/v2\/categories?post=437872"},{"taxonomy":"post_tag","embeddable":true,"href":"https:\/\/notinor.com\/jujuy\/wp-json\/wp\/v2\/tags?post=437872"}],"curies":[{"name":"wp","href":"https:\/\/api.w.org\/{rel}","templated":true}]}}