{"id":437867,"date":"2026-01-27T13:02:25","date_gmt":"2026-01-27T16:02:25","guid":{"rendered":"https:\/\/notinor.com\/jujuy\/?p=437867"},"modified":"2026-01-27T13:02:26","modified_gmt":"2026-01-27T16:02:26","slug":"wara-calpanchay-la-gran-sorpresa-de-la-primera-luna-del-festival-de-cosquin","status":"publish","type":"post","link":"https:\/\/notinor.com\/jujuy\/wara-calpanchay-la-gran-sorpresa-de-la-primera-luna-del-festival-de-cosquin\/","title":{"rendered":"Wara Calpanchay, la gran sorpresa de la Primera Luna del Festival de Cosqu\u00edn"},"content":{"rendered":"\n<p class=\"has-medium-font-size\"><strong><em>La joven cantante y violinista juje\u00f1a, deslumbr\u00f3 en la noche del s\u00e1bado en Cosqu\u00edn. Su historia de esfuerzo y dedicaci\u00f3n resuena en su actuaci\u00f3n.\u00a0<\/em><\/strong><\/p>\n\n\n<div class=\"wp-block-image\">\n<figure class=\"aligncenter size-full\"><img decoding=\"async\" loading=\"lazy\" width=\"824\" height=\"468\" src=\"https:\/\/notinor.com\/jujuy\/wp-content\/uploads\/2026\/01\/WARA.jpg\" alt=\"\" class=\"wp-image-437868\" srcset=\"https:\/\/notinor.com\/jujuy\/wp-content\/uploads\/2026\/01\/WARA.jpg 824w, https:\/\/notinor.com\/jujuy\/wp-content\/uploads\/2026\/01\/WARA-643x365.jpg 643w, https:\/\/notinor.com\/jujuy\/wp-content\/uploads\/2026\/01\/WARA-768x436.jpg 768w, https:\/\/notinor.com\/jujuy\/wp-content\/uploads\/2026\/01\/WARA-750x426.jpg 750w\" sizes=\"(max-width: 824px) 100vw, 824px\" \/><figcaption class=\"wp-element-caption\">Wara Calpanchay es de Susques y emocion\u00f3 a todos con su voz en Cosquin<\/figcaption><\/figure><\/div>\n\n\n<p><strong>Wara Calpanchay<\/strong>\u00a0fue la primera gran sorpresa del\u00a0<strong>Festival Nacional del Folklore Cosqu\u00edn 2026<\/strong>. La juje\u00f1a fue la ganadora solista vocal del\u00a0<strong>Pre-Cosqu\u00edn<\/strong>, lo que le permiti\u00f3 cantar anoche s\u00e1bado en la\u00a0<strong>Plaza Pr\u00f3spero Molina<\/strong>, y deslumbr\u00f3 al p\u00fablico.<\/p>\n\n\n<div class=\"wp-block-image\">\n<figure class=\"aligncenter size-full\"><img decoding=\"async\" loading=\"lazy\" width=\"836\" height=\"459\" src=\"https:\/\/notinor.com\/jujuy\/wp-content\/uploads\/2026\/01\/WARA1.jpg\" alt=\"\" class=\"wp-image-437869\" srcset=\"https:\/\/notinor.com\/jujuy\/wp-content\/uploads\/2026\/01\/WARA1.jpg 836w, https:\/\/notinor.com\/jujuy\/wp-content\/uploads\/2026\/01\/WARA1-660x362.jpg 660w, https:\/\/notinor.com\/jujuy\/wp-content\/uploads\/2026\/01\/WARA1-768x422.jpg 768w, https:\/\/notinor.com\/jujuy\/wp-content\/uploads\/2026\/01\/WARA1-750x412.jpg 750w\" sizes=\"(max-width: 836px) 100vw, 836px\" \/><figcaption class=\"wp-element-caption\">Wara junto a Rony en vivo<\/figcaption><\/figure><\/div>\n\n\n<p>Este domingo por la ma\u00f1ana pas\u00f3 por el programa de\u00a0<strong>Rony<\/strong>\u00a0en Vivo desde la\u00a0<strong>Confiter\u00eda Europea<\/strong>\u00a0y cont\u00f3 su historia:\u00a0\"Empec\u00e9 de changuita a los cuatro, gracias al jardincito que reci\u00e9n se armaba en mi comunidad. Pude cantar por primera vez en una radio, en una radio de pueblitos. Y a los ocho empec\u00e9 tambi\u00e9n como a empezar a componer junto a mi mami. Como en un momento de juego, \u00bfno? Tambi\u00e9n, y de experimentar\".<\/p>\n\n\n\n<p>\"Y como a los 11 a\u00f1os, empec\u00e9 a formarme dentro del sistema de orquestas infantos juveniles all\u00e1 por&nbsp;<strong>Jujuy<\/strong>, y bueno, de ah\u00ed no par\u00e9 dentro de la educaci\u00f3n art\u00edstica, como podemos llamarla\", le cont\u00f3 a&nbsp;<strong>Rony Vargas<\/strong>.<\/p>\n\n\n\n<p>Wara es cantante, violinista, actriz de la&nbsp;<strong>Puna<\/strong>&nbsp;y las&nbsp;<strong>Yungas<\/strong>&nbsp;juje\u00f1as.&nbsp;Protagonista del documental&nbsp;<strong>\u00c1nimu<\/strong>, que retrata su propia vida, su relaci\u00f3n con su abuela paterna, pastora de la Puna, referente de sus or\u00edgenes ind\u00edgenas.<\/p>\n\n\n\n<p><img decoding=\"async\" src=\"https:\/\/images-tools.cadena3.com\/tools\/r\/4ca0fe05-b07c-411e-81a0-39dcc72e370e.jpg?width=1200&amp;height=674\" alt=\"Wara Calpanchay en Rony en Vivo.\"><\/p>\n\n\n\n<p>Ella cuenta que su abuela le ense\u00f1\u00f3 muchas cosas, como por ejemplo, a valorar la comida. Y que cuando le contaba que so\u00f1aba con cantar en&nbsp;<strong>Cosqu\u00edn<\/strong>, ella le dec\u00eda: \u201cYo ya fui a&nbsp;<strong>Cosqu\u00edn<\/strong>, a vender mis tejidos\u201d. Por eso ha sido siempre su gran inspiraci\u00f3n.<\/p>\n\n\n\n<p><strong>Wara<\/strong>\u00a0tiene 21 a\u00f1os. Su nombre se origina en la palabra\u00a0<strong>Aymar\u00e1<\/strong>\u00a0que significa estrella.\u00a0Para llegar aqu\u00ed, junto con sus m\u00fasicos, hizo rifas y empanadas.<\/p>\n\n\n\n<p>Fuente Cadena 3<\/p>\n","protected":false},"excerpt":{"rendered":"<p>La joven cantante y violinista juje\u00f1a, deslumbr\u00f3 en la noche del s\u00e1bado en Cosqu\u00edn. Su historia de esfuerzo y dedicaci\u00f3n resuena en su actuaci\u00f3n.\u00a0 Wara Calpanchay\u00a0fue la primera gran sorpresa del\u00a0Festival Nacional del Folklore Cosqu\u00edn 2026. La juje\u00f1a fue la ganadora solista vocal del\u00a0Pre-Cosqu\u00edn, lo que le permiti\u00f3 cantar anoche s\u00e1bado en la\u00a0Plaza Pr\u00f3spero Molina, [&hellip;]<\/p>\n","protected":false},"author":5,"featured_media":437870,"comment_status":"open","ping_status":"open","sticky":false,"template":"","format":"standard","meta":{"_stopmodifiedupdate":false,"_modified_date":"","inline_featured_image":false,"spay_email":"","jetpack_publicize_message":""},"categories":[2],"tags":[],"jetpack_featured_media_url":"https:\/\/notinor.com\/jujuy\/wp-content\/uploads\/2026\/01\/wara-alpanchay.jpg","jetpack_publicize_connections":[],"_links":{"self":[{"href":"https:\/\/notinor.com\/jujuy\/wp-json\/wp\/v2\/posts\/437867"}],"collection":[{"href":"https:\/\/notinor.com\/jujuy\/wp-json\/wp\/v2\/posts"}],"about":[{"href":"https:\/\/notinor.com\/jujuy\/wp-json\/wp\/v2\/types\/post"}],"author":[{"embeddable":true,"href":"https:\/\/notinor.com\/jujuy\/wp-json\/wp\/v2\/users\/5"}],"replies":[{"embeddable":true,"href":"https:\/\/notinor.com\/jujuy\/wp-json\/wp\/v2\/comments?post=437867"}],"version-history":[{"count":1,"href":"https:\/\/notinor.com\/jujuy\/wp-json\/wp\/v2\/posts\/437867\/revisions"}],"predecessor-version":[{"id":437871,"href":"https:\/\/notinor.com\/jujuy\/wp-json\/wp\/v2\/posts\/437867\/revisions\/437871"}],"wp:featuredmedia":[{"embeddable":true,"href":"https:\/\/notinor.com\/jujuy\/wp-json\/wp\/v2\/media\/437870"}],"wp:attachment":[{"href":"https:\/\/notinor.com\/jujuy\/wp-json\/wp\/v2\/media?parent=437867"}],"wp:term":[{"taxonomy":"category","embeddable":true,"href":"https:\/\/notinor.com\/jujuy\/wp-json\/wp\/v2\/categories?post=437867"},{"taxonomy":"post_tag","embeddable":true,"href":"https:\/\/notinor.com\/jujuy\/wp-json\/wp\/v2\/tags?post=437867"}],"curies":[{"name":"wp","href":"https:\/\/api.w.org\/{rel}","templated":true}]}}