{"id":437863,"date":"2026-01-27T12:35:11","date_gmt":"2026-01-27T15:35:11","guid":{"rendered":"https:\/\/notinor.com\/jujuy\/?p=437863"},"modified":"2026-01-27T12:37:24","modified_gmt":"2026-01-27T15:37:24","slug":"el-gobierno-amplio-el-temario-de-las-sesiones-extraordinarias-e-incluyo-la-ley-penal-juvenil","status":"publish","type":"post","link":"https:\/\/notinor.com\/jujuy\/el-gobierno-amplio-el-temario-de-las-sesiones-extraordinarias-e-incluyo-la-ley-penal-juvenil\/","title":{"rendered":"El Gobierno ampli\u00f3 el temario de las sesiones extraordinarias e incluy\u00f3 la Ley Penal Juvenil"},"content":{"rendered":"\n<p class=\"has-medium-font-size\"><strong><em>El eje central de la propuesta es la reducci\u00f3n de la edad de imputabilidad, que el Gobierno impulsa fijar en 13 a\u00f1os. Qu\u00e9 m\u00e1s plantea<\/em><\/strong>.<\/p>\n\n\n<div class=\"wp-block-image\">\n<figure class=\"aligncenter size-large\"><img decoding=\"async\" loading=\"lazy\" width=\"840\" height=\"399\" src=\"https:\/\/notinor.com\/jujuy\/wp-content\/uploads\/2026\/01\/CONGRESO-840x399.jpg\" alt=\"\" class=\"wp-image-437864\" srcset=\"https:\/\/notinor.com\/jujuy\/wp-content\/uploads\/2026\/01\/CONGRESO-840x399.jpg 840w, https:\/\/notinor.com\/jujuy\/wp-content\/uploads\/2026\/01\/CONGRESO-660x314.jpg 660w, https:\/\/notinor.com\/jujuy\/wp-content\/uploads\/2026\/01\/CONGRESO-768x365.jpg 768w, https:\/\/notinor.com\/jujuy\/wp-content\/uploads\/2026\/01\/CONGRESO-750x357.jpg 750w, https:\/\/notinor.com\/jujuy\/wp-content\/uploads\/2026\/01\/CONGRESO.jpg 919w\" sizes=\"(max-width: 840px) 100vw, 840px\" \/><figcaption class=\"wp-element-caption\">Sesiones extraordinarias del Congreso, se incorpora al temario el del R\u00e9gimen Penal Juvenil<\/figcaption><\/figure><\/div>\n\n\n<p>El Poder Ejecutivo nacional oficializ\u00f3 la incorporaci\u00f3n del <strong>R\u00e9gimen Penal Juvenil <\/strong>al temario de las sesiones extraordinarias del Congreso, mediante el&nbsp;<strong>decreto 53\/2026<\/strong>, publicado este martes. De este modo, el debate legislativo sobre una eventual reforma del sistema penal aplicable a adolescentes qued\u00f3 habilitado para su tratamiento a partir del&nbsp;<strong>2 de febrero<\/strong>, fecha en la que comenzar\u00e1 el per\u00edodo de sesiones de verano.<\/p>\n\n\n\n<p>La iniciativa apunta a&nbsp;<strong>reemplazar la Ley de Minoridad vigente<\/strong>&nbsp;por un nuevo marco normativo que establezca un r\u00e9gimen de responsabilidad penal juvenil. El eje central de la propuesta es la&nbsp;<strong>reducci\u00f3n de la edad de imputabilidad<\/strong>, que el Gobierno impulsa fijar en&nbsp;<strong>13 a\u00f1os<\/strong>, aunque reconoce que ese punto ser\u00e1 objeto de negociaci\u00f3n parlamentaria.<\/p>\n\n\n\n<p><strong>Anticipo pol\u00edtico y definici\u00f3n en Casa Rosada<\/strong><\/p>\n\n\n\n<p>La decisi\u00f3n hab\u00eda sido anticipada por el jefe de Gabinete,&nbsp;<strong>Manuel Adorni<\/strong>, quien confirm\u00f3 la ampliaci\u00f3n del temario tras una reuni\u00f3n de la mesa pol\u00edtica del oficialismo en Casa Rosada. A trav\u00e9s de su cuenta en la red social X, se\u00f1al\u00f3 que la Ley Penal Juvenil formar\u00eda parte de las sesiones extraordinarias, dando por cerrado el debate interno.<\/p>\n\n\n\n<p>En ese encuentro participaron figuras clave del Gobierno, entre ellas&nbsp;<strong>Karina Milei<\/strong>, secretaria de Gobierno y hermana del Presidente; el ministro del Interior,&nbsp;<strong>Diego Santilli<\/strong>; el titular de Econom\u00eda,&nbsp;<strong>Luis \"Toto\" Caputo<\/strong>; el presidente de la C\u00e1mara de Diputados,&nbsp;<strong>Mart\u00edn Menem<\/strong>; y la senadora nacional y ex ministra de Seguridad,&nbsp;<strong>Patricia Bullrich<\/strong>. Tambi\u00e9n estuvieron presentes&nbsp;<strong>Santiago Caputo<\/strong>, Adorni y el secretario de Estrategia,&nbsp;<strong>Ignacio Devitt<\/strong>.<\/p>\n\n\n\n<p><strong>B\u00fasqueda de consensos y antecedentes legislativos<\/strong><\/p>\n\n\n\n<p>Dentro del Ejecutivo, el debate sobre la <strong>Ley Penal Juvenil<\/strong>&nbsp;se concentra en&nbsp;<strong>dos ejes principales<\/strong>: los tiempos legislativos y la necesidad de&nbsp;<strong>construir consensos con la oposici\u00f3n<\/strong>. Seg\u00fan fuentes oficiales, el Gobierno pretende avanzar con el mayor respaldo pol\u00edtico posible, por lo que impulsa la&nbsp;<strong>unificaci\u00f3n de los distintos proyectos<\/strong>&nbsp;presentados por los bloques parlamentarios.<\/p>\n\n\n\n<p>El tratamiento del tema no es nuevo en el Congreso. En&nbsp;<strong>agosto de 2024<\/strong>, la iniciativa fue analizada en las comisiones de&nbsp;<strong>Legislaci\u00f3n Penal; Familias, Ni\u00f1ez y Juventudes; Justicia; y Presupuesto y Hacienda<\/strong>&nbsp;de la C\u00e1mara de Diputados. Ese trabajo deriv\u00f3 en un dictamen aprobado en&nbsp;<strong>mayo de 2025<\/strong>, que sirve como antecedente para la discusi\u00f3n actual.<\/p>\n\n\n\n<p><strong>El rol del Ministerio de Justicia<\/strong><\/p>\n\n\n\n<p>El proyecto que obtuvo dictamen fue elaborado en el&nbsp;<strong>Ministerio de Justicia<\/strong>, encabezado por&nbsp;<strong>Mariano C\u00faneo Libarona<\/strong>, en coordinaci\u00f3n con el secretario de Justicia,&nbsp;<strong>Sebasti\u00e1n Amerio<\/strong>, junto a la Subsecretar\u00eda de Pol\u00edtica Criminal y la Direcci\u00f3n de T\u00e9cnica Legislativa de la cartera.<\/p>\n\n\n\n<p>Uno de los puntos m\u00e1s sensibles del debate es la&nbsp;<strong>edad m\u00ednima de imputabilidad<\/strong>. Mientras el Gobierno sostiene la conveniencia de fijarla en 13 a\u00f1os, el consenso alcanzado en comisiones hab\u00eda establecido el l\u00edmite en&nbsp;<strong>14 a\u00f1os<\/strong>. Desde el oficialismo admiten que ese aspecto permanece abierto y que podr\u00eda ajustarse para facilitar acuerdos con aliados y sectores de la oposici\u00f3n.<\/p>\n\n\n\n<p><strong>Impacto del contexto y agenda parlamentaria<\/strong><\/p>\n\n\n\n<p>El cronograma legislativo tambi\u00e9n influye en la din\u00e1mica del debate. Las sesiones extraordinarias se extender\u00e1n del&nbsp;<strong>2 al 27 de febrero<\/strong>, aunque no se descarta que el tratamiento de la Ley Penal Juvenil contin\u00fae m\u00e1s all\u00e1 de ese per\u00edodo.<\/p>\n\n\n\n<p>La reactivaci\u00f3n del tema se vio impulsada por el&nbsp;<strong>asesinato de Jerem\u00edas Monz\u00f3n<\/strong>, un adolescente de 15 a\u00f1os ocurrido en Santa Fe, que gener\u00f3 una fuerte repercusi\u00f3n p\u00fablica y volvi\u00f3 a colocar la discusi\u00f3n sobre la responsabilidad penal juvenil en el centro de la agenda pol\u00edtica.<\/p>\n\n\n\n<p>En paralelo, la actividad parlamentaria comenzar\u00e1 con el tratamiento de la&nbsp;<strong>Reforma Laboral<\/strong>, una de las prioridades del presidente&nbsp;<strong>Javier Milei<\/strong>. Adem\u00e1s, el temario incluye la&nbsp;<strong>Ley de Glaciares<\/strong>, el&nbsp;<strong>Acuerdo Mercosur\u2013Uni\u00f3n Europea<\/strong>&nbsp;y la designaci\u00f3n del diputado del PRO&nbsp;<strong>Fernando Iglesias<\/strong>&nbsp;como embajador extraordinario y plenipotenciario, conforme a la Ley del Servicio Exterior.<\/p>\n\n\n\n<p>Desde el Gobierno no descartan sumar nuevas iniciativas. \"Repasamos la reforma laboral y definimos la estrategia parlamentaria para las sesiones extraordinarias. Es probable que el temario se ampl\u00ede\", sintetiz\u00f3 un funcionario tras la reuni\u00f3n en Casa Rosada.<\/p>\n\n\n\n<p>Fuente IProfesional<\/p>\n","protected":false},"excerpt":{"rendered":"<p>El eje central de la propuesta es la reducci\u00f3n de la edad de imputabilidad, que el Gobierno impulsa fijar en 13 a\u00f1os. Qu\u00e9 m\u00e1s plantea. El Poder Ejecutivo nacional oficializ\u00f3 la incorporaci\u00f3n del R\u00e9gimen Penal Juvenil al temario de las sesiones extraordinarias del Congreso, mediante el&nbsp;decreto 53\/2026, publicado este martes. De este modo, el debate [&hellip;]<\/p>\n","protected":false},"author":5,"featured_media":437864,"comment_status":"open","ping_status":"open","sticky":false,"template":"","format":"standard","meta":{"_stopmodifiedupdate":false,"_modified_date":"","inline_featured_image":false,"spay_email":"","jetpack_publicize_message":""},"categories":[501],"tags":[],"jetpack_featured_media_url":"https:\/\/notinor.com\/jujuy\/wp-content\/uploads\/2026\/01\/CONGRESO.jpg","jetpack_publicize_connections":[],"_links":{"self":[{"href":"https:\/\/notinor.com\/jujuy\/wp-json\/wp\/v2\/posts\/437863"}],"collection":[{"href":"https:\/\/notinor.com\/jujuy\/wp-json\/wp\/v2\/posts"}],"about":[{"href":"https:\/\/notinor.com\/jujuy\/wp-json\/wp\/v2\/types\/post"}],"author":[{"embeddable":true,"href":"https:\/\/notinor.com\/jujuy\/wp-json\/wp\/v2\/users\/5"}],"replies":[{"embeddable":true,"href":"https:\/\/notinor.com\/jujuy\/wp-json\/wp\/v2\/comments?post=437863"}],"version-history":[{"count":2,"href":"https:\/\/notinor.com\/jujuy\/wp-json\/wp\/v2\/posts\/437863\/revisions"}],"predecessor-version":[{"id":437866,"href":"https:\/\/notinor.com\/jujuy\/wp-json\/wp\/v2\/posts\/437863\/revisions\/437866"}],"wp:featuredmedia":[{"embeddable":true,"href":"https:\/\/notinor.com\/jujuy\/wp-json\/wp\/v2\/media\/437864"}],"wp:attachment":[{"href":"https:\/\/notinor.com\/jujuy\/wp-json\/wp\/v2\/media?parent=437863"}],"wp:term":[{"taxonomy":"category","embeddable":true,"href":"https:\/\/notinor.com\/jujuy\/wp-json\/wp\/v2\/categories?post=437863"},{"taxonomy":"post_tag","embeddable":true,"href":"https:\/\/notinor.com\/jujuy\/wp-json\/wp\/v2\/tags?post=437863"}],"curies":[{"name":"wp","href":"https:\/\/api.w.org\/{rel}","templated":true}]}}