{"id":437836,"date":"2026-01-26T21:41:00","date_gmt":"2026-01-27T00:41:00","guid":{"rendered":"https:\/\/notinor.com\/jujuy\/?p=437836"},"modified":"2026-01-27T10:07:52","modified_gmt":"2026-01-27T13:07:52","slug":"cursos-sobre-imagen-digital-y-como-emprender-cuando-no-se-cuenta-con-capital-para-emprendedores","status":"publish","type":"post","link":"https:\/\/notinor.com\/jujuy\/cursos-sobre-imagen-digital-y-como-emprender-cuando-no-se-cuenta-con-capital-para-emprendedores\/","title":{"rendered":"Cursos sobre Imagen digital y c\u00f3mo Emprender cuando no se cuenta con capital para emprendedores"},"content":{"rendered":"\n<p><strong><em>Con el objetivo de acompa\u00f1ar el crecimiento de los proyectos locales, el Club de Emprendedores de la Municipalidad de San Salvador convoca a emprendedores y p\u00fablico en general a participar de diferentes cursos formativos. El primero tiene que ver con \u201cEmprender cuando no se cuenta con capital ni experiencia previa\u201d, prevista para el d\u00eda\u00a0martes 27 de 10 a 12 horas\u00a0en las instalaciones del Club de Emprendedores Av. Espa\u00f1a 1500. Los interesados pueden acceder al siguiente link para realizar la preinscripci\u00f3n\u00a0<a href=\"https:\/\/forms.gle\/13d4PUTevqRoW4Mx7\">https:\/\/forms.gle\/13d4PUTevqRoW4Mx7<\/a>.<\/em><\/strong><\/p>\n\n\n\n<figure class=\"wp-block-image\"><img decoding=\"async\" src=\"https:\/\/www.sansalvadordejujuy.gob.ar\/wp-content\/uploads\/2026\/01\/taller-emprendedor-774x1024.jpg\" alt=\"\" class=\"wp-image-99550\"\/><\/figure>\n\n\n\n<p>En cuanto a los detalles del curso estar\u00e1 dictado por <strong>Candela Pisano<\/strong>, emprendedora y creadora de la marca Churro Queen. &nbsp;Los ejes que se abordaran est\u00e1n relacionados a la fe y la confianza como motores en etapas iniciales; Tomar decisiones sin certezas absolutas; Aprender en el camino sin paralizarse por el error y Construir seguridad personal mientras el proyecto se desarrolla. Se aclar\u00f3 que no se requiere conocimiento previo, solo las ganas de sumergirte en el mundo emprendedor.<\/p>\n\n\n\n<p>El segundo taller tiene que ver con Imagen digital + IA para emprendedores, a dictarse el d\u00eda&nbsp;<strong>jueves 29 de enero de 18 a 20.<\/strong>&nbsp;La actividad te brindar\u00e1 una nueva propuesta para ayudarte a mejorar tus habilidades fotogr\u00e1ficas.<\/p>\n\n\n\n<figure class=\"wp-block-image\"><img decoding=\"async\" src=\"https:\/\/www.sansalvadordejujuy.gob.ar\/wp-content\/uploads\/2026\/01\/taller-2-emprernder-818x1024.jpg\" alt=\"\" class=\"wp-image-99551\"\/><\/figure>\n\n\n\n<p>&nbsp;El encuentro estar\u00e1 a cargo de Malu Habil, Licenciada en Artes Esc\u00e9nicas y directora de Metaarte, creadora de Meta Foto. La inversi\u00f3n tiene un costo de $12.000; se requiere pre inscripci\u00f3n y participa en el al grupo de WhatsApp&nbsp;<a href=\"https:\/\/chat.whatsapp.com\/Dzyqt3Mi3WdLGKqJBD29Vu\">https:\/\/chat.whatsapp.com\/Dzyqt3Mi3WdLGKqJBD29Vu<\/a>.<\/p>\n","protected":false},"excerpt":{"rendered":"<p>Con el objetivo de acompa\u00f1ar el crecimiento de los proyectos locales, el Club de Emprendedores de la Municipalidad de San Salvador convoca a emprendedores y p\u00fablico en general a participar de diferentes cursos formativos. El primero tiene que ver con \u201cEmprender cuando no se cuenta con capital ni experiencia previa\u201d, prevista para el d\u00eda\u00a0martes 27 [&hellip;]<\/p>\n","protected":false},"author":5,"featured_media":437837,"comment_status":"open","ping_status":"open","sticky":false,"template":"","format":"standard","meta":{"_stopmodifiedupdate":false,"_modified_date":"","inline_featured_image":false,"spay_email":"","jetpack_publicize_message":""},"categories":[514],"tags":[],"jetpack_featured_media_url":"https:\/\/notinor.com\/jujuy\/wp-content\/uploads\/2026\/01\/CURSO.jpg","jetpack_publicize_connections":[],"_links":{"self":[{"href":"https:\/\/notinor.com\/jujuy\/wp-json\/wp\/v2\/posts\/437836"}],"collection":[{"href":"https:\/\/notinor.com\/jujuy\/wp-json\/wp\/v2\/posts"}],"about":[{"href":"https:\/\/notinor.com\/jujuy\/wp-json\/wp\/v2\/types\/post"}],"author":[{"embeddable":true,"href":"https:\/\/notinor.com\/jujuy\/wp-json\/wp\/v2\/users\/5"}],"replies":[{"embeddable":true,"href":"https:\/\/notinor.com\/jujuy\/wp-json\/wp\/v2\/comments?post=437836"}],"version-history":[{"count":2,"href":"https:\/\/notinor.com\/jujuy\/wp-json\/wp\/v2\/posts\/437836\/revisions"}],"predecessor-version":[{"id":437839,"href":"https:\/\/notinor.com\/jujuy\/wp-json\/wp\/v2\/posts\/437836\/revisions\/437839"}],"wp:featuredmedia":[{"embeddable":true,"href":"https:\/\/notinor.com\/jujuy\/wp-json\/wp\/v2\/media\/437837"}],"wp:attachment":[{"href":"https:\/\/notinor.com\/jujuy\/wp-json\/wp\/v2\/media?parent=437836"}],"wp:term":[{"taxonomy":"category","embeddable":true,"href":"https:\/\/notinor.com\/jujuy\/wp-json\/wp\/v2\/categories?post=437836"},{"taxonomy":"post_tag","embeddable":true,"href":"https:\/\/notinor.com\/jujuy\/wp-json\/wp\/v2\/tags?post=437836"}],"curies":[{"name":"wp","href":"https:\/\/api.w.org\/{rel}","templated":true}]}}