{"id":437806,"date":"2026-01-26T13:09:59","date_gmt":"2026-01-26T16:09:59","guid":{"rendered":"https:\/\/notinor.com\/jujuy\/?p=437806"},"modified":"2026-01-26T13:10:01","modified_gmt":"2026-01-26T16:10:01","slug":"el-gobierno-sumara-la-ley-penal-juvenil-al-temario-para-tratar-en-extraordinarias","status":"publish","type":"post","link":"https:\/\/notinor.com\/jujuy\/el-gobierno-sumara-la-ley-penal-juvenil-al-temario-para-tratar-en-extraordinarias\/","title":{"rendered":"El Gobierno sumar\u00e1 la Ley Penal Juvenil al temario para tratar en extraordinarias"},"content":{"rendered":"\n<p class=\"has-medium-font-size\"><strong><em>Con asistencia perfecta, los actores involucrados se dieron cita en las oficinas del Ministerio del Interior bajo la supervisi\u00f3n de Karina Milei. Se esperan nuevos anuncios<\/em><\/strong><\/p>\n\n\n\n<p class=\"has-text-align-center\"><img decoding=\"async\" loading=\"lazy\" height=\"1330\" width=\"2048\" src=\"https:\/\/www.infobae.com\/resizer\/v2\/YM7V63UJNRH6BLPC2EA677EKDA.jpg?auth=16a3d4f64d0d9ff7fadfc6b2bd29732820a9e0d3ca15d3ced298f69238b45b4f&amp;smart=true&amp;width=350&amp;height=227&amp;quality=85\" alt=\"La mesa pol\u00edtica se reuni\u00f3\">La mesa pol\u00edtica se reuni\u00f3 en Casa Rosada<\/p>\n\n\n\n<p>La quietud que caracteriz\u00f3 los primeros d\u00edas de enero en Casa Rosada se vio quebrada esta ma\u00f1ana a ra\u00edz de la convocatoria a una nueva reuni\u00f3n de mesa pol\u00edtica que se dio cita por dos horas. A plantel completo, los elegidos por el presidente&nbsp;<strong>Javier Milei&nbsp;<\/strong>para desplegar la estrategia legislativa&nbsp;<strong>discutieron en detalle el temario<\/strong>&nbsp;y sumaron el tratamiento de la&nbsp;<strong>Ley Penal Juvenil,<\/strong>&nbsp;que aspira a reducir a 14 a\u00f1os la edad de imputabilidad, que intentar\u00e1n aprobar durante el per\u00edodo de sesiones extraordinarinas en el Congreso Nacional.<\/p>\n\n\n\n<p>El lunes pr\u00f3ximo, 2 de febrero, la actividad en ambas c\u00e1maras iniciar\u00e1 formalmente con la intenci\u00f3n de discutir y tratar centralmente la&nbsp;<strong>Reforma Laboral<\/strong>, una de las obsesiones del mandatario, pero tambi\u00e9n otros temas pendientes. Pese a haber anticipado un temario con la oficializaci\u00f3n de la pr\u00f3rroga legislativa, los alfiles negociadores<strong>&nbsp;avanzaron en la incorporaci\u00f3n del proyecto que reducir\u00e1 la edad&nbsp;<\/strong><strong>de imputabilidad<\/strong><strong>.<\/strong><\/p>\n\n\n\n<p>A trav\u00e9s de su cuenta de X, el jefe de Gabinete,<strong>&nbsp;Manuel Adorni<\/strong>, anticip\u00f3 el anuncio: \"Reunidos en Casa Rosada desde temprano.&nbsp;<strong>La Ley Penal Juvenil tambi\u00e9n formar\u00e1 parte del temario de las sesiones extraordinarias<\/strong>.<strong>&nbsp;Fin\".<\/strong><\/p>\n\n\n\n<p>Importantes fuentes asistentes en el intercambio anticiparon a&nbsp;<strong>Infobae no descartaban&nbsp;<\/strong>la sumatoria de nuevos proyectos para abultar el temario que hasta entonces incluye Reforma Laboral, Ley de Glaciares, Acuerdo Mercosur - Uni\u00f3n Europea y la designaci\u00f3n del legislador del PRO Fernando Iglesiascomo embajador extraordinario y plenipotenciario, conforme a la Ley del Servicio Exterior de la Naci\u00f3n N\u00ba 20.957.<\/p>\n\n\n\n<p>\u201cRepasamos la reforma laboral y definiemos la estrategia parlamentaria para las sesiones extraordinarias. A<strong>dem\u00e1s, es probable que se ampl\u00ede el temario de las mismas porque hay m\u00e1s\u201d<\/strong>, sintetiz\u00f3 un funcionario a este medio.<\/p>\n\n\n\n<p>Como cont\u00f3 este medio, la idea de reducir la edad de imputabilidad sobrevolaba en el Ejecutivo que este lunes resolvi\u00f3&nbsp;<strong>incorporar el proyecto que reducir\u00e1 a 14 a\u00f1os la edad de imputabilidad&nbsp;<\/strong>al temario para ser tratado en extraordinarias. Los desginados para la tarea trabajaron sobre el articulado ya presentado, pero implementaron algunos cambios.<\/p>\n\n\n\n<p>Asimismo, la Reforma del C\u00f3digo Penal, que contempla una reducci\u00f3n de 16 a 14 a\u00f1os para poder juzgar menores,\u00a0<strong>se postergar\u00eda para marzo.\u00a0<\/strong>En una primera instancia, en diciembre, la idea del mandatario era tratarla, pero con las miras puestas en concentrar esfuerzos para sancionar la Reforma Laboral, el Poder Ejecutivo<strong>\u00a0pospuso su tratamiento para el a\u00f1o legislativo que iniciar\u00e1 a partiro del 1\u00b0 de marzo.<\/strong><\/p>\n\n\n\n<p class=\"has-text-align-center\"><img decoding=\"async\" loading=\"lazy\" height=\"1066\" width=\"1600\" src=\"https:\/\/www.infobae.com\/resizer\/v2\/72R6FGYPFJH5FINYR4H3CTBVUI.jpeg?auth=bbd0dda5d6bc55e6fed5907995d8b10280059922c1a283f0b59cb7ca12f40e5c&amp;smart=true&amp;width=350&amp;height=233&amp;quality=85\" alt=\"Parte de la mesa chica.\">Parte de la mesa chica. La jefa de bloque de LLA en el Senado, Patricia Bullrich; el ministro del Interior, Diego Santilli; y el titular de la C\u00e1mara de Diputados, Mart\u00edn Menem<\/p>\n\n\n\n<p>En los \u00faltimos d\u00edas, la complejidad del caso de <strong>Jerem\u00edas Monz\u00f3n,<\/strong> el joven de 15 a\u00f1os torturado y asesinado en Santa Fe, recuper\u00f3 el debate y oblig\u00f3 a la administraci\u00f3n libertario a retomar el tema.<\/p>\n\n\n\n<p>Como cont\u00f3 este medio, hay algunas particularidades de la lista de temas a ser tratados en los pr\u00f3ximos d\u00edas que son sometidos a exhaustiva revisi\u00f3n. Luego de que el&nbsp;<strong>Parlamento Europeo remitiera el acuerdo con el Mercosur al Tribunal de Justicia de la Uni\u00f3n Europea<\/strong>, en Casa Rosada eval\u00faan si tratarlo durante el mes de febrero.<\/p>\n\n\n\n<p>De resolver avanzar con su tratamiento legislativo tal cual estaba previsto, ingresar\u00eda por la C\u00e1mara de Diputados. Sin embargo<strong>, todav\u00eda no fue enviado formalmente&nbsp;<\/strong>y hay un sector que se muestra partidario a posponer el debate dado que si se trata y aprueba, pero el Parlamento Europeo logra resistirlo, carecer\u00eda de sentido el accionar del Congreso Nacional.<\/p>\n\n\n\n<p>Esta ma\u00f1ana, el entendimiento forma parte central de la lista de pendientes de las espaldas negociadoras que se anoticiaron del accionar de los parlamentarios del Viejo Continente con la secretaria general de la Presidencia,\u00a0<strong>Karina Milei,\u00a0<\/strong>en Davos.<\/p>\n\n\n\n<p class=\"has-text-align-center\"><img decoding=\"async\" loading=\"lazy\" height=\"1080\" width=\"1920\" src=\"https:\/\/www.infobae.com\/resizer\/v2\/O3YJUD7JCFFC5E4LJ7ATSML5FE.jpg?auth=b2357d4822c984687c19fae0d670610286459dc0122621190b016649f10abf3e&amp;smart=true&amp;width=350&amp;height=197&amp;quality=85\" alt=\"El asesor presidencial, Santiago Caputo,\">El asesor presidencial, Santiago Caputo, ingresa a Casa Rosada <\/p>\n\n\n\n<p>Con un complejo cronograma de actividades, el jefe de Gabinete,<strong>&nbsp;Manuel Adorni<\/strong>, quien convoca formalmente los intercambios que se dan en sus despachos ubicados en la planta baja de Casa Rosada,&nbsp;<strong>debi\u00f3 anticipar la reuni\u00f3n prevista para la tarde de hoy<\/strong>. Lo cierto es que el ministro del Interior,<strong>&nbsp;Diego Santilli<\/strong>, fue el primero en abandonar el intercambio, pasadas las 10.30 con intenciones de viajar rumbo a la ciudad costera de&nbsp;<strong>Mar del Plata,&nbsp;<\/strong>destino que visitar\u00e1 el mandatario libertario esta tarde para recorrer la zona c\u00e9ntrica marplantese y participar de la&nbsp;<strong>Derecha Fest<\/strong>&nbsp;que se celebra este martes.<\/p>\n\n\n\n<p>La menor de los Milei se ausent\u00f3 de los \u00faltimos tres encuentros de la mesa reducida, pero para este lunes&nbsp;<strong>se present\u00f3 e incluso accedi\u00f3 a inmortalizar el intercambio con la primera foto<\/strong>. El primero en llegar esta ma\u00f1ana a Casa Rosada fue el jefe de Gabinete, antes de las 8, y fue secundado por&nbsp;<strong>Diego Santilli&nbsp;<\/strong>a las 8.45, quien se retir\u00f3 media hora antes.<\/p>\n\n\n\n<p>El asesor presidencial,&nbsp;<strong>Santiago Caputo,<\/strong>&nbsp;desfil\u00f3 por el Sal\u00f3n de los Bustos y minutos despu\u00e9s hicieron lo propio el titular de la C\u00e1mara de Diputados,&nbsp;<strong>Mart\u00edn Menem,&nbsp;<\/strong>y la jefa de bloque de La Libertad Avanza en el Senado,&nbsp;<strong>Patricia Bullrich,<\/strong>&nbsp;quienes ingresaron juntos.<\/p>\n\n\n\n<p>El \u00faltimo en llegar fue el ministro de Econom\u00eda,\u00a0<strong>Luis Caputo,\u00a0<\/strong>que pese a no integrar formalmente la mesa, su presencia es clave a la hora de desentramar definiciones que requieren\u00a0<strong>habilitaci\u00f3n de fondos y la revisi\u00f3n de n\u00fameros de la gesti\u00f3n.\u00a0<\/strong>Completa la lista de asistentes el secretario de Asuntos Estrat\u00e9gicos,<strong>\u00a0Ignacio Devitt,<\/strong>\u00a0que opera como nexo entra la Rosada y el Congreso.<\/p>\n\n\n\n<p>Fuente Infobae<\/p>\n","protected":false},"excerpt":{"rendered":"<p>Con asistencia perfecta, los actores involucrados se dieron cita en las oficinas del Ministerio del Interior bajo la supervisi\u00f3n de Karina Milei. Se esperan nuevos anuncios La mesa pol\u00edtica se reuni\u00f3 en Casa Rosada La quietud que caracteriz\u00f3 los primeros d\u00edas de enero en Casa Rosada se vio quebrada esta ma\u00f1ana a ra\u00edz de la [&hellip;]<\/p>\n","protected":false},"author":5,"featured_media":437807,"comment_status":"open","ping_status":"open","sticky":false,"template":"","format":"standard","meta":{"_stopmodifiedupdate":false,"_modified_date":"","inline_featured_image":false,"spay_email":"","jetpack_publicize_message":""},"categories":[501],"tags":[],"jetpack_featured_media_url":"https:\/\/notinor.com\/jujuy\/wp-content\/uploads\/2026\/01\/GOBIERNO.jpg","jetpack_publicize_connections":[],"_links":{"self":[{"href":"https:\/\/notinor.com\/jujuy\/wp-json\/wp\/v2\/posts\/437806"}],"collection":[{"href":"https:\/\/notinor.com\/jujuy\/wp-json\/wp\/v2\/posts"}],"about":[{"href":"https:\/\/notinor.com\/jujuy\/wp-json\/wp\/v2\/types\/post"}],"author":[{"embeddable":true,"href":"https:\/\/notinor.com\/jujuy\/wp-json\/wp\/v2\/users\/5"}],"replies":[{"embeddable":true,"href":"https:\/\/notinor.com\/jujuy\/wp-json\/wp\/v2\/comments?post=437806"}],"version-history":[{"count":1,"href":"https:\/\/notinor.com\/jujuy\/wp-json\/wp\/v2\/posts\/437806\/revisions"}],"predecessor-version":[{"id":437808,"href":"https:\/\/notinor.com\/jujuy\/wp-json\/wp\/v2\/posts\/437806\/revisions\/437808"}],"wp:featuredmedia":[{"embeddable":true,"href":"https:\/\/notinor.com\/jujuy\/wp-json\/wp\/v2\/media\/437807"}],"wp:attachment":[{"href":"https:\/\/notinor.com\/jujuy\/wp-json\/wp\/v2\/media?parent=437806"}],"wp:term":[{"taxonomy":"category","embeddable":true,"href":"https:\/\/notinor.com\/jujuy\/wp-json\/wp\/v2\/categories?post=437806"},{"taxonomy":"post_tag","embeddable":true,"href":"https:\/\/notinor.com\/jujuy\/wp-json\/wp\/v2\/tags?post=437806"}],"curies":[{"name":"wp","href":"https:\/\/api.w.org\/{rel}","templated":true}]}}