{"id":437711,"date":"2026-01-22T22:59:00","date_gmt":"2026-01-23T01:59:00","guid":{"rendered":"https:\/\/notinor.com\/jujuy\/?p=437711"},"modified":"2026-01-22T10:59:15","modified_gmt":"2026-01-22T10:59:15","slug":"personal-de-cruz-roja-capacito-sobre-uso-de-desfibrilador-en-la-direccion-de-deporte","status":"publish","type":"post","link":"https:\/\/notinor.com\/jujuy\/personal-de-cruz-roja-capacito-sobre-uso-de-desfibrilador-en-la-direccion-de-deporte\/","title":{"rendered":"Personal de Cruz Roja capacit\u00f3 sobre uso de desfibrilador en la Direcci\u00f3n de Deporte \u00a0"},"content":{"rendered":"\n<p><strong><em>A los fines de garantizar un entorno seguro para los vecinos, se llev\u00f3 a cabo una capacitaci\u00f3n clave en la Direcci\u00f3n de Deportes ubicada en el Parque San Martin, sobre el uso del Desfibrilador Externo Autom\u00e1tico (DEA); formaci\u00f3n que resulta una herramienta vital para actuar ante emergencias. La instrucci\u00f3n estuvo a cargo de especialistas de la Cruz Roja, quienes desarrollaron la jornada en una sede cedida por el municipio para fortalecer el v\u00ednculo entre instituciones y la seguridad ciudadana.<\/em><\/strong><\/p>\n\n\n<div class=\"wp-block-image\">\n<figure class=\"aligncenter\"><img decoding=\"async\" src=\"https:\/\/www.sansalvadordejujuy.gob.ar\/wp-content\/uploads\/2026\/01\/Capacitacion-de-cruz-roja-en-punta-del-parque-Prensa-Muni-Jujuy-1024x562.jpg\" alt=\"\" class=\"wp-image-99451\"\/><\/figure><\/div>\n\n\n<p>Al respecto, el secretario de Desarrollo Humano, <strong>Rodrigo Altea <\/strong>destac\u00f3 la importancia de la capacitaci\u00f3n que se llev\u00f3 adelante en la direcci\u00f3n de Deporte vinculada al uso del desfibrilador externo autom\u00e1tico, \u201cuna herramienta fundamental teniendo en cuenta la gran cantidad de ni\u00f1os, j\u00f3venes y vecinos que asisten diariamente a este espacio del Parque San Mart\u00edn\u201d.<\/p>\n\n\n\n<p>En ese marco, subray\u00f3 \u201cel valor de la alianza estrat\u00e9gica con la Cruz Roja, que permitir\u00e1 que la Punta del Parque cuente con una sede permanente de esta instituci\u00f3n. All\u00ed se desarrollar\u00e1n capacitaciones tanto para el personal municipal como para la comunidad en general, y se avanzar\u00e1 en la creaci\u00f3n de una zona segura mediante la instalaci\u00f3n de un desfibrilador, uno de los tres que se colocar\u00e1n en distintos puntos del municipio. Este dispositivo quedar\u00e1 ubicado en la Punta del Parque y contar\u00e1 con personal debidamente capacitado para su uso\u201d, asevero Altea. &nbsp;<\/p>\n\n\n<div class=\"wp-block-image\">\n<figure class=\"aligncenter\"><img decoding=\"async\" src=\"https:\/\/www.sansalvadordejujuy.gob.ar\/wp-content\/uploads\/2026\/01\/Capacitacion-de-cruz-roja-en-punta-del-parque-Prensa-Muni-Jujuy2-1024x588.jpg\" alt=\"\" class=\"wp-image-99453\"\/><\/figure><\/div>\n\n\n<p>Finalmente, expres\u00f3 \u201cestamos generando un espacio seguro en un lugar donde los vecinos vienen a caminar, trotar correr, y realizar distintas actividades deportivas, adem\u00e1s de las propuestas que ofrece el municipio. Por eso, contar con esta alianza con un organismo internacional, que nos permite trabajar de manera conjunta, es una estrategia sumamente importante para nosotros\u201d, expres\u00f3 el funcionario.<\/p>\n\n\n\n<p>Por su parte, <strong>Antonio Villegas<\/strong>, presidente de la Cruz Roja, se\u00f1al\u00f3 que la capacitaci\u00f3n en el uso del desfibrilador \u201ces clave para saber c\u00f3mo y cu\u00e1ndo utilizarlo correctamente en una situaci\u00f3n de emergencia, puesto que contar con estos conocimientos puede marcar la diferencia en un momento cr\u00edtico\u201d.<\/p>\n\n\n\n<figure class=\"wp-block-image\"><img decoding=\"async\" src=\"https:\/\/www.sansalvadordejujuy.gob.ar\/wp-content\/uploads\/2026\/01\/Capacitacion-de-cruz-roja-en-punta-del-parque-Prensa-Muni-Jujuy3-1024x575.jpg\" alt=\"\" class=\"wp-image-99454\"\/><\/figure>\n\n\n\n<p>Asimismo, explic\u00f3 que \u201cesta es solo una de las m\u00faltiples actividades que se desarrollar\u00e1n en conjunto con la Municipalidad, ya que tambi\u00e9n se brindar\u00e1n capacitaciones en primeros auxilios\u201d. Destac\u00f3 especialmente el hecho fundacional de este acuerdo, que es la posibilidad de contar con una sede propia en el Parque San Mart\u00edn, \u201cque funcionar\u00e1 tanto como espacio administrativo como centro permanente de formaci\u00f3n\u201d.<\/p>\n\n\n\n<p>Y agreg\u00f3 que \u201cel parque es un lugar estrat\u00e9gico, no solo por la gran afluencia de personas y deportistas, sino porque es un espacio de encuentro para toda la comunidad. Queremos que la poblaci\u00f3n sepa que aqu\u00ed habr\u00e1 un espacio habilitado de capacitaci\u00f3n continua, todas las semanas y durante todo el a\u00f1o, para que cualquier persona o familia juje\u00f1a que lo desee pueda formarse en primeros auxilios\u201d.<\/p>\n\n\n\n<p><strong>Nota audiovisual<\/strong>:&nbsp;<a href=\"https:\/\/youtu.be\/rz5q1vKJlHA\">https:\/\/youtu.be\/rz5q1vKJlHA<\/a><\/p>\n","protected":false},"excerpt":{"rendered":"<p>A los fines de garantizar un entorno seguro para los vecinos, se llev\u00f3 a cabo una capacitaci\u00f3n clave en la Direcci\u00f3n de Deportes ubicada en el Parque San Martin, sobre el uso del Desfibrilador Externo Autom\u00e1tico (DEA); formaci\u00f3n que resulta una herramienta vital para actuar ante emergencias. La instrucci\u00f3n estuvo a cargo de especialistas de [&hellip;]<\/p>\n","protected":false},"author":5,"featured_media":437712,"comment_status":"open","ping_status":"open","sticky":false,"template":"","format":"standard","meta":{"_stopmodifiedupdate":false,"_modified_date":"","inline_featured_image":false,"spay_email":"","jetpack_publicize_message":""},"categories":[7],"tags":[],"jetpack_featured_media_url":"https:\/\/notinor.com\/jujuy\/wp-content\/uploads\/2026\/01\/CAPACITACION.jpg","jetpack_publicize_connections":[],"_links":{"self":[{"href":"https:\/\/notinor.com\/jujuy\/wp-json\/wp\/v2\/posts\/437711"}],"collection":[{"href":"https:\/\/notinor.com\/jujuy\/wp-json\/wp\/v2\/posts"}],"about":[{"href":"https:\/\/notinor.com\/jujuy\/wp-json\/wp\/v2\/types\/post"}],"author":[{"embeddable":true,"href":"https:\/\/notinor.com\/jujuy\/wp-json\/wp\/v2\/users\/5"}],"replies":[{"embeddable":true,"href":"https:\/\/notinor.com\/jujuy\/wp-json\/wp\/v2\/comments?post=437711"}],"version-history":[{"count":1,"href":"https:\/\/notinor.com\/jujuy\/wp-json\/wp\/v2\/posts\/437711\/revisions"}],"predecessor-version":[{"id":437713,"href":"https:\/\/notinor.com\/jujuy\/wp-json\/wp\/v2\/posts\/437711\/revisions\/437713"}],"wp:featuredmedia":[{"embeddable":true,"href":"https:\/\/notinor.com\/jujuy\/wp-json\/wp\/v2\/media\/437712"}],"wp:attachment":[{"href":"https:\/\/notinor.com\/jujuy\/wp-json\/wp\/v2\/media?parent=437711"}],"wp:term":[{"taxonomy":"category","embeddable":true,"href":"https:\/\/notinor.com\/jujuy\/wp-json\/wp\/v2\/categories?post=437711"},{"taxonomy":"post_tag","embeddable":true,"href":"https:\/\/notinor.com\/jujuy\/wp-json\/wp\/v2\/tags?post=437711"}],"curies":[{"name":"wp","href":"https:\/\/api.w.org\/{rel}","templated":true}]}}