{"id":437708,"date":"2026-01-22T22:53:00","date_gmt":"2026-01-23T01:53:00","guid":{"rendered":"https:\/\/notinor.com\/jujuy\/?p=437708"},"modified":"2026-01-22T10:53:09","modified_gmt":"2026-01-22T10:53:09","slug":"el-ascensor-urbano-de-calle-fascio-estara-fuera-de-servicio-por-desinfeccion","status":"publish","type":"post","link":"https:\/\/notinor.com\/jujuy\/el-ascensor-urbano-de-calle-fascio-estara-fuera-de-servicio-por-desinfeccion\/","title":{"rendered":"El Ascensor Urbano de calle Fascio estar\u00e1 fuera de servicio por desinfecci\u00f3n"},"content":{"rendered":"\n<p class=\"has-medium-font-size\"><strong><em>La Secretar\u00eda de Servicios P\u00fablicos de la Municipalidad de San Salvador de Jujuy inform\u00f3 que el Ascensor Urbano 2, ubicado en la intersecci\u00f3n de las calles Fascio y Lamadrid, permanecer\u00e1 fuera de servicio el pr\u00f3ximo s\u00e1bado 24 del corriente mes.<\/em><\/strong><\/p>\n\n\n<div class=\"wp-block-image\">\n<figure class=\"aligncenter\"><img decoding=\"async\" src=\"https:\/\/www.sansalvadordejujuy.gob.ar\/wp-content\/uploads\/2023\/07\/2DOascensor8-1024x781.jpg\" alt=\"\" class=\"wp-image-52737\"\/><\/figure><\/div>\n\n\n<p>Desde el \u00e1rea detallaron que la interrupci\u00f3n del servicio responde a la realizaci\u00f3n de tareas de desinfecci\u00f3n programadas, las cuales forman parte de las acciones de mantenimiento y cuidado de los espacios p\u00fablicos que utiliza la comunidad de manera habitual.<\/p>\n\n\n\n<p>Asimismo, se comunic\u00f3 que el servicio del Ascensor Urbano 2 se reanudar\u00e1 con normalidad el domingo 25, a partir de las 13 horas, garantizando nuevamente el traslado de los usuarios que hacen uso de este medio de movilidad urbana.<\/p>\n\n\n\n<p>Finalmente, desde el Municipio solicitaron a la poblaci\u00f3n en general y, en especial, a los usuarios del ascensor urbano, sepan disculpar las molestias ocasionadas, agradeciendo la comprensi\u00f3n ante estos trabajos que buscan mejorar la calidad y seguridad del servicio.<\/p>\n","protected":false},"excerpt":{"rendered":"<p>La Secretar\u00eda de Servicios P\u00fablicos de la Municipalidad de San Salvador de Jujuy inform\u00f3 que el Ascensor Urbano 2, ubicado en la intersecci\u00f3n de las calles Fascio y Lamadrid, permanecer\u00e1 fuera de servicio el pr\u00f3ximo s\u00e1bado 24 del corriente mes. Desde el \u00e1rea detallaron que la interrupci\u00f3n del servicio responde a la realizaci\u00f3n de tareas [&hellip;]<\/p>\n","protected":false},"author":5,"featured_media":437709,"comment_status":"open","ping_status":"open","sticky":false,"template":"","format":"standard","meta":{"_stopmodifiedupdate":false,"_modified_date":"","inline_featured_image":false,"spay_email":"","jetpack_publicize_message":""},"categories":[514],"tags":[],"jetpack_featured_media_url":"https:\/\/notinor.com\/jujuy\/wp-content\/uploads\/2026\/01\/ASCENSOR-FASCIO.jpg","jetpack_publicize_connections":[],"_links":{"self":[{"href":"https:\/\/notinor.com\/jujuy\/wp-json\/wp\/v2\/posts\/437708"}],"collection":[{"href":"https:\/\/notinor.com\/jujuy\/wp-json\/wp\/v2\/posts"}],"about":[{"href":"https:\/\/notinor.com\/jujuy\/wp-json\/wp\/v2\/types\/post"}],"author":[{"embeddable":true,"href":"https:\/\/notinor.com\/jujuy\/wp-json\/wp\/v2\/users\/5"}],"replies":[{"embeddable":true,"href":"https:\/\/notinor.com\/jujuy\/wp-json\/wp\/v2\/comments?post=437708"}],"version-history":[{"count":1,"href":"https:\/\/notinor.com\/jujuy\/wp-json\/wp\/v2\/posts\/437708\/revisions"}],"predecessor-version":[{"id":437710,"href":"https:\/\/notinor.com\/jujuy\/wp-json\/wp\/v2\/posts\/437708\/revisions\/437710"}],"wp:featuredmedia":[{"embeddable":true,"href":"https:\/\/notinor.com\/jujuy\/wp-json\/wp\/v2\/media\/437709"}],"wp:attachment":[{"href":"https:\/\/notinor.com\/jujuy\/wp-json\/wp\/v2\/media?parent=437708"}],"wp:term":[{"taxonomy":"category","embeddable":true,"href":"https:\/\/notinor.com\/jujuy\/wp-json\/wp\/v2\/categories?post=437708"},{"taxonomy":"post_tag","embeddable":true,"href":"https:\/\/notinor.com\/jujuy\/wp-json\/wp\/v2\/tags?post=437708"}],"curies":[{"name":"wp","href":"https:\/\/api.w.org\/{rel}","templated":true}]}}