{"id":437701,"date":"2026-01-22T22:16:00","date_gmt":"2026-01-23T01:16:00","guid":{"rendered":"https:\/\/notinor.com\/jujuy\/?p=437701"},"modified":"2026-01-22T22:16:00","modified_gmt":"2026-01-22T22:16:00","slug":"jama-jujuy-fue-clave-en-la-apertura-del-paso-de-chile-hacia-argentina","status":"publish","type":"post","link":"https:\/\/notinor.com\/jujuy\/jama-jujuy-fue-clave-en-la-apertura-del-paso-de-chile-hacia-argentina\/","title":{"rendered":"Jama: Jujuy fue clave en la apertura del paso de Chile hacia Argentina"},"content":{"rendered":"\n<p class=\"has-medium-font-size\"><strong><em>Alejandro Marenco, secretario ejecutivo de la Agencia Provincial del Corredor Bioce\u00e1nico, gestion\u00f3 a trav\u00e9s de autoridades y organismos nacionales el ingreso de veh\u00edculos al pa\u00eds.<\/em><\/strong><\/p>\n\n\n\n<p><\/p>\n\n\n<div class=\"wp-block-image\">\n<figure class=\"aligncenter size-full\"><img decoding=\"async\" loading=\"lazy\" width=\"800\" height=\"450\" src=\"https:\/\/notinor.com\/jujuy\/wp-content\/uploads\/2026\/01\/paso-de-jama.jpg\" alt=\"\" class=\"wp-image-437702\" srcset=\"https:\/\/notinor.com\/jujuy\/wp-content\/uploads\/2026\/01\/paso-de-jama.jpg 800w, https:\/\/notinor.com\/jujuy\/wp-content\/uploads\/2026\/01\/paso-de-jama-649x365.jpg 649w, https:\/\/notinor.com\/jujuy\/wp-content\/uploads\/2026\/01\/paso-de-jama-500x280.jpg 500w, https:\/\/notinor.com\/jujuy\/wp-content\/uploads\/2026\/01\/paso-de-jama-768x432.jpg 768w, https:\/\/notinor.com\/jujuy\/wp-content\/uploads\/2026\/01\/paso-de-jama-750x422.jpg 750w\" sizes=\"(max-width: 800px) 100vw, 800px\" \/><\/figure><\/div>\n\n\n<p><\/p>\n\n\n\n<p>Jujuy fue clave en la gesti\u00f3n de la apertura del paso de Chile hacia Argentina en Jama a trav\u00e9s de la Agencia Provincial del Corredor Bioce\u00e1nico. Alejandro Marenco, el titular del organismo, estuvo al frente de las tratativas con autoridades nacionales y chilenas.<\/p>\n\n\n\n<p>Hasta horas de la tarde noche de este jueves, los veh\u00edculos que se encontraban varados del lado chileno pudieron ingresar a la Argentina por Jama. Mientras que, por determinaci\u00f3n de Chile, no se posibilit\u00f3 el acceso a los veh\u00edculos que permanec\u00edan en territorio argentino.<\/p>\n\n\n\n<p class=\"has-medium-font-size\"><strong>Gestiones de Jujuy para habilitar el Paso de Jama<\/strong><\/p>\n\n\n\n<p>\u201cDesde el Corredor recurrimos a Canciller\u00eda, al director de L\u00edmites y Fronteras de Chile y nos comunicamos con el c\u00f3nsul de Argentina en Antofagasta para poder lograr una liberaci\u00f3n del tr\u00e1nsito en consecuencia del reporte de cierre del paso de la Ruta 27 que emiten organismos de Chile\u201d, plante\u00f3 Marenco sobre las gestiones.<\/p>\n\n\n\n<p>\u201cSe logr\u00f3 que los veh\u00edculos que ven\u00edan de Chile a Argentina sean atendidos por organismos chilenos en Jama\u201d, destac\u00f3 el referente de la Agencia Provincial del Corredor Bioce\u00e1nico y aclar\u00f3 que \u201cno se pudo lograr lo mismo a la inversa, el paso de Argentina a Chile, lo cual es un contrasentido\u201d.<\/p>\n\n\n\n<p>Marenco indic\u00f3 que, por intermedio de las autoridades nacionales, dialogaron con los organismos internacionales de Chile para reconsiderar la determinaci\u00f3n. \u201cEntendemos que tiene que primar el sentido com\u00fan, que las condiciones de altura no solo colapsan el paso sino que generan m\u00faltiples alteraciones en la salud de las personas. Hay que atender lo humanitario\u201d, remarc\u00f3.<\/p>\n\n\n\n<p>En cuanto a las condiciones de los caminos que habr\u00edan motivado la decisi\u00f3n de cerrar el paso hacia el vecino pa\u00eds, Marenco apunt\u00f3: \u201cacreditamos con fotograf\u00edas y filmaciones de veh\u00edculos que portan telefon\u00eda satelital que la ruta estaba operativa y no estaba nevando\u201d.<\/p>\n\n\n\n<p class=\"has-medium-font-size\"><strong>Tel\u00e9fonos \u00fatiles ante el cierre del Paso de Jama<\/strong><\/p>\n\n\n\n<ul>\n<li>Gendarmer\u00eda Nacional Argentina en Paso de Jama 3887483700<\/li>\n<\/ul>\n\n\n\n<p class=\"has-medium-font-size\"><strong>En Jama:<\/strong><\/p>\n\n\n\n<ul>\n<li>Hospedaje REFUGIO DEL CHUY 3884086834<\/li>\n\n\n\n<li>Hospedaje de Lucio 3884963660<\/li>\n<\/ul>\n\n\n\n<p>Las autoridades argentinas y chilenas se encuentran en di\u00e1logo para determinar las medidas que ser\u00e1n aplicadas durantes las pr\u00f3ximas horas y d\u00edas. Inicialmente, Vialidad Chile estableci\u00f3 que la inhabilitaci\u00f3n del paso se extender\u00eda hasta el lunes 26 de enero a las 13 horas.<\/p>\n","protected":false},"excerpt":{"rendered":"<p>Alejandro Marenco, secretario ejecutivo de la Agencia Provincial del Corredor Bioce\u00e1nico, gestion\u00f3 a trav\u00e9s de autoridades y organismos nacionales el ingreso de veh\u00edculos al pa\u00eds. Jujuy fue clave en la gesti\u00f3n de la apertura del paso de Chile hacia Argentina en Jama a trav\u00e9s de la Agencia Provincial del Corredor Bioce\u00e1nico. Alejandro Marenco, el titular [&hellip;]<\/p>\n","protected":false},"author":49,"featured_media":437702,"comment_status":"open","ping_status":"open","sticky":false,"template":"","format":"standard","meta":{"_stopmodifiedupdate":false,"_modified_date":"","inline_featured_image":false,"spay_email":"","jetpack_publicize_message":""},"categories":[2,4],"tags":[],"jetpack_featured_media_url":"https:\/\/notinor.com\/jujuy\/wp-content\/uploads\/2026\/01\/paso-de-jama.jpg","jetpack_publicize_connections":[],"_links":{"self":[{"href":"https:\/\/notinor.com\/jujuy\/wp-json\/wp\/v2\/posts\/437701"}],"collection":[{"href":"https:\/\/notinor.com\/jujuy\/wp-json\/wp\/v2\/posts"}],"about":[{"href":"https:\/\/notinor.com\/jujuy\/wp-json\/wp\/v2\/types\/post"}],"author":[{"embeddable":true,"href":"https:\/\/notinor.com\/jujuy\/wp-json\/wp\/v2\/users\/49"}],"replies":[{"embeddable":true,"href":"https:\/\/notinor.com\/jujuy\/wp-json\/wp\/v2\/comments?post=437701"}],"version-history":[{"count":1,"href":"https:\/\/notinor.com\/jujuy\/wp-json\/wp\/v2\/posts\/437701\/revisions"}],"predecessor-version":[{"id":437703,"href":"https:\/\/notinor.com\/jujuy\/wp-json\/wp\/v2\/posts\/437701\/revisions\/437703"}],"wp:featuredmedia":[{"embeddable":true,"href":"https:\/\/notinor.com\/jujuy\/wp-json\/wp\/v2\/media\/437702"}],"wp:attachment":[{"href":"https:\/\/notinor.com\/jujuy\/wp-json\/wp\/v2\/media?parent=437701"}],"wp:term":[{"taxonomy":"category","embeddable":true,"href":"https:\/\/notinor.com\/jujuy\/wp-json\/wp\/v2\/categories?post=437701"},{"taxonomy":"post_tag","embeddable":true,"href":"https:\/\/notinor.com\/jujuy\/wp-json\/wp\/v2\/tags?post=437701"}],"curies":[{"name":"wp","href":"https:\/\/api.w.org\/{rel}","templated":true}]}}