{"id":437694,"date":"2026-01-22T21:01:19","date_gmt":"2026-01-23T00:01:19","guid":{"rendered":"https:\/\/notinor.com\/jujuy\/?p=437694"},"modified":"2026-01-22T21:01:21","modified_gmt":"2026-01-23T00:01:21","slug":"aldosivi-y-defensa-y-justicia-inauguraron-el-torneo-apertura-con-un-empate","status":"publish","type":"post","link":"https:\/\/notinor.com\/jujuy\/aldosivi-y-defensa-y-justicia-inauguraron-el-torneo-apertura-con-un-empate\/","title":{"rendered":"Aldosivi y Defensa y Justicia inauguraron el Torneo Apertura con un empate"},"content":{"rendered":"\n<p class=\"has-medium-font-size\"><strong><em>El Tibur\u00f3n y el Halc\u00f3n no se sacaron ventaja alguna en Mar del Plata en el primer partido del campeonato local de 2026.<\/em><\/strong><\/p>\n\n\n\n<p><\/p>\n\n\n<div class=\"wp-block-image\">\n<figure class=\"aligncenter size-full\"><img decoding=\"async\" loading=\"lazy\" width=\"800\" height=\"450\" src=\"https:\/\/notinor.com\/jujuy\/wp-content\/uploads\/2026\/01\/aldosivi-defensa.jpg\" alt=\"\" class=\"wp-image-437695\" srcset=\"https:\/\/notinor.com\/jujuy\/wp-content\/uploads\/2026\/01\/aldosivi-defensa.jpg 800w, https:\/\/notinor.com\/jujuy\/wp-content\/uploads\/2026\/01\/aldosivi-defensa-649x365.jpg 649w, https:\/\/notinor.com\/jujuy\/wp-content\/uploads\/2026\/01\/aldosivi-defensa-500x280.jpg 500w, https:\/\/notinor.com\/jujuy\/wp-content\/uploads\/2026\/01\/aldosivi-defensa-768x432.jpg 768w, https:\/\/notinor.com\/jujuy\/wp-content\/uploads\/2026\/01\/aldosivi-defensa-750x422.jpg 750w\" sizes=\"(max-width: 800px) 100vw, 800px\" \/><\/figure><\/div>\n\n\n<p><\/p>\n\n\n\n<p>Aldosivi y Defensa y Justicia abrieron el tel\u00f3n del Torneo Apertura de la Liga Profesional y lo hicieron con un tibio empate sin goles en el Estadio Jos\u00e9 Mar\u00eda Minella de Mar del Plata.<\/p>\n\n\n\n<p>El Tibur\u00f3n, que logr\u00f3 la permanencia en la \u00faltima fecha del a\u00f1o pasado, no pudo sumar de a tres puntos en su casa ante el Halc\u00f3n.<\/p>\n","protected":false},"excerpt":{"rendered":"<p>El Tibur\u00f3n y el Halc\u00f3n no se sacaron ventaja alguna en Mar del Plata en el primer partido del campeonato local de 2026. Aldosivi y Defensa y Justicia abrieron el tel\u00f3n del Torneo Apertura de la Liga Profesional y lo hicieron con un tibio empate sin goles en el Estadio Jos\u00e9 Mar\u00eda Minella de Mar [&hellip;]<\/p>\n","protected":false},"author":49,"featured_media":437695,"comment_status":"open","ping_status":"open","sticky":false,"template":"","format":"standard","meta":{"_stopmodifiedupdate":false,"_modified_date":"","inline_featured_image":false,"spay_email":"","jetpack_publicize_message":""},"categories":[7],"tags":[],"jetpack_featured_media_url":"https:\/\/notinor.com\/jujuy\/wp-content\/uploads\/2026\/01\/aldosivi-defensa.jpg","jetpack_publicize_connections":[],"_links":{"self":[{"href":"https:\/\/notinor.com\/jujuy\/wp-json\/wp\/v2\/posts\/437694"}],"collection":[{"href":"https:\/\/notinor.com\/jujuy\/wp-json\/wp\/v2\/posts"}],"about":[{"href":"https:\/\/notinor.com\/jujuy\/wp-json\/wp\/v2\/types\/post"}],"author":[{"embeddable":true,"href":"https:\/\/notinor.com\/jujuy\/wp-json\/wp\/v2\/users\/49"}],"replies":[{"embeddable":true,"href":"https:\/\/notinor.com\/jujuy\/wp-json\/wp\/v2\/comments?post=437694"}],"version-history":[{"count":1,"href":"https:\/\/notinor.com\/jujuy\/wp-json\/wp\/v2\/posts\/437694\/revisions"}],"predecessor-version":[{"id":437696,"href":"https:\/\/notinor.com\/jujuy\/wp-json\/wp\/v2\/posts\/437694\/revisions\/437696"}],"wp:featuredmedia":[{"embeddable":true,"href":"https:\/\/notinor.com\/jujuy\/wp-json\/wp\/v2\/media\/437695"}],"wp:attachment":[{"href":"https:\/\/notinor.com\/jujuy\/wp-json\/wp\/v2\/media?parent=437694"}],"wp:term":[{"taxonomy":"category","embeddable":true,"href":"https:\/\/notinor.com\/jujuy\/wp-json\/wp\/v2\/categories?post=437694"},{"taxonomy":"post_tag","embeddable":true,"href":"https:\/\/notinor.com\/jujuy\/wp-json\/wp\/v2\/tags?post=437694"}],"curies":[{"name":"wp","href":"https:\/\/api.w.org\/{rel}","templated":true}]}}