{"id":437689,"date":"2026-01-22T14:02:39","date_gmt":"2026-01-22T17:02:39","guid":{"rendered":"https:\/\/notinor.com\/jujuy\/?p=437689"},"modified":"2026-01-22T14:02:41","modified_gmt":"2026-01-22T17:02:41","slug":"en-el-foro-de-davos-milei-firmo-la-integracion-de-la-argentina-al-consejo-de-paz-creado-por-trump","status":"publish","type":"post","link":"https:\/\/notinor.com\/jujuy\/en-el-foro-de-davos-milei-firmo-la-integracion-de-la-argentina-al-consejo-de-paz-creado-por-trump\/","title":{"rendered":"En el Foro de Davos, Milei firm\u00f3 la integraci\u00f3n de la Argentina al Consejo de Paz creado por Trump"},"content":{"rendered":"\n<p class=\"has-medium-font-size\"><em><strong>Durante la cumbre econ\u00f3mica en Suiza se consolid\u00f3 el organismo impulsado por el presidente de Estados Unidos. Tiene como objetivo evitar nuevos conflictos en Gaza.<\/strong><\/em><\/p>\n\n\n<div class=\"wp-block-image\">\n<figure class=\"aligncenter size-full\"><img decoding=\"async\" loading=\"lazy\" width=\"750\" height=\"311\" src=\"https:\/\/notinor.com\/jujuy\/wp-content\/uploads\/2026\/01\/FIRMA.jpg\" alt=\"\" class=\"wp-image-437690\" srcset=\"https:\/\/notinor.com\/jujuy\/wp-content\/uploads\/2026\/01\/FIRMA.jpg 750w, https:\/\/notinor.com\/jujuy\/wp-content\/uploads\/2026\/01\/FIRMA-660x274.jpg 660w\" sizes=\"(max-width: 750px) 100vw, 750px\" \/><figcaption class=\"wp-element-caption\">En el Foro de Davos, Milei firm\u00f3 la integraci\u00f3n de la Argentina al Consejo de Paz creado por Trump<\/figcaption><\/figure><\/div>\n\n\n<p>En el Foro de Davos, Javier Milei&nbsp;<strong>firm\u00f3 la integraci\u00f3n de la Argentina al Consejo de Paz&nbsp;<\/strong>creado por el presidente de Estados Unidos, Donald Trump.<\/p>\n\n\n\n<p>El presidente tuvo una participaci\u00f3n destacada en la ceremonia, dado que se sent\u00f3 muy cerca de Trump e<strong>&nbsp;intercambi\u00f3 unas palabras con el l\u00edder republicano<\/strong>&nbsp;durante la firma del documento.<\/p>\n\n\n\n<p>Milei tambi\u00e9n fue uno de los primeros en pasar a firmar el documento oficial que estableci\u00f3 la creaci\u00f3n del Consejo de Paz, cuyo objetivo es evitar nuevos conflictos en Gaza.<\/p>\n\n\n\n<p>Seg\u00fan trascendi\u00f3, al menos 52 pa\u00edses recibieron invitaciones para formar parte de esta iniciativa. Adem\u00e1s de la Argentina, otras naciones involucradas son:&nbsp;<strong>Hungr\u00eda, Kazajist\u00e1n, Uzbekist\u00e1n, Albania, Vietnam y Emiratos \u00c1rabes Unidos.<\/strong><\/p>\n\n\n\n<p>La ceremonia de firma comenz\u00f3 a las 7 de la ma\u00f1ana de la Argentina, en medio de una serie de actividades como parte del&nbsp;<strong>Foro Econ\u00f3mico Mundial de Davos<\/strong>.<\/p>\n\n\n\n<p>Un encuentro marcado por las distintas tensiones entre Estados Unidos, Canad\u00e1 y&nbsp;<a href=\"https:\/\/tn.com.ar\/internacional\/2026\/01\/21\/el-testimonio-de-un-argentino-en-groenlandia-aca-cada-vez-hay-mas-resistencia-a-las-amenazas-de-trump\/\"><strong>Groenlandia<\/strong><\/a>, junto con otros pa\u00edses europeos que cuestionaron distintas pr\u00e1cticas de Donald Trump.<\/p>\n\n\n\n<figure class=\"wp-block-image\"><img decoding=\"async\" src=\"https:\/\/tn.com.ar\/resizer\/v2\/el-consejo-de-paz-fue-una-iniciativa-impulsada-por-trump-y-cuenta-con-argentina-como-uno-de-los-paises-fundadores-foto-efegian-ehrenzeller-4UGKLBTYXEPF2BWUHAVGG4WWWM.jpg?auth=502f46d6caec76da8c579b56a538b301f2eda00740ebce482ba1ba8010affe0f&amp;width=767\" alt=\"El &quot;Consejo de Paz&quot; fue una iniciativa impulsada por Trump y cuenta con Argentina como uno de los pa\u00edses fundadores (Foto: EFE\/Gian Ehrenzeller).\"\/><figcaption class=\"wp-element-caption\">El \"Consejo de Paz\" fue una iniciativa impulsada por Trump y cuenta con Argentina como uno de los pa\u00edses fundadores (Foto: EFE\/Gian Ehrenzeller).<\/figcaption><\/figure>\n\n\n\n<p><strong>En qu\u00e9 consiste el Consejo de Paz<\/strong><\/p>\n\n\n\n<p>Durante uno de los eventos organizados en el Centro de Congresos de Davos, el presidente de Estados Unidos dijo, seg\u00fan rese\u00f1\u00f3&nbsp;<em>France 24<\/em>: \u201c<strong>Creo que no conozco a nadie que no haya aceptado. Va a ser genial<\/strong>\u201d. As\u00ed, Trump se refiri\u00f3 de forma indirecta a m\u00e1s de 50 naciones que fueron invitadas a formar parte del Consejo de Paz.<\/p>\n\n\n\n<p>Seg\u00fan Trump, uno de los mandatarios que ya se sum\u00f3 a la iniciativa fue <strong>Vlad\u00edmir Putin<\/strong>. \u201c<strong>Fue invitado y acept\u00f3<\/strong>\u201d, dijo el presidente de Estados Unidos. Este Consejo de Paz, tambi\u00e9n referido como \u201cJunta de Paz\u201d, surgi\u00f3 en un principio con la misi\u00f3n de promover la paz y la transici\u00f3n en la Franja de Gaza.<\/p>\n\n\n\n<p>Sin embargo, en los \u00faltimos d\u00edas, la misi\u00f3n de esta iniciativa podr\u00eda haber cambiado, seg\u00fan informaron distintos medios. Adem\u00e1s de la atenci\u00f3n a la Franja de Gaza, tambi\u00e9n se extender\u00eda a \u201c<strong>conflictos globales<\/strong>\u201d.<\/p>\n\n\n\n<p>El Consejo de Paz es presidido por Trump, quien tiene capacidad para decidir sobre los integrantes actuales, potenciales y activar vetos en caso de que lo considere necesario. Las bases de esta propuesta se instalaron en la resoluci\u00f3n 2803 del&nbsp;<strong>Consejo de Seguridad de la Organizaci\u00f3n de Naciones Unidas<\/strong>, aprobada el 17 de noviembre de 2025.<\/p>\n\n\n\n<p>Cada miembro debe aportar&nbsp;<strong>1000 millones de d\u00f3lares para pertenecer al Consejo de Paz.<\/strong>&nbsp;En un principio, este dinero ser\u00eda destinado a la reconstrucci\u00f3n de la Franja de Gaza.<\/p>\n\n\n\n<p><strong>La carta de Donald Trump a Javier Milei: la invitaci\u00f3n al Consejo de Paz<\/strong><\/p>\n\n\n\n<p>El pasado 17 de enero, el presidente de la Argentina, Javier Milei, comparti\u00f3 a trav\u00e9s de su perfil en X la carta que Donald Trump le envi\u00f3, como invitaci\u00f3n a ser parte del Consejo de Paz. Milei dijo: \u201c<strong>Es un honor para m\u00ed haber recibido esta noche la invitaci\u00f3n para que la Argentina integre, como Miembro Fundador<\/strong>, el Board of Peace, una organizaci\u00f3n creada por el Presidente Trump para promover una paz duradera en regiones afectadas por conflictos, empezando por la Franja de Gaza\".<\/p>\n\n\n\n<p>La carta de Trump dice:<\/p>\n\n\n\n<p><em>Estimado se\u00f1or Presidente:<\/em><\/p>\n\n\n\n<p><em>Es para m\u00ed un gran honor invitarlo, en su car\u00e1cter de Presidente de la Rep\u00fablica Argentina, a sumarse a un esfuerzo hist\u00f3rica y verdaderamente trascendental para consolidar la paz en Medio Oriente y, al mismo tiempo, emprender un enfoque audaz y novedoso para resolver los conflictos globales.<\/em><\/p>\n\n\n\n<p><em>El 29 de septiembre de 2025 anunci\u00e9 el Plan Integral para Poner Fin al Conflicto en Gaza, una extraordinaria hoja de ruta de 20 puntos que fue r\u00e1pidamente adoptada por l\u00edderes de todo el mundo, incluidos importantes jefes de Estado del mundo \u00e1rabe, Israel y Europa. En el marco de este plan, el 17 de noviembre el Consejo de Seguridad de las Naciones Unidas adopt\u00f3 de manera abrumadora la Resoluci\u00f3n 2803, dando la bienvenida y respaldando esta visi\u00f3n.<\/em><\/p>\n\n\n\n<p><em>Ahora es el momento de convertir todos estos sue\u00f1os en realidad. En el coraz\u00f3n del plan se encuentra el Consejo de la Paz, el \u00f3rgano m\u00e1s impresionante y trascendental jam\u00e1s conformado, que ser\u00e1 establecido como una nueva organizaci\u00f3n internacional y una administraci\u00f3n de gobierno transitoria.<\/em><\/p>\n\n\n\n<figure class=\"wp-block-image\"><img decoding=\"async\" src=\"https:\/\/tn.com.ar\/resizer\/v2\/la-invitacion-de-donald-trump-a-la-argentina-a-integrar-el-consejo-de-paz-foto-xjmilei-DRKJJJLSHBE6NCE7KPW2C35JQE.jpg?auth=c4f4c990ba7127ab4acbb6d0dc25fc007da75be9a440adb25289896dbd163f3b&amp;width=767\" alt=\"La invitaci\u00f3n de Donald Trump a la Argentina a integrar el Consejo de Paz (Foto: X\/@JMilei).\"\/><figcaption class=\"wp-element-caption\">La invitaci\u00f3n de Donald Trump a la Argentina a integrar el Consejo de Paz (Foto: X\/@JMilei).<\/figcaption><\/figure>\n\n\n\n<p><em>Nuestro esfuerzo reunir\u00e1 a un distinguido grupo de naciones dispuestas a asumir la noble responsabilidad de construir una PAZ DURADERA, un honor reservado para quienes est\u00e1n preparados para liderar con el ejemplo e invertir de manera brillante en un futuro seguro y pr\u00f3spero para las generaciones venideras. En un futuro cercano convocaremos a nuestros valiosos y comprometidos socios, la mayor\u00eda de los cuales son l\u00edderes mundiales altamente respetados.<\/em><\/p>\n\n\n\n<p><em>En mi car\u00e1cter de presidente del Consejo, invito formalmente a la Rep\u00fablica Argentina a incorporarse como Estado miembro fundador y a convertirse en parte de la Carta del Consejo de la Paz, representada por usted. Este Consejo ser\u00e1 \u00fanico en su tipo; nunca ha existido nada igual. Cada Estado miembro podr\u00e1 designar un representante autorizado para asistir y participar en las reuniones en su nombre. Se adjuntan el Plan Integral y la Carta del Consejo, que ya se encuentran abiertos para su firma y ratificaci\u00f3n.<\/em><\/p>\n\n\n\n<p><em>Espero con inter\u00e9s trabajar con usted, a largo plazo, con el objetivo de establecer una PAZ MUNDIAL DURADERA, PROSPERIDAD Y GRANDEZA PARA TODOS.<\/em><\/p>\n\n\n\n<p><em>Con mis mejores deseos,<\/em><\/p>\n\n\n\n<p><em>Atentamente,<\/em><\/p>\n\n\n\n<p><em><strong>DONALD J. TRUMP<\/strong><\/em><\/p>\n","protected":false},"excerpt":{"rendered":"<p>Durante la cumbre econ\u00f3mica en Suiza se consolid\u00f3 el organismo impulsado por el presidente de Estados Unidos. Tiene como objetivo evitar nuevos conflictos en Gaza. En el Foro de Davos, Javier Milei&nbsp;firm\u00f3 la integraci\u00f3n de la Argentina al Consejo de Paz&nbsp;creado por el presidente de Estados Unidos, Donald Trump. El presidente tuvo una participaci\u00f3n destacada [&hellip;]<\/p>\n","protected":false},"author":5,"featured_media":437690,"comment_status":"open","ping_status":"open","sticky":false,"template":"","format":"standard","meta":{"_stopmodifiedupdate":false,"_modified_date":"","inline_featured_image":false,"spay_email":"","jetpack_publicize_message":""},"categories":[6],"tags":[],"jetpack_featured_media_url":"https:\/\/notinor.com\/jujuy\/wp-content\/uploads\/2026\/01\/FIRMA.jpg","jetpack_publicize_connections":[],"_links":{"self":[{"href":"https:\/\/notinor.com\/jujuy\/wp-json\/wp\/v2\/posts\/437689"}],"collection":[{"href":"https:\/\/notinor.com\/jujuy\/wp-json\/wp\/v2\/posts"}],"about":[{"href":"https:\/\/notinor.com\/jujuy\/wp-json\/wp\/v2\/types\/post"}],"author":[{"embeddable":true,"href":"https:\/\/notinor.com\/jujuy\/wp-json\/wp\/v2\/users\/5"}],"replies":[{"embeddable":true,"href":"https:\/\/notinor.com\/jujuy\/wp-json\/wp\/v2\/comments?post=437689"}],"version-history":[{"count":1,"href":"https:\/\/notinor.com\/jujuy\/wp-json\/wp\/v2\/posts\/437689\/revisions"}],"predecessor-version":[{"id":437691,"href":"https:\/\/notinor.com\/jujuy\/wp-json\/wp\/v2\/posts\/437689\/revisions\/437691"}],"wp:featuredmedia":[{"embeddable":true,"href":"https:\/\/notinor.com\/jujuy\/wp-json\/wp\/v2\/media\/437690"}],"wp:attachment":[{"href":"https:\/\/notinor.com\/jujuy\/wp-json\/wp\/v2\/media?parent=437689"}],"wp:term":[{"taxonomy":"category","embeddable":true,"href":"https:\/\/notinor.com\/jujuy\/wp-json\/wp\/v2\/categories?post=437689"},{"taxonomy":"post_tag","embeddable":true,"href":"https:\/\/notinor.com\/jujuy\/wp-json\/wp\/v2\/tags?post=437689"}],"curies":[{"name":"wp","href":"https:\/\/api.w.org\/{rel}","templated":true}]}}