{"id":437676,"date":"2026-01-22T12:15:02","date_gmt":"2026-01-22T15:15:02","guid":{"rendered":"https:\/\/notinor.com\/jujuy\/?p=437676"},"modified":"2026-01-22T12:15:04","modified_gmt":"2026-01-22T15:15:04","slug":"los-niveles-bajos-de-vitamina-d-se-vinculan-con-mas-hospitalizaciones-por-gripe-o-neumonia","status":"publish","type":"post","link":"https:\/\/notinor.com\/jujuy\/los-niveles-bajos-de-vitamina-d-se-vinculan-con-mas-hospitalizaciones-por-gripe-o-neumonia\/","title":{"rendered":"Los niveles bajos de vitamina D se vinculan con m\u00e1s hospitalizaciones por gripe o neumon\u00eda"},"content":{"rendered":"\n<p class=\"has-medium-font-size\"><strong><em>Un estudio brit\u00e1nico detect\u00f3 que las personas con deficiencia grave de este micronutriente tienen mayor riesgo frente a cuadros infecciosos<\/em><\/strong><\/p>\n\n\n\n<p class=\"has-text-align-center\"><img decoding=\"async\" loading=\"lazy\" height=\"617\" width=\"1024\" src=\"https:\/\/www.infobae.com\/resizer\/v2\/WRLI5B57QVFQTN43Y6GOCWVLYY.png?auth=73a7292483b507b68ace1d65b6af02f471232a1ce00d08b61a5b4513312d4036&amp;smart=true&amp;width=350&amp;height=211&amp;quality=85\" alt=\"Un estudio en el Reino\">Un estudio en el Reino Unido confirma que la deficiencia grave de vitamina D eleva en un 33% el riesgo de hospitalizaci\u00f3n por infecciones respiratorias <\/p>\n\n\n\n<p>Un nuevo\u00a0<strong>estudio en el Reino Unido<\/strong>\u00a0detect\u00f3 una\u00a0<strong>relaci\u00f3n clara entre la falta grave de<\/strong> <strong>vitamina D <\/strong>y un\u00a0<strong>mayor riesgo de hospitalizaci\u00f3n por infecciones respiratorias.<\/strong>\u00a0Aunque todav\u00eda no est\u00e1 demostrado que el d\u00e9ficit de vitamina D sea la causa directa de esos ingresos.<\/p>\n\n\n\n<p>Las personas con <strong>niveles muy bajos de vitamina D<\/strong> tienen un 33% m\u00e1s de probabilidades de terminar en el hospital por enfermedades como\u00a0<strong>neumon\u00eda, gripe o bronquitis.<\/strong><\/p>\n\n\n\n<p>Este hallazgo, que fue publicado en la revista <strong>The American Journal of Clinical Nutrition<\/strong>, tiene un impacto directo en la salud p\u00fablica, especialmente en adultos de mediana y avanzada edad, donde las infecciones respiratorias siguen entre las principales causas de muerte.<\/p>\n\n\n\n<p><strong>Qu\u00e9 implican los resultados<\/strong><\/p>\n\n\n\n<p class=\"has-text-align-center\"><img decoding=\"async\" loading=\"lazy\" alt=\"La vitamina D se obtiene\" height=\"1080\" src=\"https:\/\/www.infobae.com\/resizer\/v2\/IHVX3HEXIRFN5FMOBVP4OQKO3M.jpg?auth=811d06f0b8ca740fdf180d277c30326794aafff39d25584e9660cc16e80d2932&amp;smart=true&amp;width=350&amp;height=197&amp;quality=85\" width=\"1920\">La vitamina D se obtiene a trav\u00e9s de la exposici\u00f3n al sol, el consumo de alimentos ricos en este nutriente y el uso de suplementos, seg\u00fan el estudio. (Canva)<\/p>\n\n\n\n<p>La evidencia cient\u00edfica muestra que mantener niveles adecuados de vitamina D puede marcar una diferencia significativa para evitar complicaciones graves.<\/p>\n\n\n\n<p>La investigaci\u00f3n fue liderada por&nbsp;<strong>Abigail Bournot y Andrea Darling, de la Universidad de Surrey<\/strong>, junto con equipos de las universidades de<strong>&nbsp;Reading y Oxford<\/strong>, todas en el Reino Unido.<\/p>\n\n\n\n<p>El problema que se busc\u00f3 abordar radica en la alta prevalencia de deficiencia de vitamina D, especialmente entre adultos mayores y ciertos grupos \u00e9tnicos.<\/p>\n\n\n\n<p>La vitamina D no solo fortalece huesos y m\u00fasculos, sino que tambi\u00e9n ayuda al sistema inmunol\u00f3gico a defenderse de infecciones.<\/p>\n\n\n\n<p class=\"has-text-align-center\"><img decoding=\"async\" loading=\"lazy\" height=\"816\" width=\"1456\" src=\"https:\/\/www.infobae.com\/resizer\/v2\/AOJDMCGDKFH4VOUKLAAHFWILZA.jpg?auth=6bcc85e6f0ba723c85cbd7d4fc118b49bf815730a40e50f3be9a096b9a8ab254&amp;smart=true&amp;width=350&amp;height=196&amp;quality=85\" alt=\"Las personas con niveles de\">Las personas con niveles de vitamina D inferiores a 15 nmol\/L presentan m\u00e1s probabilidades de ser hospitalizadas por neumon\u00eda o bronquitis, seg\u00fan los resultados publicados en The American Journal of Clinical Nutrition <\/p>\n\n\n\n<p>Las infecciones respiratorias, como la neumon\u00eda y la bronquitis, est\u00e1n entre las causas m\u00e1s frecuentes de mortalidad en adultos de m\u00e1s de cincuenta a\u00f1os en todo el mundo.<\/p>\n\n\n\n<p>Estudios previos apuntaban a la vitamina D como posible factor protector, pero faltaba evidencia sobre su impacto real en el riesgo de hospitalizaci\u00f3n.<\/p>\n\n\n\n<p>Los investigadores ten\u00edan como objetivo principal comprobar si los niveles bajos de vitamina D en sangre se relacionan con m\u00e1s ingresos hospitalarios por infecciones respiratorias, al analizar adultos de distintas etnias en el Reino Unido.<\/p>\n\n\n\n<p><strong>Radiograf\u00eda de una investigaci\u00f3n clave<\/strong><\/p>\n\n\n\n<p class=\"has-text-align-center\"><img decoding=\"async\" loading=\"lazy\" alt=\"Por cada aumento de 10\" height=\"1334\" src=\"https:\/\/www.infobae.com\/resizer\/v2\/GVALLOGWSVAILFGOVIRZTSX3H4.jpg?auth=09319d02d9ce3ce2c26afa848cb85a60b9263f4143851f81558a41980af72377&amp;smart=true&amp;width=350&amp;height=233&amp;quality=85\" width=\"2000\">Por cada aumento de 10 nmol\/L en los niveles de vitamina D en sangre, existe una reducci\u00f3n del 4% en el riesgo de hospitalizaciones por infecciones respiratorias como neumon\u00eda y bronquitis (Freepik)<\/p>\n\n\n\n<p>El equipo utiliz\u00f3 datos del Biobanco del Reino Unido, que agrupa informaci\u00f3n de medio mill\u00f3n de personas, y seleccion\u00f3 a 36.258 adultos con registros de vitamina D y hospitalizaciones por infecciones respiratorias.<\/p>\n\n\n\n<p>Para medir la vitamina D se emple\u00f3 el marcador 25-hidroxivitamina D, indicador confiable de las reservas de esta vitamina.<\/p>\n\n\n\n<p>Entre los participantes hubo diversidad \u00e9tnica: 34% blancos, 28% asi\u00e1ticos, 19% negros, 11% de otros or\u00edgenes y 7% de origen mixto.<\/p>\n\n\n\n<p>El an\u00e1lisis abarc\u00f3 registros hospitalarios entre 1997 y 2022, identificando casos de infecciones respiratorias seg\u00fan criterios m\u00e9dicos estandarizados. El seguimiento mediano fue de casi quince a\u00f1os, lo que permiti\u00f3 observar tendencias a largo plazo.<\/p>\n\n\n\n<p class=\"has-text-align-center\"><img decoding=\"async\" loading=\"lazy\" height=\"768\" width=\"1408\" src=\"https:\/\/www.infobae.com\/resizer\/v2\/22MUQKV3BBBE7L5HS3UYNPOLWI.png?auth=12e4b494fd0d48700bba88dddebd3e2f606fa2bd263de43006b0de1892a6c6cb&amp;smart=true&amp;width=350&amp;height=191&amp;quality=85\" alt=\"El nivel de vitamina D\">El nivel de vitamina D en una persona se determina mediante un an\u00e1lisis de sangre que mide la concentraci\u00f3n de 25-hidroxivitamina D<\/p>\n\n\n\n<p>Se ajustaron los resultados por factores como edad, sexo, peso, nivel socioecon\u00f3mico, estaci\u00f3n del a\u00f1o, consumo de suplementos, tabaquismo y percepci\u00f3n de salud, para asegurar que las diferencias observadas dependieran realmente de la vitamina D.<\/p>\n\n\n\n<p>El hallazgo principal revel\u00f3 que quienes tienen menos de 15 nmol\/L de vitamina D en sangre presentan un 33% m\u00e1s de riesgo de hospitalizaci\u00f3n por infecciones respiratorias, frente a quienes tienen niveles iguales o superiores a 75 nmol\/L.<\/p>\n\n\n\n<p>Adem\u00e1s, se observ\u00f3 una reducci\u00f3n del 4% en el riesgo de hospitalizaci\u00f3n por cada aumento de 10 nmol\/L en los niveles de vitamina D. La deficiencia grave afecta a todos los grupos \u00e9tnicos, sin diferencias significativas en el efecto seg\u00fan el origen.<\/p>\n\n\n\n<p>El d\u00e9ficit de vitamina D resulta m\u00e1s com\u00fan en personas con mayor privaci\u00f3n social y en algunos grupos \u00e9tnicos minoritarios. La mayor\u00eda de los participantes no alcanzaba la ingesta diaria recomendada de vitamina D.<\/p>\n\n\n\n<p><strong>El futuro de la prevenci\u00f3n<\/strong><\/p>\n\n\n\n<p class=\"has-text-align-center\"><img decoding=\"async\" loading=\"lazy\" height=\"653\" width=\"1161\" src=\"https:\/\/www.infobae.com\/resizer\/v2\/SUWVCO4AXFC5BBA6TK75UK6MRQ.jpg?auth=89148c9efb11cfa1fa7536f3e51fd14033d22eb2338fa01d85144f0c10345815&amp;smart=true&amp;width=350&amp;height=197&amp;quality=85\" alt=\"Los autores sugieren que la\">Los autores sugieren que la suplementaci\u00f3n diaria con 10 microgramos de vitamina D puede ser clave para reducir ingresos hospitalarios por infecciones respiratorias y proteger a los grupos m\u00e1s vulnerables <\/p>\n\n\n\n<p>Los investigadores sugieren que corregir la deficiencia de vitamina D, con suplementos de 10 microgramos diarios, puede ayudar a reducir hospitalizaciones por infecciones respiratorias.<\/p>\n\n\n\n<p>La informaci\u00f3n preventiva debe llegar a quienes tienen m\u00e1s riesgo de d\u00e9ficit y de infecciones.<\/p>\n\n\n\n<p>Entre las limitaciones, se reconoce que la vitamina D solo se midi\u00f3 al inicio, lo que puede no reflejar el nivel real al momento de la hospitalizaci\u00f3n. El dise\u00f1o observacional limita la posibilidad de demostrar causa y efecto.<\/p>\n\n\n\n<p class=\"has-text-align-center\"><img decoding=\"async\" loading=\"lazy\" height=\"816\" width=\"1456\" src=\"https:\/\/www.infobae.com\/resizer\/v2\/ZLHUX6SUIBE5JHLYTZTHMYXYKY.jpg?auth=db9e96f1994ec880514fc87b1dff2f3cf0fc793e1e311a2eab786dbe5e54aee3&amp;smart=true&amp;width=350&amp;height=196&amp;quality=85\" alt=\"Los hallazgos subrayan la importancia\">Los hallazgos subrayan la importancia de pol\u00edticas p\u00fablicas sobre vitamina D y prevenci\u00f3n de infecciones respiratorias en adultos de mediana y avanzada edad a nivel global<\/p>\n\n\n\n<p>La investigaci\u00f3n concluy\u00f3 que&nbsp;<strong>mantener niveles adecuados de vitamina D puede ayudar a prevenir hospitalizaciones<\/strong>&nbsp;por infecciones respiratorias.<\/p>\n\n\n\n<p>Consultado por&nbsp;<strong>Infobae&nbsp;<\/strong>el m\u00e9dico&nbsp;<strong>Ramiro Heredia<\/strong>, especialista en medicina interna del&nbsp;<strong>Hospital de Cl\u00ednicas Jos\u00e9 de San Mart\u00edn de la Universidad de Buenos Aires<\/strong>, opin\u00f3 tras leer la publicaci\u00f3n: \u201cLas infecciones del tracto respiratorio son una causa importante de hospitalizaci\u00f3n en adultos, especialmente en personas mayores y en quienes presentan comorbilidades\u201d<\/p>\n\n\n\n<p>La vitamina D interviene en diversos mecanismos de la inmunidad y eso justific\u00f3 hist\u00f3ricamente su estudio en relaci\u00f3n con infecciones, acot\u00f3.<\/p>\n\n\n\n<p>\u201cEn este an\u00e1lisis del Biobanco del\u00a0<strong>Reino Unido<\/strong>, una base de datos que re\u00fane informaci\u00f3n de m\u00e1s de 500.000 brit\u00e1nicos seguidos durante d\u00e9cadas, con encuestas nutricionales, de sue\u00f1o, salud mental y resultados de laboratorio e im\u00e1genes, se cruzaron los datos sobre niveles de vitamina D y hospitalizaciones por infecciones respiratorias\", destac\u00f3.<\/p>\n\n\n\n<p class=\"has-text-align-center\"><img decoding=\"async\" loading=\"lazy\" height=\"768\" width=\"1408\" src=\"https:\/\/www.infobae.com\/resizer\/v2\/UEJY2WMSD5AA5P5IE42FCIB6VI.png?auth=0c6d22fa804293df96a26a427db3de70b0b085a5381dedbaaf3ee4c2be3a07f6&amp;smart=true&amp;width=350&amp;height=191&amp;quality=85\" alt=\"Los autores recomiendan suplementos de\">Los autores recomiendan suplementos de vitamina D para adultos, especialmente en personas con riesgo elevado de deficiencia o baja exposici\u00f3n solar<\/p>\n\n\n\n<p>Se observ\u00f3 que niveles muy bajos de vitamina D (&lt;15 nmol\/L) se asociaron con un mayor riesgo de hospitalizaci\u00f3n. Por cada aumento de 10 nmol\/L de 25-hidroxivitamina D, el riesgo disminuy\u00f3 alrededor de un 4%, lo que indica un efecto gradual, aunque de peque\u00f1a magnitud.<\/p>\n\n\n\n<p>\u201cEl estudio es observacional y no permite establecer que la suplementaci\u00f3n reduzca el riesgo de infecciones respiratorias graves\u201d, afirm\u00f3 Heredia.<\/p>\n\n\n\n<p>La evidencia acumulada hasta ahora \u201cindica que el mayor beneficio potencial de la vitamina D se observa en personas con deficiencia severa. Se sabe que esta vitamina participa en el metabolismo muscular, \u00f3seo, en la inmunidad y en la salud cardiovascular y cerebral\u201d, record\u00f3.<\/p>\n\n\n\n<p>En la pr\u00e1ctica cl\u00ednica, \u201cla estrategia m\u00e1s adecuada es identificar y tratar el d\u00e9ficit, no recomendar suplementaci\u00f3n universal con fines preventivos respiratorios\u201d, subray\u00f3 el experto.<\/p>\n","protected":false},"excerpt":{"rendered":"<p>Un estudio brit\u00e1nico detect\u00f3 que las personas con deficiencia grave de este micronutriente tienen mayor riesgo frente a cuadros infecciosos Un estudio en el Reino Unido confirma que la deficiencia grave de vitamina D eleva en un 33% el riesgo de hospitalizaci\u00f3n por infecciones respiratorias Un nuevo\u00a0estudio en el Reino Unido\u00a0detect\u00f3 una\u00a0relaci\u00f3n clara entre la [&hellip;]<\/p>\n","protected":false},"author":5,"featured_media":437677,"comment_status":"open","ping_status":"open","sticky":false,"template":"","format":"standard","meta":{"_stopmodifiedupdate":false,"_modified_date":"","inline_featured_image":false,"spay_email":"","jetpack_publicize_message":""},"categories":[828],"tags":[],"jetpack_featured_media_url":"https:\/\/notinor.com\/jujuy\/wp-content\/uploads\/2026\/01\/VITAMINA.jpg","jetpack_publicize_connections":[],"_links":{"self":[{"href":"https:\/\/notinor.com\/jujuy\/wp-json\/wp\/v2\/posts\/437676"}],"collection":[{"href":"https:\/\/notinor.com\/jujuy\/wp-json\/wp\/v2\/posts"}],"about":[{"href":"https:\/\/notinor.com\/jujuy\/wp-json\/wp\/v2\/types\/post"}],"author":[{"embeddable":true,"href":"https:\/\/notinor.com\/jujuy\/wp-json\/wp\/v2\/users\/5"}],"replies":[{"embeddable":true,"href":"https:\/\/notinor.com\/jujuy\/wp-json\/wp\/v2\/comments?post=437676"}],"version-history":[{"count":1,"href":"https:\/\/notinor.com\/jujuy\/wp-json\/wp\/v2\/posts\/437676\/revisions"}],"predecessor-version":[{"id":437678,"href":"https:\/\/notinor.com\/jujuy\/wp-json\/wp\/v2\/posts\/437676\/revisions\/437678"}],"wp:featuredmedia":[{"embeddable":true,"href":"https:\/\/notinor.com\/jujuy\/wp-json\/wp\/v2\/media\/437677"}],"wp:attachment":[{"href":"https:\/\/notinor.com\/jujuy\/wp-json\/wp\/v2\/media?parent=437676"}],"wp:term":[{"taxonomy":"category","embeddable":true,"href":"https:\/\/notinor.com\/jujuy\/wp-json\/wp\/v2\/categories?post=437676"},{"taxonomy":"post_tag","embeddable":true,"href":"https:\/\/notinor.com\/jujuy\/wp-json\/wp\/v2\/tags?post=437676"}],"curies":[{"name":"wp","href":"https:\/\/api.w.org\/{rel}","templated":true}]}}