{"id":437605,"date":"2026-01-20T21:50:45","date_gmt":"2026-01-21T00:50:45","guid":{"rendered":"https:\/\/notinor.com\/jujuy\/?p=437605"},"modified":"2026-01-20T21:50:48","modified_gmt":"2026-01-21T00:50:48","slug":"descarrilan-otros-dos-trenes-en-espana-se-registra-una-treintena-de-heridos-y-muere-un-maquinista","status":"publish","type":"post","link":"https:\/\/notinor.com\/jujuy\/descarrilan-otros-dos-trenes-en-espana-se-registra-una-treintena-de-heridos-y-muere-un-maquinista\/","title":{"rendered":"Descarrilan otros dos trenes en Espa\u00f1a: se registra una treintena de heridos y muere un maquinista"},"content":{"rendered":"\n<p class=\"has-medium-font-size\"><strong><em>El primer convoy ha impactado contra una roca en Girona, mientras que el segundo ha chocado contra un muro en la provincia de Barcelona.<\/em><\/strong><\/p>\n\n\n\n<p><\/p>\n\n\n<div class=\"wp-block-image\">\n<figure class=\"aligncenter size-full\"><img decoding=\"async\" loading=\"lazy\" width=\"800\" height=\"450\" src=\"https:\/\/notinor.com\/jujuy\/wp-content\/uploads\/2026\/01\/tren-descarrilado-espana.jpg\" alt=\"\" class=\"wp-image-437606\" srcset=\"https:\/\/notinor.com\/jujuy\/wp-content\/uploads\/2026\/01\/tren-descarrilado-espana.jpg 800w, https:\/\/notinor.com\/jujuy\/wp-content\/uploads\/2026\/01\/tren-descarrilado-espana-649x365.jpg 649w, https:\/\/notinor.com\/jujuy\/wp-content\/uploads\/2026\/01\/tren-descarrilado-espana-500x280.jpg 500w, https:\/\/notinor.com\/jujuy\/wp-content\/uploads\/2026\/01\/tren-descarrilado-espana-768x432.jpg 768w, https:\/\/notinor.com\/jujuy\/wp-content\/uploads\/2026\/01\/tren-descarrilado-espana-750x422.jpg 750w\" sizes=\"(max-width: 800px) 100vw, 800px\" \/><\/figure><\/div>\n\n\n<p><\/p>\n\n\n\n<p><strong>En plena borrasca Harry, y con el nivel rojo de la Agencia Estatal de Meteorolog\u00eda (Aemet) activado en la zona de Girona, se suceden dos incidencias ferroviarias. La de mayor calado se da entre los municipios de G\u00e9lida y Sant Sadurn\u00ed d\u2019Anoia, en la provincia de Barcelona, donde un tren de la l\u00ednea R4 ha descarrilado tras caer un muro a las v\u00edas. Hasta el momento se contabilizan 36 heridos y un fallecido. La persona que ha perdido la vida, seg\u00fan ha avanzado Catalunya R\u00e0dio, es el maquinista.<\/strong><\/p>\n\n\n\n<p>Por otro lado, desde la cuenta oficial de Protecci\u00f3 Civil en Catalu\u00f1a indican que el Sistema d\u2019Emerg\u00e8ncies M\u00e8diques (SEM) se ha desplazado hacia la zona siniestrada para atender las personas afectadas. Este mismo servicio ha activado 20 ambulancias. <strong>Mientras que se han desplazado 38 dotaciones de bomberos de la Generalitat de Catalu\u00f1a al lugar de los hechos, las cuales cuentan con 71 efectivos sobre el terreno, adem\u00e1s de Mossos d\u2019Esquadra. Asimismo, la circulaci\u00f3n por Rodalies queda suspendida \u201chasta nuevo aviso\u201d con motivo del temporal.<\/strong><\/p>\n\n\n\n<p>Tras el accidente, Protecci\u00f3n\u00a0Civil ha puesto en alerta el plan Ferrrocat en la l\u00ednea R4, dedicado a las actuaciones en emergencias en el transporte de viajeros. Hasta las 22 horas, el servicio 112 habr\u00eda recibido 28 llamadas a causa del descarrilamiento. <strong>Los hospitales colindantes ya se encuentran \u201ca punto\u201d, seg\u00fan indica Protecci\u00f3 Civil a trav\u00e9s de X, para atender a los afectados, entre los que hay 3 que se encuentran en estado grave. Uno de ellos hab\u00eda quedado atrapado en el interior de un vag\u00f3n y los bomberos han hecho maniobras para extraerlo.<\/strong><\/p>\n\n\n\n<p><strong>La segunda de las incidencias ha paralizado la circulaci\u00f3n de Rodalies entre las estaciones de Ma\u00e7anet Massanes y Tordera, en la provincia de Girona. El motivo ha sido por la presencia de piedras en las v\u00edas, que han provocado el descarrilamiento de uno de los trenes que circula por la l\u00ednea R1.<\/strong> Seg\u00fan ha informado La vanguardia, el tren ha descarrilado entre Blanes y Ma\u00e7anet impactando con una roca, por lo que ha perdido un eje. En todo el convoy viajaban diez pasajeros y no se ha registrado ning\u00fan herido.<\/p>\n\n\n\n<p class=\"has-medium-font-size\"><strong>Todos los pasajeros ya han sido rescatados: cinco en estado grave<\/strong><\/p>\n\n\n\n<p>El centro de operaciones, seg\u00fan relatan desde medios catalanes, se ha instalado en el campo de f\u00fatbol de Sant Sadurn\u00ed d\u2019Anoia, un pueblo al sur de Gelida y a escasos 12 kil\u00f3metros de la zona siniestrada. En estos momentos, Renfe est\u00e1 gestionando un servicio alternativo por carretera ante la paralizaci\u00f3n de las conexiones con los Rodalies. <strong>El tren, de la l\u00ednea R4 de Cercan\u00edas, hab\u00eda partido de Sant Vicent de Calders en direcci\u00f3n a Manresa. La compa\u00f1\u00eda ferroviaria espa\u00f1ola tambi\u00e9n ha habilitado el tel\u00e9fono 900 101 660 para atender a los familiares de las v\u00edctimas.<\/strong><\/p>\n\n\n\n<p><strong>En cuanto a los heridos, el servicio de emergencias catal\u00e1n informa a trav\u00e9s de X que hay 36 personas afectadas por el descarrilamiento. De ellos, cinco se encuentran en estado grave,<\/strong> dos de ellos en el Hospital Bellvitge, uno en la Vall d\u2019Hebron, uno en M\u00fatua Terrassa y otro en Moises Broggi. Otros seis pasajeros de ese tren de la l\u00ednea 4 est\u00e1n en estado menos grave: dos en el Hospital Moises Broggi, dos en el Hospital Camils, uno en Broggi y otro en Bellvitge. Otros 26 pasajeros atendidos por el SEM se encuentran en estado leve, algunos ubicados en el Hospital de Vilafranca (8), en Martorell (8) y en Broggi (1).<\/p>\n\n\n\n<p>Seg\u00fan ha informado el responsable de los bomberos desplazado a la zona, Claudi Gallardo, se ha instalado un punto de encuentro entre familiares en el Centro C\u00edvico de la Urbanizaci\u00f3n Casablanca, en la calle Moreres 2, para informar del estado de sus allegados. <strong>Del mismo modo, el bombero encargado ha informado que la mayor\u00eda de los heridos se encontraban en los primeros vagones. No obstante, ya han sido todos rescatados. Por ahora, las labores se centran en la contenci\u00f3n del muro desprendido y la revisi\u00f3n de este.<\/strong><\/p>\n\n\n\n<p class=\"has-medium-font-size\"><strong>El servicio de Rodalies no circular\u00e1 \u201chasta que se haya inspeccionado todo\u201d<\/strong><\/p>\n\n\n\n<p>En una comparecencia a los medios de comunicaci\u00f3n, la consellera de Interior, N\u00faria Parlon, ha reiterado que los servicios de emergencia trabajan en la zona para agilizar la recuperaci\u00f3n de las comunicaciones, pero afirman que est\u00e1 siendo complicado por la oscuridad. \u201cMa\u00f1ana va a ser un d\u00eda complicado\u201d, explica Parlon, dado que los trenes de Rodalies circular\u00e1n \u201chasta que se tenga la seguridad que se ha inspeccionado todo el servicio\u201d.<\/p>\n\n\n\n<p>Para otorgar m\u00e1s informaci\u00f3n, la portavoz del Govern, S\u00edlvia Paneque, ha se\u00f1alado que a las 9:30 horas se ha convocado un CECAT (Departamento de Interior y Seguridad P\u00fablica), junto a los t\u00e9cnicos de Adif que se encuentran trabajando sobre el terreno. <strong>Tambi\u00e9n ha apuntado que el tren ten\u00eda origen en Sant Vicen de Calders con direcci\u00f3n Manresa, y no Barcelona, como se hab\u00eda indicado en un primer momento.<\/strong><\/p>\n\n\n\n<p class=\"has-medium-font-size\"><strong>Autoridades catalanas llegan hasta Gelida por el descarrilamiento<\/strong><\/p>\n\n\n\n<p>Cuando a\u00fan no se conoc\u00edan fallecidos en el accidente en Gelida, en Barcelona, distintas autoridades catalanas se desplezaban hasta el lugar de los hechos. La consellera de Territorio, Vivienda y Transici\u00f3n Ecol\u00f3gica y portavoz del Govern, S\u00edlvia Paneque, y la consellera de Interior, N\u00faria Parlon, han acudido hasta el municipio catal\u00e1n. <strong>Por su parte, el alcalde de Gelida, Llu\u00eds Valls, indicaba a Catalunya R\u00e0dio antes de conocerse el fallecimiento del maquinista que podr\u00eda haber entre 20 y 40 heridos. Llegan m\u00e1s reacciones pol\u00edticas en redes sociales. Una de ellas es del delegado del Gobierno central en Catalu\u00f1a, quien se est\u00e1 desplazando hasta el centro de operaciones.<\/strong><\/p>\n\n\n\n<p>Seg\u00fan detalla en su cuenta de X Albert Dalmau, conseller de la Presidencia que ejerce funciones de presidente ante la hospitalizaci\u00f3n de Salvador Illa, las conselleras se han trasladado hasta all\u00ed \u201cpara seguir de primera mano la evoluci\u00f3n de la situaci\u00f3n y el despliegue de los servicios de emergencia sobre el terreno\u201d.<\/p>\n","protected":false},"excerpt":{"rendered":"<p>El primer convoy ha impactado contra una roca en Girona, mientras que el segundo ha chocado contra un muro en la provincia de Barcelona. En plena borrasca Harry, y con el nivel rojo de la Agencia Estatal de Meteorolog\u00eda (Aemet) activado en la zona de Girona, se suceden dos incidencias ferroviarias. La de mayor calado [&hellip;]<\/p>\n","protected":false},"author":49,"featured_media":437606,"comment_status":"open","ping_status":"open","sticky":false,"template":"","format":"standard","meta":{"_stopmodifiedupdate":false,"_modified_date":"","inline_featured_image":false,"spay_email":"","jetpack_publicize_message":""},"categories":[2,6],"tags":[],"jetpack_featured_media_url":"https:\/\/notinor.com\/jujuy\/wp-content\/uploads\/2026\/01\/tren-descarrilado-espana.jpg","jetpack_publicize_connections":[],"_links":{"self":[{"href":"https:\/\/notinor.com\/jujuy\/wp-json\/wp\/v2\/posts\/437605"}],"collection":[{"href":"https:\/\/notinor.com\/jujuy\/wp-json\/wp\/v2\/posts"}],"about":[{"href":"https:\/\/notinor.com\/jujuy\/wp-json\/wp\/v2\/types\/post"}],"author":[{"embeddable":true,"href":"https:\/\/notinor.com\/jujuy\/wp-json\/wp\/v2\/users\/49"}],"replies":[{"embeddable":true,"href":"https:\/\/notinor.com\/jujuy\/wp-json\/wp\/v2\/comments?post=437605"}],"version-history":[{"count":1,"href":"https:\/\/notinor.com\/jujuy\/wp-json\/wp\/v2\/posts\/437605\/revisions"}],"predecessor-version":[{"id":437607,"href":"https:\/\/notinor.com\/jujuy\/wp-json\/wp\/v2\/posts\/437605\/revisions\/437607"}],"wp:featuredmedia":[{"embeddable":true,"href":"https:\/\/notinor.com\/jujuy\/wp-json\/wp\/v2\/media\/437606"}],"wp:attachment":[{"href":"https:\/\/notinor.com\/jujuy\/wp-json\/wp\/v2\/media?parent=437605"}],"wp:term":[{"taxonomy":"category","embeddable":true,"href":"https:\/\/notinor.com\/jujuy\/wp-json\/wp\/v2\/categories?post=437605"},{"taxonomy":"post_tag","embeddable":true,"href":"https:\/\/notinor.com\/jujuy\/wp-json\/wp\/v2\/tags?post=437605"}],"curies":[{"name":"wp","href":"https:\/\/api.w.org\/{rel}","templated":true}]}}