{"id":437517,"date":"2026-01-17T21:00:32","date_gmt":"2026-01-18T00:00:32","guid":{"rendered":"https:\/\/notinor.com\/jujuy\/?p=437517"},"modified":"2026-01-17T21:00:34","modified_gmt":"2026-01-18T00:00:34","slug":"con-milei-y-sin-lula-da-silva-el-mercosur-y-la-union-europea-sellaron-hoy-un-historico-acuerdo-en-paraguay","status":"publish","type":"post","link":"https:\/\/notinor.com\/jujuy\/con-milei-y-sin-lula-da-silva-el-mercosur-y-la-union-europea-sellaron-hoy-un-historico-acuerdo-en-paraguay\/","title":{"rendered":"Con Milei y sin Lula da Silva, el Mercosur y la Uni\u00f3n Europea sellaron hoy un hist\u00f3rico acuerdo en Paraguay"},"content":{"rendered":"\n<p class=\"has-medium-font-size\"><strong><em>La ceremonia oficial se realiz\u00f3 este mediod\u00eda en Asunci\u00f3n. Seg\u00fan el mandatario argentino, se trata del logro \u201cm\u00e1s importante de la historia del Mercosur\u201d tras 26 a\u00f1os de negociaciones. El pacto representa una asociaci\u00f3n que abarca un cuarto del PIB mundial y m\u00e1s de 700 millones de habitantes.<\/em><\/strong><\/p>\n\n\n\n<p><\/p>\n\n\n<div class=\"wp-block-image\">\n<figure class=\"aligncenter size-full\"><img decoding=\"async\" loading=\"lazy\" width=\"800\" height=\"450\" src=\"https:\/\/notinor.com\/jujuy\/wp-content\/uploads\/2026\/01\/mercosur-UE.jpg\" alt=\"\" class=\"wp-image-437518\" srcset=\"https:\/\/notinor.com\/jujuy\/wp-content\/uploads\/2026\/01\/mercosur-UE.jpg 800w, https:\/\/notinor.com\/jujuy\/wp-content\/uploads\/2026\/01\/mercosur-UE-649x365.jpg 649w, https:\/\/notinor.com\/jujuy\/wp-content\/uploads\/2026\/01\/mercosur-UE-500x280.jpg 500w, https:\/\/notinor.com\/jujuy\/wp-content\/uploads\/2026\/01\/mercosur-UE-768x432.jpg 768w, https:\/\/notinor.com\/jujuy\/wp-content\/uploads\/2026\/01\/mercosur-UE-750x422.jpg 750w\" sizes=\"(max-width: 800px) 100vw, 800px\" \/><\/figure><\/div>\n\n\n<p><\/p>\n\n\n\n<p><strong>Esta tarde en Asunci\u00f3n, Paraguay, se cerr\u00f3 uno de los acuerdos de asociaci\u00f3n m\u00e1s grandes del mundo. Tras 26 a\u00f1os de negociaciones, los cancilleres del Mercosur y representantes de la Uni\u00f3n Europea (UE) firmaron el documento final que da pie a una alianza que engloba al 25% del PIB e implica un mercado com\u00fan de 700 millones de personas, el cual promete transformar las relaciones pol\u00edticas y econ\u00f3micas de ambas regiones.<\/strong><\/p>\n\n\n\n<p>La r\u00fabrica del acuerdo de libre comercio entre el Mercosur y la UE se llev\u00f3 a cabo a las 13.50 horas en el Gran Teatro \u201cJos\u00e9 Asunci\u00f3n Flores\u201d del Banco Central de Paraguay. A excepci\u00f3n del brasile\u00f1o Lula da Silva, estuvieron todos los jefes de Estado de los pa\u00edses latinoamericanos que suscribieron al tratado: <strong>Javier Milei (Argentina), Rodrigo Paz (Bolivia), Yamand\u00fa Orsi (Uruguay), Jos\u00e9 Ra\u00fal Muli\u00f1o (Panam\u00e1) y Santiago Pe\u00f1a (Paraguay), quien oficia de anfitri\u00f3n por ser el titular pro tempore del Mercosur. Tambi\u00e9n estaban los presidentes de la Comisi\u00f3n Europea, Ursula von der Leyen, y del Consejo Europeo, Antonio Costa, como representantes de la UE.<\/strong><\/p>\n\n\n\n<p><strong>Pese a estar presentes los presidentes, la firma fue hecha por los cancilleres del Mercosur, Rub\u00e9n Ram\u00edrez Lezcano (Paraguay), Pablo Quirno (Argentina), Mauro Vieira (Brasil), Fernando Aramayo (Bolivia), Mario Lubetkin (Uruguay) y Javier Mart\u00ednez-Acha<\/strong>. Por parte de la Uni\u00f3n Europea, la firma recay\u00f3 en el comisario de Comercio, Maro\u0161 \u0160ef\u010dovi\u010d. Esta modalidad de la ceremonia la decidi\u00f3 semanas atr\u00e1s Paraguay debido a que, en el caso de la UE, los firmantes formales son los ministros.<\/p>\n\n\n\n<p><strong>Lula se excus\u00f3 de ir a Asunci\u00f3n al decir que no estaba previsto que los presidentes asistieran a la firma. <\/strong>En el marco de las tensiones que tiene con Milei, aprovech\u00f3 que ten\u00eda un encuentro previamente pactado en R\u00edo de Janeiro con Costa y von der Leyen para no tener que ir a Paraguay, no cruzarse con el argentino y capitalizar con un acto separado los esfuerzos que hizo en los \u00faltimos meses para que saliera este tratado.<\/p>\n\n\n\n<p><strong>Milei arrib\u00f3 a Asunci\u00f3n a las 11 de la ma\u00f1ana acompa\u00f1ado por el ministro de Relaciones Exteriores, Pablo Quirno. All\u00ed los esperaban el secretario de Relaciones Econ\u00f3micas Internacionales, Fernando Brun; y el embajador de Argentina en Paraguay, Guillermo Nielsen.<\/strong><\/p>\n\n\n\n<p>Al momento de su alocuci\u00f3n, Milei catalog\u00f3 al acuerdo como el logro m\u00e1s importante de la historia del Mercosur, y alent\u00f3 a que el bloque siga con medidas de la misma naturaleza. Afirm\u00f3 que sin importar las consideraciones de los otros pa\u00edses del Mercosur, su administraci\u00f3n va a seguir con negociaciones propias con pa\u00edses como Estados Unidos, Jap\u00f3n, Emiratos \u00c1rabes Unidos, entre otros. <strong>\u201cLa Argentina no se detiene en este acuerdo. Tenemos que ser m\u00e1s din\u00e1micos y acelerar con una econom\u00eda global. Argentina continuar\u00e1 impulsando nuevas iniciativas comerciales con todos aquellos socios que compartan una visi\u00f3n de apertura de mercado y libertad\u201d, <\/strong>agreg\u00f3.<\/p>\n\n\n\n<p>Si bien salud\u00f3 a su par de Italia, Giorgia Meloni, critic\u00f3 a sus colegas europeos por querer desnaturalizar el acuerdo con las denominadas salvaguardas, que generan ciertas excepcionalidades a las condiciones pactadas en el documento birregional.<\/p>\n\n\n\n<p>En su breve discurso, Milei inform\u00f3 que llevar\u00e1 la firma del acuerdo Mercosur-UE al Congreso durante las sesiones extraordinarias de febrero para que sea aprobado cuanto antes. \u00bfQu\u00e9 deber\u00e1 hacer el Gobierno una vez entrado en vigencia el acuerdo? <strong>Fuentes oficiales indicaron que la Secretar\u00eda de Coordinaci\u00f3n de Producci\u00f3n, a cargo de Pablo Lavigne, deber\u00e1 \u201cadaptar los reglamentos t\u00e9cnicos vigentes para alinearlos con lo pactado sobre reconocimiento mutuo o equivalencias y ajustar procedimientos de evaluaci\u00f3n de conformidad, establecer la norma de origen para permitir la autocertificaci\u00f3n e implementar las resoluciones anticipadas de origen\u201d.<\/strong><\/p>\n\n\n\n<p>Santi Pe\u00f1a, el presidente anfitri\u00f3n, destac\u00f3 la consolidaci\u00f3n del acuerdo y dijo que Europa y Sudam\u00e9rica \u201cdeben unirse para mostrar un camino diferente en un mundo complejo, inestable, peligroso\u201d. <strong>\u201cNecesitamos un futuro que re\u00fana lo mejor de la cultura europea con lo mejor de la sudamericana para generar una nueva s\u00edntesis. M\u00e1s integraci\u00f3n, m\u00e1s cooperaci\u00f3n, m\u00e1s fraternidad y, sobre todo, m\u00e1s humanidad\u201d,<\/strong> concluy\u00f3. Pese a que es el principal aliado de la regi\u00f3n de Milei, el paraguayo hizo equilibrio y mencion\u00f3 en varias ocasiones a Lula y su rol en la concreci\u00f3n del acuerdo. El argentino no aplaudi\u00f3 en ninguno de esos momentos, configurando uno de los momentos de color del acuerdo.<\/p>\n\n\n\n<p><strong>La l\u00edder de la Comisi\u00f3n Europea destac\u00f3 que con este acuerdo se consolida la posici\u00f3n de Europa como principal inversor extranjero en la regi\u00f3n, con beneficios para 60.000 empresas de ese continente. <\/strong>Vinculado a aquello, von der Leyen enfatiz\u00f3 el car\u00e1cter geopol\u00edtico que conlleva la asociaci\u00f3n entre ambos bloques. \u201cEstamos creando una plataforma para trabajar en una serie de temas globales, desde proteger nuestro valioso entorno natural hasta proponer una competitividad mucho m\u00e1s din\u00e1mica y desatarla para la reforma de las instituciones globales; uniremos fuerzas como nunca antes\u201d, marc\u00f3.<\/p>\n\n\n\n<p><strong>En un comunicado posterior a la firma, la Canciller\u00eda indic\u00f3 que \u201cel Acuerdo abre nuevas oportunidades para la inserci\u00f3n internacional del Mercosur\u201d y que \u201cpermitir\u00e1 diversificar y ampliar la canasta exportadora e incorporar nuevos productos y servicios al comercio bilateral\u201d.<\/strong><\/p>\n\n\n\n<p class=\"has-medium-font-size\"><strong>\u00bfQu\u00e9 es el Acuerdo Mercosur-Uni\u00f3n Europea?<\/strong><\/p>\n\n\n\n<p>El acuerdo de asociaci\u00f3n entre el Mercosur y la Uni\u00f3n Europea representa una oportunidad estrat\u00e9gica para ambos bloques, con el potencial de transformar el escenario geopol\u00edtico y econ\u00f3mico global. <strong>Se trata de un pacto que abarca dimensiones comerciales, pol\u00edticas y de cooperaci\u00f3n, y que origina uno de los espacios econ\u00f3micos integrados m\u00e1s relevantes, con cerca de 700 millones de personas y alrededor del 25% del PIB mundial.<\/strong><\/p>\n\n\n\n<p>El tratado propone la eliminaci\u00f3n progresiva de m\u00e1s del 90% de los aranceles bilaterales, la reducci\u00f3n de barreras no arancelarias y la unificaci\u00f3n de regulaciones en \u00e1reas como inversiones, propiedad intelectual y est\u00e1ndares sanitarios y t\u00e9cnicos.<\/p>\n\n\n\n<p>El acuerdo permitir\u00eda al Mercosur acceder de manera preferencial a uno de los mercados de mayor poder adquisitivo del mundo, lo que beneficiar\u00eda sobre todo a su sector agroindustrial y a la exportaci\u00f3n de minerales, alimentos procesados y manufacturas agropecuarias. <strong>Para la Uni\u00f3n Europea, el acuerdo fortalecer\u00eda su presencia en Am\u00e9rica del Sur y diversificar\u00eda sus proveedores estrat\u00e9gicos, especialmente en un contexto de competencia global creciente. Adem\u00e1s, las empresas europeas podr\u00edan lograr un ahorro anual estimado en hasta 4.000 millones de euros por la reducci\u00f3n de derechos aduaneros, mientras que los flujos de inversi\u00f3n extranjera directa desde Europa hacia el Mercosur podr\u00edan duplicarse.<\/strong><\/p>\n\n\n\n<p>Para el caso argentino, Canciller\u00eda prev\u00e9 que las exportaciones argentinas a la UE crezcan un 76% en los primeros cinco a\u00f1os de vigencia y hasta un 122% en un horizonte de diez a\u00f1os. <strong>\u201cLas exportaciones pasar\u00edan de casi USD 8.641 millones en 2025 a USD 15.166 millones en el plazo de cinco a\u00f1os y a USD 19.165 millones, m\u00e1s que duplic\u00e1ndose en un horizonte de diez a\u00f1os\u201d<\/strong>, dijeron. En particular, destacan que habr\u00e1 fuerte dinamismo de sectores como la energ\u00eda y la miner\u00eda, en particular los proyectos vinculados al litio, el cobre y los hidrocarburos.<\/p>\n\n\n\n<p><strong>Hoy el intercambio comercial entre ambos bloques supera los 111.000 millones de euros, con Europa como un mercado clave para productos agr\u00edcolas sudamericanos, y el Mercosur como destino de maquinaria, autom\u00f3viles, productos qu\u00edmicos y farmac\u00e9uticos europeos. <\/strong>Sin embargo, la relaci\u00f3n no es sim\u00e9trica y existen sectores vulnerables en ambos bloques. Las manufacturas del Mercosur, como textiles, calzado y metalmec\u00e1nica, enfrentar\u00e1n mayor competencia europea, mientras que la agricultura europea teme el impacto de la entrada de productos sudamericanos.<\/p>\n\n\n\n<p>Entre los principales desaf\u00edos se encuentra la necesidad de superar obst\u00e1culos pol\u00edticos y regulatorios, as\u00ed como de articular pol\u00edticas compensatorias y mecanismos de adaptaci\u00f3n para mitigar el impacto sobre sectores sensibles y pymes. El cumplimiento de exigencias ambientales europeas en materia de deforestaci\u00f3n, trazabilidad y derechos laborales tambi\u00e9n exigir\u00e1 inversiones y adaptaciones productivas en el Mercosur.<\/p>\n\n\n\n<p>La consultora ABECEB analiz\u00f3 en uno de sus informes especiales sobre el tema que el acuerdo tiene una fuerte dimensi\u00f3n geopol\u00edtica: <strong>1) para la Uni\u00f3n Europea, el tratado sirve para reducir la dependencia de Asia y reforzar su influencia en Am\u00e9rica del Sur; 2) en tanto, el Mercosur podr\u00e1 diversificar alianzas, reducir la dependencia de China y reposicionarse como actor relevante en el comercio global.<\/strong><\/p>\n\n\n\n<p>La viabilidad del acuerdo depende de la capacidad de ambos bloques para liderar el proceso en contextos de volatilidad pol\u00edtica y presiones internas. En Europa, la oposici\u00f3n de algunos pa\u00edses mantiene en duda la ratificaci\u00f3n plena, mientras que en el Mercosur la falta de una institucionalidad supranacional obliga a la ratificaci\u00f3n individual de cada Estado miembro.<strong> Como alternativa, se contempla un Acuerdo Interino que permitir\u00eda aplicar de inmediato la parte comercial, aunque su entrada en vigor depende de la aprobaci\u00f3n en el Parlamento Europeo y la ratificaci\u00f3n de todos los pa\u00edses del Mercosur.<\/strong><\/p>\n","protected":false},"excerpt":{"rendered":"<p>La ceremonia oficial se realiz\u00f3 este mediod\u00eda en Asunci\u00f3n. Seg\u00fan el mandatario argentino, se trata del logro \u201cm\u00e1s importante de la historia del Mercosur\u201d tras 26 a\u00f1os de negociaciones. El pacto representa una asociaci\u00f3n que abarca un cuarto del PIB mundial y m\u00e1s de 700 millones de habitantes. Esta tarde en Asunci\u00f3n, Paraguay, se cerr\u00f3 [&hellip;]<\/p>\n","protected":false},"author":49,"featured_media":437518,"comment_status":"open","ping_status":"open","sticky":false,"template":"","format":"standard","meta":{"_stopmodifiedupdate":false,"_modified_date":"","inline_featured_image":false,"spay_email":"","jetpack_publicize_message":""},"categories":[2,501],"tags":[],"jetpack_featured_media_url":"https:\/\/notinor.com\/jujuy\/wp-content\/uploads\/2026\/01\/mercosur-UE.jpg","jetpack_publicize_connections":[],"_links":{"self":[{"href":"https:\/\/notinor.com\/jujuy\/wp-json\/wp\/v2\/posts\/437517"}],"collection":[{"href":"https:\/\/notinor.com\/jujuy\/wp-json\/wp\/v2\/posts"}],"about":[{"href":"https:\/\/notinor.com\/jujuy\/wp-json\/wp\/v2\/types\/post"}],"author":[{"embeddable":true,"href":"https:\/\/notinor.com\/jujuy\/wp-json\/wp\/v2\/users\/49"}],"replies":[{"embeddable":true,"href":"https:\/\/notinor.com\/jujuy\/wp-json\/wp\/v2\/comments?post=437517"}],"version-history":[{"count":1,"href":"https:\/\/notinor.com\/jujuy\/wp-json\/wp\/v2\/posts\/437517\/revisions"}],"predecessor-version":[{"id":437519,"href":"https:\/\/notinor.com\/jujuy\/wp-json\/wp\/v2\/posts\/437517\/revisions\/437519"}],"wp:featuredmedia":[{"embeddable":true,"href":"https:\/\/notinor.com\/jujuy\/wp-json\/wp\/v2\/media\/437518"}],"wp:attachment":[{"href":"https:\/\/notinor.com\/jujuy\/wp-json\/wp\/v2\/media?parent=437517"}],"wp:term":[{"taxonomy":"category","embeddable":true,"href":"https:\/\/notinor.com\/jujuy\/wp-json\/wp\/v2\/categories?post=437517"},{"taxonomy":"post_tag","embeddable":true,"href":"https:\/\/notinor.com\/jujuy\/wp-json\/wp\/v2\/tags?post=437517"}],"curies":[{"name":"wp","href":"https:\/\/api.w.org\/{rel}","templated":true}]}}