{"id":437514,"date":"2026-01-16T23:49:19","date_gmt":"2026-01-17T02:49:19","guid":{"rendered":"https:\/\/notinor.com\/jujuy\/?p=437514"},"modified":"2026-01-16T23:49:21","modified_gmt":"2026-01-17T02:49:21","slug":"chuli-jorge-recibio-a-la-asociacion-jujena-de-taxistas-jujuy-con-vistas-al-v-congreso-internacional-de-mujeres-conductoras","status":"publish","type":"post","link":"https:\/\/notinor.com\/jujuy\/chuli-jorge-recibio-a-la-asociacion-jujena-de-taxistas-jujuy-con-vistas-al-v-congreso-internacional-de-mujeres-conductoras\/","title":{"rendered":"\"Chuli\" Jorge recibi\u00f3 a la Asociaci\u00f3n Juje\u00f1a de Taxistas Jujuy con vistas al V Congreso Internacional de Mujeres Conductoras"},"content":{"rendered":"\n<p class=\"has-medium-font-size\"><strong><em>El intendente, Ra\u00fal \u201cChuli \u201dJorge , recibi\u00f3 la \u00a0visita de la comisi\u00f3n directiva de la Asociaci\u00f3n de Mujeres Taxistas Jujuy , que estar\u00e1 a cargo de la organizaci\u00f3n y log\u00edstica del V Congreso Internacional de Mujeres Conductoras a realizarse los d\u00edas 5, 6 y 7 de mayo en la provincia.<\/em><\/strong><\/p>\n\n\n\n<p><\/p>\n\n\n<div class=\"wp-block-image\">\n<figure class=\"aligncenter size-full\"><img decoding=\"async\" loading=\"lazy\" width=\"800\" height=\"450\" src=\"https:\/\/notinor.com\/jujuy\/wp-content\/uploads\/2026\/01\/mujeres-taxistas.jpg\" alt=\"\" class=\"wp-image-437515\" srcset=\"https:\/\/notinor.com\/jujuy\/wp-content\/uploads\/2026\/01\/mujeres-taxistas.jpg 800w, https:\/\/notinor.com\/jujuy\/wp-content\/uploads\/2026\/01\/mujeres-taxistas-649x365.jpg 649w, https:\/\/notinor.com\/jujuy\/wp-content\/uploads\/2026\/01\/mujeres-taxistas-500x280.jpg 500w, https:\/\/notinor.com\/jujuy\/wp-content\/uploads\/2026\/01\/mujeres-taxistas-768x432.jpg 768w, https:\/\/notinor.com\/jujuy\/wp-content\/uploads\/2026\/01\/mujeres-taxistas-750x422.jpg 750w\" sizes=\"(max-width: 800px) 100vw, 800px\" \/><\/figure><\/div>\n\n\n<p><\/p>\n\n\n\n<p>El municipio pondr\u00e1 a disposici\u00f3n de las organizadoras todo el equipo de trabajo y la disponibilidad de los centros culturales para que la ciudad sea la mejor anfitriona en un evento que tendr\u00e1 conductoras de diferentes puntos del pa\u00eds con la participaci\u00f3n especial de una delegaci\u00f3n de Bolivia.<\/p>\n\n\n\n<p>En este sentido, el intendente Ra\u00fal \u201cChuli\u201d Jorge, expres\u00f3 la voluntad de colaboraci\u00f3n del municipio para que la organizaci\u00f3n del Congreso se realice de la mejor manera, \u201ceste congreso que se realizar\u00e1 el 5, 6 y 7 de mayo contar\u00e1 con todo el apoyo del municipio para que sea un \u00e9xito ya que tendr\u00e1 una convocatoria internacional. Estamos totalmente predispuestos y a la vez las felicitamos por la asociaci\u00f3n que formaron y todo lo que est\u00e1n logrando de manera ordenada con su personer\u00eda jur\u00eddica, ahora con una aplicaci\u00f3n y su predisposici\u00f3n para seguir brindando servicios de calidad\u201d.<\/p>\n\n\n\n<p>En cuanto, al trabajo que viene realizando la Asociaci\u00f3n de Juje\u00f1a de Conductoras, Ra\u00fal Jorge, destac\u00f3 la iniciativa para seguir difundiendo sus servicios, \u201ces interesante lo que est\u00e1n haciendo nuestras mujeres taxistas utilizando otros mecanismos para difundir su trabajo y la seguridad que ellas brindan a trav\u00e9s de &nbsp;una aplicaci\u00f3n exclusivamente dedicada a la seguridad de las mujeres otorgando un movimiento importante en el transporte especial y diferencial de la ciudad\u201d.<\/p>\n\n\n\n<p>Por su parte, el secretario de Servicios P\u00fablicos, Guillermo Marenco, mencion\u00f3 el compromiso del municipio desde al a\u00f1o 2010 con la creaci\u00f3n de la primera Escuela de Conductoras de \u00d3mnibus a nivel nacional, \u201cel hecho de que se vaya incorporando la mujer en el servicio del transporte alternativo tiene una plusval\u00eda importante por el lugar que vienen ocupando en las diferentes empresas. Hoy podemos mencionar que tenemos conductoras manejando camiones, mujeres motoristas en tr\u00e1nsito lo que va marcando la pol\u00edtica de estado y la gran apertura de mente respecto de los cambios que viene marcando la sociedad y de parte del intendente Jorge y todo el equipo de trabajo\u201d.<\/p>\n\n\n\n<p>Por \u00faltimo, la presidenta de la Asociaci\u00f3n de Mujeres Taxistas de Jujuy, Roc\u00edo P\u00e9rez, indic\u00f3 la importancia que tiene para su instituci\u00f3n y para el colectivo de mujeres la realizaci\u00f3n del V Congreso Internacional de Mujeres Conductoras &nbsp;en el mes de mayo, \u201destamos en plena organizaci\u00f3n y quer\u00edamos comentarle al intendente Jorge nuestras intenciones y nuestro trabajo como conductoras nucleadas en la capital con nuestro servicio especial de mujer para mujer y el programa que tenemos armado para recibir a conductoras de diferentes lugares del pa\u00eds y del \u00e1mbito internacional\u201d.<\/p>\n","protected":false},"excerpt":{"rendered":"<p>El intendente, Ra\u00fal \u201cChuli \u201dJorge , recibi\u00f3 la \u00a0visita de la comisi\u00f3n directiva de la Asociaci\u00f3n de Mujeres Taxistas Jujuy , que estar\u00e1 a cargo de la organizaci\u00f3n y log\u00edstica del V Congreso Internacional de Mujeres Conductoras a realizarse los d\u00edas 5, 6 y 7 de mayo en la provincia. El municipio pondr\u00e1 a disposici\u00f3n [&hellip;]<\/p>\n","protected":false},"author":49,"featured_media":437515,"comment_status":"open","ping_status":"open","sticky":false,"template":"","format":"standard","meta":{"_stopmodifiedupdate":false,"_modified_date":"","inline_featured_image":false,"spay_email":"","jetpack_publicize_message":""},"categories":[2,514],"tags":[],"jetpack_featured_media_url":"https:\/\/notinor.com\/jujuy\/wp-content\/uploads\/2026\/01\/mujeres-taxistas.jpg","jetpack_publicize_connections":[],"_links":{"self":[{"href":"https:\/\/notinor.com\/jujuy\/wp-json\/wp\/v2\/posts\/437514"}],"collection":[{"href":"https:\/\/notinor.com\/jujuy\/wp-json\/wp\/v2\/posts"}],"about":[{"href":"https:\/\/notinor.com\/jujuy\/wp-json\/wp\/v2\/types\/post"}],"author":[{"embeddable":true,"href":"https:\/\/notinor.com\/jujuy\/wp-json\/wp\/v2\/users\/49"}],"replies":[{"embeddable":true,"href":"https:\/\/notinor.com\/jujuy\/wp-json\/wp\/v2\/comments?post=437514"}],"version-history":[{"count":1,"href":"https:\/\/notinor.com\/jujuy\/wp-json\/wp\/v2\/posts\/437514\/revisions"}],"predecessor-version":[{"id":437516,"href":"https:\/\/notinor.com\/jujuy\/wp-json\/wp\/v2\/posts\/437514\/revisions\/437516"}],"wp:featuredmedia":[{"embeddable":true,"href":"https:\/\/notinor.com\/jujuy\/wp-json\/wp\/v2\/media\/437515"}],"wp:attachment":[{"href":"https:\/\/notinor.com\/jujuy\/wp-json\/wp\/v2\/media?parent=437514"}],"wp:term":[{"taxonomy":"category","embeddable":true,"href":"https:\/\/notinor.com\/jujuy\/wp-json\/wp\/v2\/categories?post=437514"},{"taxonomy":"post_tag","embeddable":true,"href":"https:\/\/notinor.com\/jujuy\/wp-json\/wp\/v2\/tags?post=437514"}],"curies":[{"name":"wp","href":"https:\/\/api.w.org\/{rel}","templated":true}]}}