{"id":437507,"date":"2026-01-16T22:45:29","date_gmt":"2026-01-17T01:45:29","guid":{"rendered":"https:\/\/notinor.com\/jujuy\/?p=437507"},"modified":"2026-01-16T22:45:31","modified_gmt":"2026-01-17T01:45:31","slug":"milei-confirmo-parte-de-su-agenda-en-davos-cumbre-con-ceos-de-bancos-y-saludo-formal-con-un-presidente","status":"publish","type":"post","link":"https:\/\/notinor.com\/jujuy\/milei-confirmo-parte-de-su-agenda-en-davos-cumbre-con-ceos-de-bancos-y-saludo-formal-con-un-presidente\/","title":{"rendered":"Milei confirm\u00f3 parte de su agenda en Davos: cumbre con CEOs de bancos y saludo formal con un presidente"},"content":{"rendered":"\n<p class=\"has-medium-font-size\"><strong><em>El jefe de Estado ya tiene cerradas sus primeras actividades en el evento econ\u00f3mico celebrado en Suiza. El resto de la agenda y el avance del discurso disruptivo que busca hacer para la edici\u00f3n de este a\u00f1o.<\/em><\/strong><\/p>\n\n\n\n<p><\/p>\n\n\n<div class=\"wp-block-image\">\n<figure class=\"aligncenter size-large\"><img decoding=\"async\" loading=\"lazy\" width=\"820\" height=\"480\" src=\"https:\/\/notinor.com\/jujuy\/wp-content\/uploads\/2026\/01\/javier-milei-820x480.jpg\" alt=\"\" class=\"wp-image-437508\" srcset=\"https:\/\/notinor.com\/jujuy\/wp-content\/uploads\/2026\/01\/javier-milei-820x480.jpg 820w, https:\/\/notinor.com\/jujuy\/wp-content\/uploads\/2026\/01\/javier-milei-623x365.jpg 623w, https:\/\/notinor.com\/jujuy\/wp-content\/uploads\/2026\/01\/javier-milei-768x450.jpg 768w, https:\/\/notinor.com\/jujuy\/wp-content\/uploads\/2026\/01\/javier-milei-750x439.jpg 750w, https:\/\/notinor.com\/jujuy\/wp-content\/uploads\/2026\/01\/javier-milei.jpg 992w\" sizes=\"(max-width: 820px) 100vw, 820px\" \/><\/figure><\/div>\n\n\n<p><\/p>\n\n\n\n<p>A pocos d\u00edas de su partida, Javier Milei se prepara para mantener una nutrida agenda en el Foro Econ\u00f3mico Mundial de Davos, donde buscar\u00e1 aprovechar esa vidriera para difundir su imagen como referente de la derecha global y mantener reuniones con l\u00edderes de Estado, econ\u00f3micos y de empresas multinacionales.<\/p>\n\n\n\n<p>El Presidente partir\u00e1 el lunes desde Buenos Aires rumbo a Z\u00farich, donde har\u00e1 escala para luego ir hacia Davos. Volver\u00e1 al pa\u00eds el viernes, sin tener previsto un paso por Estados Unidos, tal y como algunas fuentes hab\u00edan hecho trascender semanas atr\u00e1s.<\/p>\n\n\n\n<p>La comitiva estar\u00e1 compuesta por la secretaria general de la Presidencia, Karina Milei; el ministro de Econom\u00eda, Luis Caputo; y el canciller Pablo Quirno. Al contrario de otros a\u00f1os, quien se quedar\u00e1 en Casa Rosada ser\u00e1 el jefe de Gabinete, Manuel Adorni. Alegan que \u201ctiene que haber alguien de confianza y con poder\u201d mientras parte de la c\u00fapula del Gobierno mantiene las actividades en Suiza.<\/p>\n\n\n\n<p>El punto m\u00e1s \u00e1lgido del paso de Milei por el influyente foro econ\u00f3mico se dar\u00e1 el mi\u00e9rcoles a las 11:45 horas de Argentina cuando Milei d\u00e9 un discurso especial de media hora en un bloque que se titula \u00bfC\u00f3mo podemos cooperar en un mundo m\u00e1s disputado?<\/p>\n\n\n\n<p>Un alt\u00edsimo integrante del Poder Ejecutivo indic\u00f3 ante Infobae que el discurso de Milei todav\u00eda no termin\u00f3 de escribirse y sigue abierto a nuevas ideas.<\/p>\n\n\n\n<p>El objetivo final para la comitiva argentina, de acuerdo con fuentes de la Casa Rosada, es que la visibilidad de Davos sirva para amplificar la impronta internacional de Milei y marcar el pulso del debate ideol\u00f3gico global, avanzando en la profundizaci\u00f3n de un rumbo inaugurado en la edici\u00f3n 2024 del foro, tildada puertas adentro como \u201cfundacional\u201d para la proyecci\u00f3n internacional del mandatario.<\/p>\n\n\n\n<p>El discurso incluir\u00e1 una reafirmaci\u00f3n de principios como la familia, las tradiciones, el libre comercio y el capitalismo, valores que, seg\u00fan el equipo presidencial, est\u00e1n cuestionados por sectores de izquierda. El texto remitir\u00e1 a conceptos ya presentes en intervenciones previas: Milei planea exhortar a que \u201cel mundo occidental recupere el sentido com\u00fan\u201d y renovar su rechazo a la llamada \u201cideolog\u00eda woke\u201d, postura que en su participaci\u00f3n anterior suscit\u00f3 cr\u00edticas y protestas del colectivo LGBT.<\/p>\n\n\n\n<p>\u201cEs una forma de posicionarse como el l\u00edder global en el que ya se convirti\u00f3. El del a\u00f1o pasado gener\u00f3 m\u00e1s controversia, pero eso no lo incomoda a Javier. Cree que la provocaci\u00f3n es parte de la batalla cultural\u201d, marca una persona que lo conoce al dedillo.<\/p>\n\n\n\n<p>Mientras tanto, la agenda del Presidente en Suiza se encuentra en definici\u00f3n constante, pero ya tiene sus primeras novedades.<\/p>\n\n\n\n<p>Antes de su discurso frente a los l\u00edderes de Davos, Milei ya tiene pactado un encuentro con CEOs de bancos mundiales. En su entorno tambi\u00e9n indicaron a Infobae que \u201cel martes se va a reunir con un emprendedor muy importante\u201d y que el mi\u00e9rcoles tendr\u00e1 un saludo formal -con foto- con el presidente de Suiza, Guy Parmelin. Prev\u00e9n que pueda haber alguna cumbre m\u00e1s con otro jefe de Estado, pero debe confirmarse en los pr\u00f3ximos d\u00edas. Tambi\u00e9n tiene en agenda dos entrevistas con medios internacionales, aunque no se comunic\u00f3 qu\u00e9 d\u00eda ser\u00e1.<\/p>\n\n\n\n<p>El canciller Quirno y Caputo tambi\u00e9n est\u00e1n preparando un cronograma de actividades, aunque desde sus respectivas \u00e1reas todav\u00eda no oficializaron qu\u00e9 reuniones pueden llegar a haber.<\/p>\n\n\n\n<p>D\u00edas atr\u00e1s dijeron a Infobae que no se estaba buscando para Milei una reuni\u00f3n con el presidente de Estados Unidos, Donald Trump, ni con los funcionarios que lo acompa\u00f1an a Davos. Entre ellos est\u00e1n los secretarios de Comercio y Energ\u00eda, Howard Lutnick y Chris Wright, y el representante comercial Jameson Greer.<\/p>\n\n\n\n<p>Este \u00faltimo fue clave en las tratativas al respecto de la firma del Acuerdo Marco entre Argentina y Estados Unidos. Todav\u00eda falta la ratificaci\u00f3n de la letra chica del acuerdo, sobre el cual hay versiones encontradas sobre su grado de avance: algunas voces del Gobierno indicaron que est\u00e1 demorado, mientras que otros -muy importantes- dijeron que faltan \u201cnegociar dos o tres aspectos m\u00e1s\u201d. Lo cierto es que no estar\u00eda previsto para el cort\u00edsimo plazo.<\/p>\n\n\n\n<p>Habr\u00e1 m\u00e1s l\u00edderes globales en Davos. Suiza anunci\u00f3 un dispositivo especial con hasta 5.000 militares para asegurar la seguridad en el cant\u00f3n de Grisones, donde se desarrollar\u00e1 el foro. El evento internacional, que contar\u00e1 tambi\u00e9n con la participaci\u00f3n de figuras como Volod\u00edmir Zelenski, presidente de Ucrania, y Ursula von der Leyen, titular de la Comisi\u00f3n Europea.<\/p>\n\n\n\n<p>Tambi\u00e9n cabe la posibilidad de que algunos integrantes de la comitiva puedan encontrarse con la directora gerente del Fondo Monetario Internacional, Kristalina Georgieva, quien intervendr\u00e1 en tres jornadas sobre inteligencia artificial, crecimiento global y proyecciones econ\u00f3micas para 2026. Cada uno de estos puntos figura entre los intereses prioritarios del presidente argentino.<\/p>\n","protected":false},"excerpt":{"rendered":"<p>El jefe de Estado ya tiene cerradas sus primeras actividades en el evento econ\u00f3mico celebrado en Suiza. El resto de la agenda y el avance del discurso disruptivo que busca hacer para la edici\u00f3n de este a\u00f1o. A pocos d\u00edas de su partida, Javier Milei se prepara para mantener una nutrida agenda en el Foro [&hellip;]<\/p>\n","protected":false},"author":49,"featured_media":437508,"comment_status":"open","ping_status":"open","sticky":false,"template":"","format":"standard","meta":{"_stopmodifiedupdate":false,"_modified_date":"","inline_featured_image":false,"spay_email":"","jetpack_publicize_message":""},"categories":[2,501],"tags":[],"jetpack_featured_media_url":"https:\/\/notinor.com\/jujuy\/wp-content\/uploads\/2026\/01\/javier-milei.jpg","jetpack_publicize_connections":[],"_links":{"self":[{"href":"https:\/\/notinor.com\/jujuy\/wp-json\/wp\/v2\/posts\/437507"}],"collection":[{"href":"https:\/\/notinor.com\/jujuy\/wp-json\/wp\/v2\/posts"}],"about":[{"href":"https:\/\/notinor.com\/jujuy\/wp-json\/wp\/v2\/types\/post"}],"author":[{"embeddable":true,"href":"https:\/\/notinor.com\/jujuy\/wp-json\/wp\/v2\/users\/49"}],"replies":[{"embeddable":true,"href":"https:\/\/notinor.com\/jujuy\/wp-json\/wp\/v2\/comments?post=437507"}],"version-history":[{"count":1,"href":"https:\/\/notinor.com\/jujuy\/wp-json\/wp\/v2\/posts\/437507\/revisions"}],"predecessor-version":[{"id":437509,"href":"https:\/\/notinor.com\/jujuy\/wp-json\/wp\/v2\/posts\/437507\/revisions\/437509"}],"wp:featuredmedia":[{"embeddable":true,"href":"https:\/\/notinor.com\/jujuy\/wp-json\/wp\/v2\/media\/437508"}],"wp:attachment":[{"href":"https:\/\/notinor.com\/jujuy\/wp-json\/wp\/v2\/media?parent=437507"}],"wp:term":[{"taxonomy":"category","embeddable":true,"href":"https:\/\/notinor.com\/jujuy\/wp-json\/wp\/v2\/categories?post=437507"},{"taxonomy":"post_tag","embeddable":true,"href":"https:\/\/notinor.com\/jujuy\/wp-json\/wp\/v2\/tags?post=437507"}],"curies":[{"name":"wp","href":"https:\/\/api.w.org\/{rel}","templated":true}]}}