{"id":437473,"date":"2026-01-15T19:33:25","date_gmt":"2026-01-15T22:33:25","guid":{"rendered":"https:\/\/notinor.com\/jujuy\/?p=437473"},"modified":"2026-01-15T19:33:27","modified_gmt":"2026-01-15T22:33:27","slug":"la-susepu-solicito-informes-por-los-cortes-de-energia-en-jujuy","status":"publish","type":"post","link":"https:\/\/notinor.com\/jujuy\/la-susepu-solicito-informes-por-los-cortes-de-energia-en-jujuy\/","title":{"rendered":"La SUSEPU solicit\u00f3 informes por los cortes de energ\u00eda en Jujuy"},"content":{"rendered":"\n<p class=\"has-medium-font-size\"><strong><em>La Superintendencia de Servicios P\u00fablicos de Jujuy busca garantizar el cumplimiento de los contratos, el respeto a los derechos de los usuarios y un servicio de calidad.<\/em><\/strong><\/p>\n\n\n\n<p><\/p>\n\n\n<div class=\"wp-block-image\">\n<figure class=\"aligncenter size-large\"><img decoding=\"async\" loading=\"lazy\" width=\"792\" height=\"480\" src=\"https:\/\/notinor.com\/jujuy\/wp-content\/uploads\/2022\/08\/CORTES-DE-LUZ1-e1768516313214-792x480.jpg\" alt=\"\" class=\"wp-image-351684\" srcset=\"https:\/\/notinor.com\/jujuy\/wp-content\/uploads\/2022\/08\/CORTES-DE-LUZ1-e1768516313214-792x480.jpg 792w, https:\/\/notinor.com\/jujuy\/wp-content\/uploads\/2022\/08\/CORTES-DE-LUZ1-e1768516313214-602x365.jpg 602w, https:\/\/notinor.com\/jujuy\/wp-content\/uploads\/2022\/08\/CORTES-DE-LUZ1-e1768516313214-768x466.jpg 768w, https:\/\/notinor.com\/jujuy\/wp-content\/uploads\/2022\/08\/CORTES-DE-LUZ1-e1768516313214-750x455.jpg 750w, https:\/\/notinor.com\/jujuy\/wp-content\/uploads\/2022\/08\/CORTES-DE-LUZ1-e1768516313214.jpg 800w\" sizes=\"(max-width: 792px) 100vw, 792px\" \/><\/figure><\/div>\n\n\n<p><\/p>\n\n\n\n<p><strong>La Superintendencia de Servicios P\u00fablicos (Susepu) solicit\u00f3 informes a Ejesa, la compa\u00f1\u00eda prestataria del servicio de energ\u00eda el\u00e9ctrica en Jujuy, por los reiterados cortes del suministro registrados en distintos puntos de la provincia durante los \u00faltimos d\u00edas.<\/strong><\/p>\n\n\n\n<p>El organismo oficial, a cargo de Hugo Monta\u00f1o, requiri\u00f3 a la empresa un reporte pormenorizado sobre los eventos y contingencias que afectaron el suministro en barrios de la capital y La Quiaca, con el objetivo de garantizar la prestaci\u00f3n de un servicio de calidad a la sociedad juje\u00f1a.<\/p>\n\n\n\n<p><strong>La Susepu solicit\u00f3, adem\u00e1s, precisiones y detalles sobre las acciones correctivas desplegadas por la compa\u00f1\u00eda de energ\u00eda el\u00e9ctrica para normalizar la provisi\u00f3n del suministro de un servicio esencial.<\/strong><\/p>\n\n\n\n<p><strong>\u201cComo ente de regulaci\u00f3n y control, solicitamos informaci\u00f3n en defensa de los derechos de los usuarios, para garantizar el cumplimiento de los contratos y asegurar una prestaci\u00f3n eficiente y acorde a las reglas de concesi\u00f3n\u201d,<\/strong> destac\u00f3 Monta\u00f1o sobre la actuaci\u00f3n del organismo. Desde la Susepu reafirmaron el compromiso permanente con la comunidad juje\u00f1a para garantizar el acceso a servicios seguros, eficientes y de calidad.<\/p>\n\n\n\n<p><strong>Jujuy asegura la continuidad de la tarifa social de energ\u00eda el\u00e9ctrica<\/strong><\/p>\n\n\n\n<p><strong>El Gobierno de Jujuy, mediante la Secretar\u00eda de Energ\u00eda, ratific\u00f3 la vigencia de la tarifa social provincial de energ\u00eda el\u00e9ctrica que actualmente beneficia a m\u00e1s de 58 mil juje\u00f1os. <\/strong>Esta tarifa social cubre a los hogares que consumen menos de 300 kWh pagar un 25% menos en el cargo de uso de red, considerando que el consumo promedio de un hogar en Jujuy es de 210 kWh.<\/p>\n\n\n\n<p>Asimismo, la tarifa social provincial cubre en su totalidad el costo de la energ\u00eda para personas electrodependientes, garantizando su derecho a un suministro el\u00e9ctrico seguro y accesible.<\/p>\n","protected":false},"excerpt":{"rendered":"<p>La Superintendencia de Servicios P\u00fablicos de Jujuy busca garantizar el cumplimiento de los contratos, el respeto a los derechos de los usuarios y un servicio de calidad. La Superintendencia de Servicios P\u00fablicos (Susepu) solicit\u00f3 informes a Ejesa, la compa\u00f1\u00eda prestataria del servicio de energ\u00eda el\u00e9ctrica en Jujuy, por los reiterados cortes del suministro registrados en [&hellip;]<\/p>\n","protected":false},"author":49,"featured_media":351684,"comment_status":"open","ping_status":"open","sticky":false,"template":"","format":"standard","meta":{"_stopmodifiedupdate":false,"_modified_date":"","inline_featured_image":false,"spay_email":"","jetpack_publicize_message":""},"categories":[2,514],"tags":[],"jetpack_featured_media_url":"https:\/\/notinor.com\/jujuy\/wp-content\/uploads\/2022\/08\/CORTES-DE-LUZ1-e1768516313214.jpg","jetpack_publicize_connections":[],"_links":{"self":[{"href":"https:\/\/notinor.com\/jujuy\/wp-json\/wp\/v2\/posts\/437473"}],"collection":[{"href":"https:\/\/notinor.com\/jujuy\/wp-json\/wp\/v2\/posts"}],"about":[{"href":"https:\/\/notinor.com\/jujuy\/wp-json\/wp\/v2\/types\/post"}],"author":[{"embeddable":true,"href":"https:\/\/notinor.com\/jujuy\/wp-json\/wp\/v2\/users\/49"}],"replies":[{"embeddable":true,"href":"https:\/\/notinor.com\/jujuy\/wp-json\/wp\/v2\/comments?post=437473"}],"version-history":[{"count":1,"href":"https:\/\/notinor.com\/jujuy\/wp-json\/wp\/v2\/posts\/437473\/revisions"}],"predecessor-version":[{"id":437474,"href":"https:\/\/notinor.com\/jujuy\/wp-json\/wp\/v2\/posts\/437473\/revisions\/437474"}],"wp:featuredmedia":[{"embeddable":true,"href":"https:\/\/notinor.com\/jujuy\/wp-json\/wp\/v2\/media\/351684"}],"wp:attachment":[{"href":"https:\/\/notinor.com\/jujuy\/wp-json\/wp\/v2\/media?parent=437473"}],"wp:term":[{"taxonomy":"category","embeddable":true,"href":"https:\/\/notinor.com\/jujuy\/wp-json\/wp\/v2\/categories?post=437473"},{"taxonomy":"post_tag","embeddable":true,"href":"https:\/\/notinor.com\/jujuy\/wp-json\/wp\/v2\/tags?post=437473"}],"curies":[{"name":"wp","href":"https:\/\/api.w.org\/{rel}","templated":true}]}}