{"id":437455,"date":"2026-01-14T20:06:58","date_gmt":"2026-01-14T23:06:58","guid":{"rendered":"https:\/\/notinor.com\/jujuy\/?p=437455"},"modified":"2026-01-14T20:07:00","modified_gmt":"2026-01-14T23:07:00","slug":"desde-manana-habra-arancel-0-para-importar-celulares-que-pasara-con-los-precios","status":"publish","type":"post","link":"https:\/\/notinor.com\/jujuy\/desde-manana-habra-arancel-0-para-importar-celulares-que-pasara-con-los-precios\/","title":{"rendered":"Desde ma\u00f1ana habr\u00e1 arancel 0% para importar celulares: qu\u00e9 pasar\u00e1 con los precios"},"content":{"rendered":"\n<p class=\"has-medium-font-size\"><strong><em>El decreto 333 publicado en mayo del a\u00f1o pasado dispuso una reducci\u00f3n de 16% a 8% a partir de ese momento y una eliminaci\u00f3n completa a partir del 15 de enero. El impacto en la industria y en los consumidores.<\/em><\/strong><\/p>\n\n\n\n<p><\/p>\n\n\n<div class=\"wp-block-image\">\n<figure class=\"aligncenter size-full\"><img decoding=\"async\" loading=\"lazy\" width=\"800\" height=\"450\" src=\"https:\/\/notinor.com\/jujuy\/wp-content\/uploads\/2026\/01\/celular.jpg\" alt=\"\" class=\"wp-image-437456\" srcset=\"https:\/\/notinor.com\/jujuy\/wp-content\/uploads\/2026\/01\/celular.jpg 800w, https:\/\/notinor.com\/jujuy\/wp-content\/uploads\/2026\/01\/celular-649x365.jpg 649w, https:\/\/notinor.com\/jujuy\/wp-content\/uploads\/2026\/01\/celular-500x280.jpg 500w, https:\/\/notinor.com\/jujuy\/wp-content\/uploads\/2026\/01\/celular-768x432.jpg 768w, https:\/\/notinor.com\/jujuy\/wp-content\/uploads\/2026\/01\/celular-750x422.jpg 750w\" sizes=\"(max-width: 800px) 100vw, 800px\" \/><\/figure><\/div>\n\n\n<p><\/p>\n\n\n\n<p><strong>Desde ma\u00f1ana, jueves 15 de enero, los celulares importados ingresar\u00e1n a la Argentina con arancel 0%. La medida completa el esquema definido por el decreto 333, que en mayo de 2025 redujo el derecho de importaci\u00f3n del 16% al 8% y fij\u00f3 su eliminaci\u00f3n total para esta fecha.<\/strong> El cambio redefine el escenario para fabricantes locales, importadores formales, cadenas de retail y consumidores, en un mercado atravesado por fuertes ajustes de precios, ca\u00edda de la demanda y competencia con el contrabando.<\/p>\n\n\n\n<p><strong>La eliminaci\u00f3n del arancel se implementa luego de una reducci\u00f3n escalonada definida por el Gobierno en dos tramos. En mayo del a\u00f1o pasado se aplic\u00f3 la primera baja y desde hoy entra en vigencia la eliminaci\u00f3n total.<\/strong> El esquema apunt\u00f3 a modificar el costo de los celulares importados y a generar un nuevo marco de competencia en un mercado que combina producci\u00f3n local, importaci\u00f3n formal y una fuerte presencia de canales informales.<\/p>\n\n\n\n<p>El jefe de gabinete, Manuel Adorni, hizo menci\u00f3n a la norma v\u00eda su cuenta de X: \u201cA partir de ma\u00f1ana, los aranceles de importaci\u00f3n de celulares pasar\u00e1n a ser del 0%. Menos impuestos, m\u00e1s competencia y mejores precios para todos. Dios bendiga a la Rep\u00fablica Argentina\u201d, public\u00f3.<\/p>\n\n\n\n<p><strong>Durante el per\u00edodo en el que rigi\u00f3 el arancel del 8%, el ingreso de tel\u00e9fonos importados por v\u00edas legales no mostr\u00f3 un crecimiento significativo. Los datos del sector indican que la participaci\u00f3n de los equipos importados se mantuvo en niveles bajos dentro del mercado total, mientras la producci\u00f3n local sostuvo su peso relativo. <\/strong>En paralelo, los precios de los celulares y de otros productos electr\u00f3nicos registraron bajas en t\u00e9rminos reales.<\/p>\n\n\n\n<p>En ese contexto, el impacto del arancel cero se analiza tanto por su efecto directo sobre los costos de importaci\u00f3n como por su interacci\u00f3n con otros factores que inciden en el precio final, como log\u00edstica, comercializaci\u00f3n, procesos aduaneros e impuestos. El cambio regulatorio tambi\u00e9n se da en un escenario de ajustes previos de precios, ca\u00edda de la demanda y tensiones en la oferta global de algunos modelos de tel\u00e9fonos.<\/p>\n\n\n\n<p>Desde Afarte, la c\u00e1mara que agrupa a las empresas electr\u00f3nicas radicadas en Tierra del Fuego, explicaron que el anuncio del Gobierno nacional realizado en mayo implic\u00f3 un desaf\u00edo relevante para el sector. <strong>A partir de ese momento, las compa\u00f1\u00edas trabajaron junto con gobiernos nacional y provincial, sindicatos y empresas con el objetivo de mejorar la competitividad, reducir costos y ganar eficiencia.<\/strong><\/p>\n\n\n\n<p>En ese proceso, la industria optimiz\u00f3 el proceso productivo de fabricaci\u00f3n de celulares para actualizar la din\u00e1mica de producci\u00f3n y adaptarla a est\u00e1ndares internacionales. Tambi\u00e9n registr\u00f3 avances en materia log\u00edstica, como la habilitaci\u00f3n para la utilizaci\u00f3n de bitrenes, una medida que reduce los costos de transporte. <strong>Desde la c\u00e1mara se\u00f1alaron que estos cambios redundan en una baja del costo final de los tel\u00e9fonos y permiten crecer en volumen para competir frente a los importados. Vale recordar tambi\u00e9n que el a\u00f1o pasado el Gobierno anunci\u00f3 una reducci\u00f3n en los impuestos internos que pagan los celulares, televisores y aires acondicionados, que en el caso de los producidos en Tierra del Fuego, signific\u00f3 una eliminaci\u00f3n total (del 9,5% pasaron a 0%).<\/strong><\/p>\n\n\n\n<p>Sin embargo, remarc\u00f3 que el principal desaf\u00edo para la producci\u00f3n local no surge de la importaci\u00f3n legal, sino de la competencia desleal que representan los tel\u00e9fonos que ingresan por contrabando. Seg\u00fan datos recopilados por la entidad, uno de cada tres celulares que se activan en la Argentina no se fabric\u00f3 en el pa\u00eds ni se import\u00f3 por canales oficiales.<\/p>\n\n\n\n<p class=\"has-medium-font-size\"><strong>Los n\u00fameros de la importaci\u00f3n<\/strong><\/p>\n\n\n\n<p><strong>Las cifras del sector muestran que la reducci\u00f3n previa del arancel no se tradujo en un aumento del ingreso de celulares importados legales. Durante el primer cuatrimestre de 2025, cuando el tributo se mantuvo en 16%, ingresaron 185.538 unidades.<\/strong> En los dos cuatrimestres siguientes, con el arancel en 8%, el ingreso fue de 148.844 unidades. En todo 2025, las importaciones legales sumaron 334.194 celulares, mientras que en 2024 alcanzaron 337.194 unidades. De ese modo, los tel\u00e9fonos importados representaron cerca del 5% del mercado, frente al 6% del a\u00f1o anterior.<\/p>\n\n\n\n<p>Desde una empresa del sector que fabrica celulares en Tierra del Fuego explicaron que la eliminaci\u00f3n total del arancel no modifica la ecuaci\u00f3n productiva de la isla. Seg\u00fan esa fuente, sigue resultando conveniente fabricar localmente y no se espera una ola importadora a partir de la entrada en vigencia del arancel cero. <strong>Detall\u00f3 adem\u00e1s que el importador formal del continente enfrenta m\u00faltiples cargas impositivas al momento de ingresar un producto de manera legal, entre ellas IVA, IVA adicional, una proporci\u00f3n de Ingresos Brutos y la tasa estad\u00edstica. En ese marco, indicaron que si bien hoy el negocio es m\u00e1s finito, sigue siendo conveniente fabricar. Lo que complica al sector es el contrabando.<\/strong><\/p>\n\n\n\n<p><strong>El impacto en el empleo forma parte del escenario del sector. La industria electr\u00f3nica emplea cerca de 10.000 personas, de las cuales alrededor de 4.000 corresponden al segmento de celulares, que es el producto que m\u00e1s mano de obra demanda.<\/strong> En ese contexto, hay alrededor de 500 contratos que caducaron en toda la industria, en l\u00ednea con la ca\u00edda de la demanda, luego de que el 31 de diciembre pasado venciera el acuerdo firmado entre Afarte y la UOM para evitar p\u00e9rdida de trabajadores durante el segundo semestre del a\u00f1o.<\/p>\n\n\n\n<p class=\"has-medium-font-size\"><strong>Qu\u00e9 pas\u00f3 con los precios y qu\u00e9 cambia desde hoy<\/strong><\/p>\n\n\n\n<p><strong>En materia de precios, desde la industria se\u00f1alaron que los valores de los celulares bajaron con fuerza durante el \u00faltimo per\u00edodo. Algunos modelos registraron recortes de hasta 30%, impulsados por la ca\u00edda de la demanda.<\/strong> Sin embargo, advirtieron que esa din\u00e1mica enfrenta l\u00edmites. Por un lado, porque ya el mercado hizo su ajuste; por otro, porque apareci\u00f3 un \u201ccisne negro\u201d que limitar\u00eda una mayor baja de precios. Tiene que ver con el gran consumo de memorias inform\u00e1ticas por la demanda de IA. As\u00ed como en la pandemia estall\u00f3 el boom de la miner\u00eda de criptomonedas y hubo faltantes de chips, ahora la IA impacta fuerte en el mercado de memorias, tanto las RAM como las de almacenamiento.<\/p>\n\n\n\n<p><strong>Para el comercio minorista, la eliminaci\u00f3n del arancel tiene un impacto directo sobre los tel\u00e9fonos importados, en especial en los modelos de alta gama. Alejandro Gold\u00edn, gerente general de Maximstore, explic\u00f3 que la reducci\u00f3n del tributo se aplic\u00f3 en dos tramos y que ahora se elimina por completo el derecho de importaci\u00f3n que alcanzaba al iPhone.<\/strong> Seg\u00fan el ejecutivo, la medida resulta positiva para que el consumidor argentino acceda a tecnolog\u00eda por canales oficiales.<\/p>\n\n\n\n<p>Gold\u00edn destac\u00f3 que la Argentina tiene un fuerte perfil como consumidor de tecnolog\u00eda y se posiciona entre los principales mercados de Am\u00e9rica Latina. En el caso del \u00faltimo lanzamiento de iPhone, la demanda es muy fuerte. A nivel mundial existe poca oferta de iPhone 17, una situaci\u00f3n que tambi\u00e9n repercute en el mercado local y eleva el inter\u00e9s por estos equipos. En Uruguay, donde existe stock disponible, la demanda tambi\u00e9n muestra niveles elevados.<\/p>\n\n\n\n<p>El ejecutivo explic\u00f3 que, en el consumidor individual, la espera por una baja de arancel no tiene un impacto tan marcado, mientras que en el segmento corporativo la decisi\u00f3n pesa m\u00e1s. <strong>Tambi\u00e9n se\u00f1al\u00f3 que la baja de tasas de inter\u00e9s registrada en los \u00faltimos meses impulsa la demanda a trav\u00e9s de cuotas y financiaci\u00f3n, con promociones que dinamizan las ventas.<\/strong><\/p>\n\n\n\n<p>Respecto del impacto en precios, Gold\u00edn sostuvo que el traslado es directo. \u201cLos 8 puntos de arancel son 8 puntos de costos\u201d, explic\u00f3. En algunas categor\u00edas, las empresas se adelantaron a las bajas, ya que conocen que el costo de reposici\u00f3n es menor. A futuro, el ejecutivo se muestra optimista para la categor\u00eda iPhone con la eliminaci\u00f3n total del arancel.<\/p>\n\n\n\n<p><strong>Una postura similar expres\u00f3 MacStation, que inform\u00f3 que la reducci\u00f3n del 8% del arancel ya se contempl\u00f3 en la pol\u00edtica de precios aplicada al lanzamiento del iPhone 17 y a toda la l\u00ednea de iPhones disponibles. Seg\u00fan explic\u00f3 la empresa, la decisi\u00f3n se adopt\u00f3 desde el inicio de la comercializaci\u00f3n para reflejar de manera anticipada el impacto de la normativa.<\/strong><\/p>\n\n\n\n<p>Desde la compa\u00f1\u00eda indicaron que no resulta necesario aplicar nuevas reducciones en esta instancia, dado que el ajuste ya se realiz\u00f3 al presentar el producto. La firma sostuvo que esta pol\u00edtica permite ofrecer valores m\u00e1s competitivos desde la llegada al mercado y refuerza su compromiso con la transparencia en la formaci\u00f3n de precios, en un contexto hist\u00f3ricamente condicionado por la carga impositiva sobre los productos tecnol\u00f3gicos.<\/p>\n","protected":false},"excerpt":{"rendered":"<p>El decreto 333 publicado en mayo del a\u00f1o pasado dispuso una reducci\u00f3n de 16% a 8% a partir de ese momento y una eliminaci\u00f3n completa a partir del 15 de enero. El impacto en la industria y en los consumidores. Desde ma\u00f1ana, jueves 15 de enero, los celulares importados ingresar\u00e1n a la Argentina con arancel [&hellip;]<\/p>\n","protected":false},"author":49,"featured_media":437456,"comment_status":"open","ping_status":"open","sticky":false,"template":"","format":"standard","meta":{"_stopmodifiedupdate":false,"_modified_date":"","inline_featured_image":false,"spay_email":"","jetpack_publicize_message":""},"categories":[2,676,5],"tags":[],"jetpack_featured_media_url":"https:\/\/notinor.com\/jujuy\/wp-content\/uploads\/2026\/01\/celular.jpg","jetpack_publicize_connections":[],"_links":{"self":[{"href":"https:\/\/notinor.com\/jujuy\/wp-json\/wp\/v2\/posts\/437455"}],"collection":[{"href":"https:\/\/notinor.com\/jujuy\/wp-json\/wp\/v2\/posts"}],"about":[{"href":"https:\/\/notinor.com\/jujuy\/wp-json\/wp\/v2\/types\/post"}],"author":[{"embeddable":true,"href":"https:\/\/notinor.com\/jujuy\/wp-json\/wp\/v2\/users\/49"}],"replies":[{"embeddable":true,"href":"https:\/\/notinor.com\/jujuy\/wp-json\/wp\/v2\/comments?post=437455"}],"version-history":[{"count":1,"href":"https:\/\/notinor.com\/jujuy\/wp-json\/wp\/v2\/posts\/437455\/revisions"}],"predecessor-version":[{"id":437457,"href":"https:\/\/notinor.com\/jujuy\/wp-json\/wp\/v2\/posts\/437455\/revisions\/437457"}],"wp:featuredmedia":[{"embeddable":true,"href":"https:\/\/notinor.com\/jujuy\/wp-json\/wp\/v2\/media\/437456"}],"wp:attachment":[{"href":"https:\/\/notinor.com\/jujuy\/wp-json\/wp\/v2\/media?parent=437455"}],"wp:term":[{"taxonomy":"category","embeddable":true,"href":"https:\/\/notinor.com\/jujuy\/wp-json\/wp\/v2\/categories?post=437455"},{"taxonomy":"post_tag","embeddable":true,"href":"https:\/\/notinor.com\/jujuy\/wp-json\/wp\/v2\/tags?post=437455"}],"curies":[{"name":"wp","href":"https:\/\/api.w.org\/{rel}","templated":true}]}}