{"id":437452,"date":"2026-01-14T17:30:47","date_gmt":"2026-01-14T20:30:47","guid":{"rendered":"https:\/\/notinor.com\/jujuy\/?p=437452"},"modified":"2026-01-14T17:30:50","modified_gmt":"2026-01-14T20:30:50","slug":"confirmaron-la-liberacion-de-roland-carreno-y-otros-13-periodistas-secuestrados-por-el-regimen-de-venezuela","status":"publish","type":"post","link":"https:\/\/notinor.com\/jujuy\/confirmaron-la-liberacion-de-roland-carreno-y-otros-13-periodistas-secuestrados-por-el-regimen-de-venezuela\/","title":{"rendered":"Confirmaron la liberaci\u00f3n de Roland Carre\u00f1o y otros 13 periodistas secuestrados por el r\u00e9gimen de Venezuela"},"content":{"rendered":"\n<p class=\"has-medium-font-size\"><strong><em>El Sindicato Nacional de Trabajadores de la Prensa (SNTP) confirm\u00f3 la excarcelaci\u00f3n activista tras m\u00e1s de 500 d\u00edas en prisi\u00f3n. El proceso, que incluye a reporteros como V\u00edctor Ugas y Ram\u00f3n Centeno, avanza bajo la supervisi\u00f3n de organizaciones de derechos humanos en un clima de tensa transici\u00f3n pol\u00edtica.<\/em><\/strong><\/p>\n\n\n\n<p><\/p>\n\n\n<div class=\"wp-block-image\">\n<figure class=\"aligncenter size-full\"><img decoding=\"async\" loading=\"lazy\" width=\"800\" height=\"450\" src=\"https:\/\/notinor.com\/jujuy\/wp-content\/uploads\/2026\/01\/presos-politicos-venezuela-1.jpg\" alt=\"\" class=\"wp-image-437453\" srcset=\"https:\/\/notinor.com\/jujuy\/wp-content\/uploads\/2026\/01\/presos-politicos-venezuela-1.jpg 800w, https:\/\/notinor.com\/jujuy\/wp-content\/uploads\/2026\/01\/presos-politicos-venezuela-1-649x365.jpg 649w, https:\/\/notinor.com\/jujuy\/wp-content\/uploads\/2026\/01\/presos-politicos-venezuela-1-500x280.jpg 500w, https:\/\/notinor.com\/jujuy\/wp-content\/uploads\/2026\/01\/presos-politicos-venezuela-1-768x432.jpg 768w, https:\/\/notinor.com\/jujuy\/wp-content\/uploads\/2026\/01\/presos-politicos-venezuela-1-750x422.jpg 750w\" sizes=\"(max-width: 800px) 100vw, 800px\" \/><\/figure><\/div>\n\n\n<p><\/p>\n\n\n\n<p><strong>El Sindicato Nacional de Trabajadores de la Prensa de Venezuela (SNTP) confirm\u00f3 la liberaci\u00f3n de al menos 14 periodistas que permanec\u00edan secuestrados por el r\u00e9gimen chavista en distintas c\u00e1rceles del pa\u00eds, en medio de los retrasos en excarcelaciones de presos pol\u00edticos anunciadas por el r\u00e9gimen de Venezuela tras la ca\u00edda de Nicol\u00e1s Maduro. <\/strong>Entre los liberados figuran Roland Carre\u00f1o, Nicmer Evans, Carlos Julio Rojas, Ram\u00f3n Centeno, Carlos Marcano, V\u00edctor Ugas, Leandro Palmar y el asistente de c\u00e1mara Belises Cubill\u00e1n. La noticia fue ratificada por familiares y organizaciones de derechos humanos, quienes han seguido de cerca el proceso y han denunciado demoras en la liberaci\u00f3n de los secuestrados por el r\u00e9gimen.<\/p>\n\n\n\n<p><strong>El periodista Roland Carre\u00f1o permaneci\u00f3 detenido desde el 2 de agosto de 2024 durante 1 a\u00f1o, 5 meses y 12 d\u00edas. Carre\u00f1o hab\u00eda sido arrestado en el contexto de la crisis poselectoral en Venezuela y, antes de esta \u00faltima reclusi\u00f3n, ya hab\u00eda estado preso entre 2020 y 2023. <\/strong>Tambi\u00e9n se inform\u00f3 sobre la liberaci\u00f3n del periodista Carlos Julio Rojas, privado de libertad desde el 15 de abril de 2024 por 1 a\u00f1o, 8 meses y 20 d\u00edas, y cuya excarcelaci\u00f3n fue confirmada por su esposa. Se sum\u00f3 a las excarcelaciones el director del medio digital Punto de Corte, Nicmer Evans, quien pas\u00f3 un mes y un d\u00eda en reclusi\u00f3n en El Helicoide.<\/p>\n\n\n\n<p><strong>Entre los liberados se encuentra el periodista Julio Balza, detenido un a\u00f1o y cinco d\u00edas, seg\u00fan confirm\u00f3 su padre, el tambi\u00e9n periodista Julio Balza. Adem\u00e1s, el SNTP report\u00f3 la liberaci\u00f3n de la periodista Nakary Ramos Mena, de su esposo, y del asistente de c\u00e1mara Gianni Gonz\u00e1lez, quienes estuvieron presos desde el 8 de abril de 2025, cumpliendo 9 meses y 6 d\u00edas de detenci\u00f3n.<\/strong> Finalmente, el periodista Gabriel Gonz\u00e1lez, integrante del equipo de prensa de Vente Venezuela, fue excarcelado tras permanecer 1 a\u00f1o, 6 meses y 28 d\u00edas privado de libertad desde el 27 de junio de 2024.<\/p>\n\n\n\n<p><strong>Ram\u00f3n Centeno fue excarcelado tras pasar 3 a\u00f1os, 11 meses y 13 d\u00edas preso, desde su detenci\u00f3n el 2 de febrero de 2022. Seg\u00fan el SNTP, Centeno ya se encuentra en su domicilio junto a su madre y el resto de la familia, aunque presenta problemas de salud pendientes de atenci\u00f3n.<\/strong> Carlos Marcano, periodista y profesor universitario, recuper\u00f3 la libertad tras siete meses y 22 d\u00edas privado de libertad en Tocor\u00f3n. En el caso de V\u00edctor Ugas, se inform\u00f3 que estuvo preso desde el 18 de agosto de 2024, cumpliendo 1 a\u00f1o, 4 meses y 27 d\u00edas de reclusi\u00f3n antes de ser liberado, lo que fue confirmado por una llamada telef\u00f3nica a su madre. Por su parte, Leandro Palmar y Belises Cubill\u00e1n hab\u00edan sido detenidos en Maracaibo desde el 9 de enero de 2025 y estuvieron privados de libertad un a\u00f1o y 5 d\u00edas.<\/p>\n\n\n\n<p><strong>Estas excarcelaciones se producen tras el anuncio realizado por el presidente del Parlamento venezolano y jefe negociador del Gobierno, Jorge Rodr\u00edguez, quien asegur\u00f3 durante una sesi\u00f3n parlamentaria esta semana que \u201ca la fecha van m\u00e1s de 400 personas excarceladas\u201d, cifra que incluye liberaciones desde diciembre de 2024.<\/strong> Posteriormente, Rodr\u00edguez reiter\u00f3 en Telegram que el proceso forma parte de un \u201cgesto unilateral\u201d del Gobierno de la Rep\u00fablica Bolivariana de Venezuela, ahora presidido de manera interina por Delcy Rodr\u00edguez tras la detenci\u00f3n de Maduro por fuerzas estadounidenses.<\/p>\n\n\n\n<p><strong>Seg\u00fan las cifras oficiales difundidas por Rodr\u00edguez, las excarcelaciones se distribuyen en 160 personas liberadas en diciembre de 2024, 99 en Navidad de 2025, 88 en A\u00f1o Nuevo de 2025 y 116 el lunes m\u00e1s reciente, lo que suma 463 excarcelados desde diciembre de 2024 y 303 desde diciembre de 2025. <\/strong>Sin embargo, las listas detalladas no han sido publicadas, lo que ha generado cuestionamientos por parte de organizaciones no gubernamentales, familiares y partidos de oposici\u00f3n.<\/p>\n\n\n\n<p>La organizaci\u00f3n Foro Penal report\u00f3 haber verificado solo 56 excarcelaciones, mientras que la Plataforma Unitaria Democr\u00e1tica afirma que la cifra asciende a 76. De acuerdo con declaraciones de Provea, persisten \u201cdilaciones indebidas y abusos autoritarios\u201d, y las liberaciones anunciadas desde el jueves pasado por el presidente del Parlamento no se han concretado plenamente. <strong>El Comit\u00e9 de Derechos Humanos del partido Vente Venezuela (VV), liderado por la opositora y nobel de la Paz 2025, Mar\u00eda Corina Machado, denunci\u00f3 que el Gobierno \u201csiempre miente\u201d y reclam\u00f3 la publicaci\u00f3n inmediata de una lista completa de excarcelados.<\/strong><\/p>\n\n\n\n<p>Machado y el dirigente opositor Edmundo Gonz\u00e1lez Urrutia, quien reclama la presidencia de Venezuela desde el exilio, afirmaron en comunicado que \u201cla cifra de 116 excarcelados, difundida por el r\u00e9gimen el lunes, no se corresponde con la realidad\u201d, ya que las organizaciones de derechos humanos solo han podido verificar la liberaci\u00f3n de 56 personas hasta el momento.<\/p>\n\n\n\n<p><strong>En las inmediaciones de recintos penitenciarios como El Rodeo y El Helicoide, familiares se declararon en vigilia permanente a la espera de las liberaciones de todos los detenidos por el r\u00e9gimen.<\/strong><\/p>\n","protected":false},"excerpt":{"rendered":"<p>El Sindicato Nacional de Trabajadores de la Prensa (SNTP) confirm\u00f3 la excarcelaci\u00f3n activista tras m\u00e1s de 500 d\u00edas en prisi\u00f3n. El proceso, que incluye a reporteros como V\u00edctor Ugas y Ram\u00f3n Centeno, avanza bajo la supervisi\u00f3n de organizaciones de derechos humanos en un clima de tensa transici\u00f3n pol\u00edtica. El Sindicato Nacional de Trabajadores de la [&hellip;]<\/p>\n","protected":false},"author":49,"featured_media":437453,"comment_status":"open","ping_status":"open","sticky":false,"template":"","format":"standard","meta":{"_stopmodifiedupdate":false,"_modified_date":"","inline_featured_image":false,"spay_email":"","jetpack_publicize_message":""},"categories":[6],"tags":[],"jetpack_featured_media_url":"https:\/\/notinor.com\/jujuy\/wp-content\/uploads\/2026\/01\/presos-politicos-venezuela-1.jpg","jetpack_publicize_connections":[],"_links":{"self":[{"href":"https:\/\/notinor.com\/jujuy\/wp-json\/wp\/v2\/posts\/437452"}],"collection":[{"href":"https:\/\/notinor.com\/jujuy\/wp-json\/wp\/v2\/posts"}],"about":[{"href":"https:\/\/notinor.com\/jujuy\/wp-json\/wp\/v2\/types\/post"}],"author":[{"embeddable":true,"href":"https:\/\/notinor.com\/jujuy\/wp-json\/wp\/v2\/users\/49"}],"replies":[{"embeddable":true,"href":"https:\/\/notinor.com\/jujuy\/wp-json\/wp\/v2\/comments?post=437452"}],"version-history":[{"count":1,"href":"https:\/\/notinor.com\/jujuy\/wp-json\/wp\/v2\/posts\/437452\/revisions"}],"predecessor-version":[{"id":437454,"href":"https:\/\/notinor.com\/jujuy\/wp-json\/wp\/v2\/posts\/437452\/revisions\/437454"}],"wp:featuredmedia":[{"embeddable":true,"href":"https:\/\/notinor.com\/jujuy\/wp-json\/wp\/v2\/media\/437453"}],"wp:attachment":[{"href":"https:\/\/notinor.com\/jujuy\/wp-json\/wp\/v2\/media?parent=437452"}],"wp:term":[{"taxonomy":"category","embeddable":true,"href":"https:\/\/notinor.com\/jujuy\/wp-json\/wp\/v2\/categories?post=437452"},{"taxonomy":"post_tag","embeddable":true,"href":"https:\/\/notinor.com\/jujuy\/wp-json\/wp\/v2\/tags?post=437452"}],"curies":[{"name":"wp","href":"https:\/\/api.w.org\/{rel}","templated":true}]}}