{"id":437438,"date":"2026-01-13T20:56:14","date_gmt":"2026-01-13T23:56:14","guid":{"rendered":"https:\/\/notinor.com\/jujuy\/?p=437438"},"modified":"2026-01-13T20:56:16","modified_gmt":"2026-01-13T23:56:16","slug":"historico-ascenso-de-mas-de-2-600-efectivos-policiales-y-penitenciarios-en-jujuy","status":"publish","type":"post","link":"https:\/\/notinor.com\/jujuy\/historico-ascenso-de-mas-de-2-600-efectivos-policiales-y-penitenciarios-en-jujuy\/","title":{"rendered":"Hist\u00f3rico ascenso de m\u00e1s de 2.600 efectivos policiales y penitenciarios en Jujuy"},"content":{"rendered":"\n<p class=\"has-medium-font-size\"><strong><em>El gobernador Carlos Sadir presidi\u00f3 los actos, donde cumpli\u00f3 con la promesa de efectivizar los ascensos desde el inicio de a\u00f1o.<\/em><\/strong><\/p>\n\n\n\n<p><\/p>\n\n\n<div class=\"wp-block-image\">\n<figure class=\"aligncenter size-full\"><img decoding=\"async\" loading=\"lazy\" width=\"800\" height=\"450\" src=\"https:\/\/notinor.com\/jujuy\/wp-content\/uploads\/2026\/01\/ascenso-efectivos-policiales.jpg\" alt=\"\" class=\"wp-image-437439\" srcset=\"https:\/\/notinor.com\/jujuy\/wp-content\/uploads\/2026\/01\/ascenso-efectivos-policiales.jpg 800w, https:\/\/notinor.com\/jujuy\/wp-content\/uploads\/2026\/01\/ascenso-efectivos-policiales-649x365.jpg 649w, https:\/\/notinor.com\/jujuy\/wp-content\/uploads\/2026\/01\/ascenso-efectivos-policiales-500x280.jpg 500w, https:\/\/notinor.com\/jujuy\/wp-content\/uploads\/2026\/01\/ascenso-efectivos-policiales-768x432.jpg 768w, https:\/\/notinor.com\/jujuy\/wp-content\/uploads\/2026\/01\/ascenso-efectivos-policiales-750x422.jpg 750w\" sizes=\"(max-width: 800px) 100vw, 800px\" \/><\/figure><\/div>\n\n\n<p><\/p>\n\n\n\n<p>En una jornada de gran relevancia institucional para las fuerzas de seguridad, el gobernador de Jujuy, Carlos Sadir, encabez\u00f3 los actos de ascenso al grado inmediato superior de m\u00e1s de 1.900 efectivos de la Polic\u00eda de Jujuy y 725 efectivos del Servicio Penitenciario.<\/p>\n\n\n\n<p class=\"has-medium-font-size\"><strong>Una promesa cumplida: ascensos desde enero<\/strong><\/p>\n\n\n\n<p><strong>El mandatario provincial destac\u00f3 que esta medida rompe con la din\u00e1mica de a\u00f1os anteriores, logrando que el personal luzca sus nuevas insignias desde el primer d\u00eda del a\u00f1o y perciba el haber correspondiente en el mes de febrero.<\/strong><\/p>\n\n\n\n<p><strong>\"Decidimos que desde el primero de enero est\u00e9n con los cargos y los ascensos. Esto no se daba anteriormente y fue reconocido por la fuerza. Esperamos que esto pase a ser la normalidad\", <\/strong>afirm\u00f3 Sadir.<\/p>\n\n\n\n<p>Esta acci\u00f3n ratifica el compromiso asumido el pasado 1 de agosto, integrando tambi\u00e9n a los egresados del Instituto Universitario Provincial de Seguridad (IUPS) que se incorporan al servicio activo.<\/p>\n\n\n\n<p><strong>En nombre de todos los juje\u00f1os, Sadir agradeci\u00f3 \u201cla tarea cotidiana del personal en cada uno de los destinos donde desempe\u00f1an funciones\u201d<\/strong> y ponder\u00f3 el rol del Ministerio de Seguridad, Servicio Penitenciario, Polic\u00eda de la Provincia y todas las dependencias del Gobierno de Jujuy que hicieron posible la concreci\u00f3n de este proceso de ascensos.<\/p>\n\n\n\n<p class=\"has-medium-font-size\"><strong>Autoridades en el acto de ascenso a efectivos policiales<\/strong><\/p>\n\n\n\n<p>Por su parte, el jefe del Servicio Penitenciario, F\u00e9lix Guevara, resalt\u00f3 <strong>\u201cel acompa\u00f1amiento del Poder Ejecutivo, no solo en la decisi\u00f3n de materializar los ascensos a principio de a\u00f1o, sino tambi\u00e9n en el progreso permanente en materia log\u00edstica y en otras necesidades del servicio\u201d.<\/strong> Asimismo, exterioriz\u00f3 su satisfacci\u00f3n por la activa, entusiasta y emotiva participaci\u00f3n de familiares del personal ascendido, \u201cque tuvo a cargo la entrega de la nueva jerarqu\u00eda a sus seres queridos\u201d, acot\u00f3.<\/p>\n\n\n\n<p><strong>Por \u00faltimo, Guevara convoc\u00f3 a las unidades penitenciarias a \u201cseguir trabajando de manera conjunta\u201d, a fin de \u201csostener el aporte a la construcci\u00f3n de una provincia mejor\u201d.<\/strong><\/p>\n","protected":false},"excerpt":{"rendered":"<p>El gobernador Carlos Sadir presidi\u00f3 los actos, donde cumpli\u00f3 con la promesa de efectivizar los ascensos desde el inicio de a\u00f1o. En una jornada de gran relevancia institucional para las fuerzas de seguridad, el gobernador de Jujuy, Carlos Sadir, encabez\u00f3 los actos de ascenso al grado inmediato superior de m\u00e1s de 1.900 efectivos de la [&hellip;]<\/p>\n","protected":false},"author":49,"featured_media":437439,"comment_status":"open","ping_status":"open","sticky":false,"template":"","format":"standard","meta":{"_stopmodifiedupdate":false,"_modified_date":"","inline_featured_image":false,"spay_email":"","jetpack_publicize_message":""},"categories":[2,514,3],"tags":[],"jetpack_featured_media_url":"https:\/\/notinor.com\/jujuy\/wp-content\/uploads\/2026\/01\/ascenso-efectivos-policiales.jpg","jetpack_publicize_connections":[],"_links":{"self":[{"href":"https:\/\/notinor.com\/jujuy\/wp-json\/wp\/v2\/posts\/437438"}],"collection":[{"href":"https:\/\/notinor.com\/jujuy\/wp-json\/wp\/v2\/posts"}],"about":[{"href":"https:\/\/notinor.com\/jujuy\/wp-json\/wp\/v2\/types\/post"}],"author":[{"embeddable":true,"href":"https:\/\/notinor.com\/jujuy\/wp-json\/wp\/v2\/users\/49"}],"replies":[{"embeddable":true,"href":"https:\/\/notinor.com\/jujuy\/wp-json\/wp\/v2\/comments?post=437438"}],"version-history":[{"count":1,"href":"https:\/\/notinor.com\/jujuy\/wp-json\/wp\/v2\/posts\/437438\/revisions"}],"predecessor-version":[{"id":437440,"href":"https:\/\/notinor.com\/jujuy\/wp-json\/wp\/v2\/posts\/437438\/revisions\/437440"}],"wp:featuredmedia":[{"embeddable":true,"href":"https:\/\/notinor.com\/jujuy\/wp-json\/wp\/v2\/media\/437439"}],"wp:attachment":[{"href":"https:\/\/notinor.com\/jujuy\/wp-json\/wp\/v2\/media?parent=437438"}],"wp:term":[{"taxonomy":"category","embeddable":true,"href":"https:\/\/notinor.com\/jujuy\/wp-json\/wp\/v2\/categories?post=437438"},{"taxonomy":"post_tag","embeddable":true,"href":"https:\/\/notinor.com\/jujuy\/wp-json\/wp\/v2\/tags?post=437438"}],"curies":[{"name":"wp","href":"https:\/\/api.w.org\/{rel}","templated":true}]}}