{"id":437410,"date":"2026-01-10T21:47:23","date_gmt":"2026-01-11T00:47:23","guid":{"rendered":"https:\/\/notinor.com\/jujuy\/?p=437410"},"modified":"2026-01-10T21:47:25","modified_gmt":"2026-01-11T00:47:25","slug":"entran-en-vigencia-nuevas-tarifas-para-el-transporte-alternativo-de-pasajeros","status":"publish","type":"post","link":"https:\/\/notinor.com\/jujuy\/entran-en-vigencia-nuevas-tarifas-para-el-transporte-alternativo-de-pasajeros\/","title":{"rendered":"Entran en vigencia nuevas tarifas para el transporte alternativo de pasajeros"},"content":{"rendered":"\n<p class=\"has-medium-font-size\"><strong><em>Las nuevas tarifas aprobadas oportunamente por ordenanza comenzar\u00e1n a regir desde el 15 del corriente; se intima a los permisionarios del servicio a realizar la correspondiente actualizaci\u00f3n de ticketeras<\/em><\/strong>.<\/p>\n\n\n\n<p><\/p>\n\n\n<div class=\"wp-block-image\">\n<figure class=\"aligncenter size-full\"><img decoding=\"async\" loading=\"lazy\" width=\"800\" height=\"450\" src=\"https:\/\/notinor.com\/jujuy\/wp-content\/uploads\/2023\/05\/remises-y-taxis-compartidos-2.jpg\" alt=\"\" class=\"wp-image-379860\" srcset=\"https:\/\/notinor.com\/jujuy\/wp-content\/uploads\/2023\/05\/remises-y-taxis-compartidos-2.jpg 800w, https:\/\/notinor.com\/jujuy\/wp-content\/uploads\/2023\/05\/remises-y-taxis-compartidos-2-649x365.jpg 649w, https:\/\/notinor.com\/jujuy\/wp-content\/uploads\/2023\/05\/remises-y-taxis-compartidos-2-500x280.jpg 500w, https:\/\/notinor.com\/jujuy\/wp-content\/uploads\/2023\/05\/remises-y-taxis-compartidos-2-768x432.jpg 768w, https:\/\/notinor.com\/jujuy\/wp-content\/uploads\/2023\/05\/remises-y-taxis-compartidos-2-750x422.jpg 750w\" sizes=\"(max-width: 800px) 100vw, 800px\" \/><\/figure><\/div>\n\n\n<p><\/p>\n\n\n\n<p>La Direcci\u00f3n de Fiscalizaci\u00f3n de Transporte de la Municipalidad de San Salvador de Jujuy, informa a la poblaci\u00f3n en general y a los se\u00f1ores usuarios del Transporte Alternativo de Pasajeros -modalidades de taxis de radio llamada y taxis compartidos- que,<strong> a partir del d\u00eda jueves 15 de enero del a\u00f1o en curso entrar\u00e1 en vigencia el nuevo cuadro tarifario, con el incremento previsto oportunamente, conforme a la Ordenanza N\u00b0 7952\/2003.<\/strong><\/p>\n\n\n\n<p>Por otra parte, la Direcci\u00f3n comunica a los se\u00f1ores permisionarios que el Control de Ticketeras y Cambio de Cuadros Tarifarios se realizar\u00e1 a partir del d\u00eda jueves 15 del corriente mes y a\u00f1o en curso, en el lugar habitual, de lunes a viernes en los siguientes horarios:<\/p>\n\n\n\n<p><strong>Atenci\u00f3n Administrativa:<\/strong> de 07:30 a 13:00 y de 14:00 a 18:00<\/p>\n\n\n\n<p><strong>Control de ticketeras:<\/strong> de 08:00 a 12:00 y de 14:00 a 18:00 con la modalidad habitual.<\/p>\n\n\n\n<p>En este sentido, advierte el comunicado, &nbsp;en caso de no realizar el debido control se har\u00e1n pasibles de las sanciones que le pudieran corresponder.<\/p>\n\n\n\n<p class=\"has-medium-font-size\"><strong>NUEVAS TARIFAS DE TAXI RADIO LLAMADA:<\/strong><\/p>\n\n\n\n<p><strong>TARIFA DIURNA DE 05:00 A 22:00 HORAS.<\/strong><\/p>\n\n\n\n<ul>\n<li>Bajada de bandera: $ 940,00.<\/li>\n\n\n\n<li>Ficha cada 100 m: $ 94,00.<\/li>\n<\/ul>\n\n\n\n<p><strong>TARIFA NOCTURNA DE 22:00 A 05:00 HORAS.<\/strong><\/p>\n\n\n\n<ul>\n<li>Bajada de bandera: $ 1.160,00.<\/li>\n\n\n\n<li>Ficha cada 100 m: $ 116,00.<\/li>\n<\/ul>\n\n\n\n<p><strong>FERIADOS NACIONALES, PROVINCIALES Y D\u00cdAS DOMINGO.<\/strong><\/p>\n\n\n\n<ul>\n<li>Bajada de bandera: $ 1.160,00.<\/li>\n\n\n\n<li>Ficha cada 100 m: $ 116,00.<\/li>\n<\/ul>\n\n\n\n<p><strong>NUEVAS TARIFAS DE TAXI COMPARTIDO:<\/strong><\/p>\n\n\n\n<ul>\n<li>Tarifa Diurna: $ 1.200,00<\/li>\n\n\n\n<li>Tarifa Nocturna: $ 1.500,00<\/li>\n<\/ul>\n","protected":false},"excerpt":{"rendered":"<p>Las nuevas tarifas aprobadas oportunamente por ordenanza comenzar\u00e1n a regir desde el 15 del corriente; se intima a los permisionarios del servicio a realizar la correspondiente actualizaci\u00f3n de ticketeras. La Direcci\u00f3n de Fiscalizaci\u00f3n de Transporte de la Municipalidad de San Salvador de Jujuy, informa a la poblaci\u00f3n en general y a los se\u00f1ores usuarios del [&hellip;]<\/p>\n","protected":false},"author":49,"featured_media":379860,"comment_status":"open","ping_status":"open","sticky":false,"template":"","format":"standard","meta":{"_stopmodifiedupdate":false,"_modified_date":"","inline_featured_image":false,"spay_email":"","jetpack_publicize_message":""},"categories":[2,514],"tags":[],"jetpack_featured_media_url":"https:\/\/notinor.com\/jujuy\/wp-content\/uploads\/2023\/05\/remises-y-taxis-compartidos-2.jpg","jetpack_publicize_connections":[],"_links":{"self":[{"href":"https:\/\/notinor.com\/jujuy\/wp-json\/wp\/v2\/posts\/437410"}],"collection":[{"href":"https:\/\/notinor.com\/jujuy\/wp-json\/wp\/v2\/posts"}],"about":[{"href":"https:\/\/notinor.com\/jujuy\/wp-json\/wp\/v2\/types\/post"}],"author":[{"embeddable":true,"href":"https:\/\/notinor.com\/jujuy\/wp-json\/wp\/v2\/users\/49"}],"replies":[{"embeddable":true,"href":"https:\/\/notinor.com\/jujuy\/wp-json\/wp\/v2\/comments?post=437410"}],"version-history":[{"count":1,"href":"https:\/\/notinor.com\/jujuy\/wp-json\/wp\/v2\/posts\/437410\/revisions"}],"predecessor-version":[{"id":437411,"href":"https:\/\/notinor.com\/jujuy\/wp-json\/wp\/v2\/posts\/437410\/revisions\/437411"}],"wp:featuredmedia":[{"embeddable":true,"href":"https:\/\/notinor.com\/jujuy\/wp-json\/wp\/v2\/media\/379860"}],"wp:attachment":[{"href":"https:\/\/notinor.com\/jujuy\/wp-json\/wp\/v2\/media?parent=437410"}],"wp:term":[{"taxonomy":"category","embeddable":true,"href":"https:\/\/notinor.com\/jujuy\/wp-json\/wp\/v2\/categories?post=437410"},{"taxonomy":"post_tag","embeddable":true,"href":"https:\/\/notinor.com\/jujuy\/wp-json\/wp\/v2\/tags?post=437410"}],"curies":[{"name":"wp","href":"https:\/\/api.w.org\/{rel}","templated":true}]}}