{"id":437403,"date":"2026-01-09T22:11:26","date_gmt":"2026-01-10T01:11:26","guid":{"rendered":"https:\/\/notinor.com\/jujuy\/?p=437403"},"modified":"2026-01-09T22:11:27","modified_gmt":"2026-01-10T01:11:27","slug":"inicio-el-acopio-de-la-campana-2025-2026-de-tabaco-en-jujuy","status":"publish","type":"post","link":"https:\/\/notinor.com\/jujuy\/inicio-el-acopio-de-la-campana-2025-2026-de-tabaco-en-jujuy\/","title":{"rendered":"Inici\u00f3 el acopio de la campa\u00f1a 2025\u20132026 de tabaco en Jujuy"},"content":{"rendered":"\n<p class=\"has-medium-font-size\"><strong><em>Por primera vez en la historia, la totalidad del tabaco juje\u00f1o trazable ser\u00e1 acopiado y procesado en la Cooperativa de Tabacaleros.<\/em><\/strong><\/p>\n\n\n\n<p><\/p>\n\n\n<div class=\"wp-block-image\">\n<figure class=\"aligncenter size-full\"><img decoding=\"async\" loading=\"lazy\" width=\"800\" height=\"450\" src=\"https:\/\/notinor.com\/jujuy\/wp-content\/uploads\/2026\/01\/acopio-tabaco-CTJ.jpg\" alt=\"\" class=\"wp-image-437404\" srcset=\"https:\/\/notinor.com\/jujuy\/wp-content\/uploads\/2026\/01\/acopio-tabaco-CTJ.jpg 800w, https:\/\/notinor.com\/jujuy\/wp-content\/uploads\/2026\/01\/acopio-tabaco-CTJ-649x365.jpg 649w, https:\/\/notinor.com\/jujuy\/wp-content\/uploads\/2026\/01\/acopio-tabaco-CTJ-500x280.jpg 500w, https:\/\/notinor.com\/jujuy\/wp-content\/uploads\/2026\/01\/acopio-tabaco-CTJ-768x432.jpg 768w, https:\/\/notinor.com\/jujuy\/wp-content\/uploads\/2026\/01\/acopio-tabaco-CTJ-750x422.jpg 750w\" sizes=\"(max-width: 800px) 100vw, 800px\" \/><\/figure><\/div>\n\n\n<p><\/p>\n\n\n\n<p><strong>La Cooperativa de Tabacaleros de Jujuy vivi\u00f3 una jornada hist\u00f3rica con el inicio formal del acopio de la campa\u00f1a 2025\u20132026, en un acto que reuni\u00f3 a productores, trabajadores, autoridades provinciales y representantes de las principales firmas compradoras del mercado nacional e internacional.<\/strong><\/p>\n\n\n\n<p>Por primera vez desde su creaci\u00f3n, la totalidad del tabaco juje\u00f1o trazable ser\u00e1 acopiado y procesado en las instalaciones de la Cooperativa, marcando un salto cualitativo en t\u00e9rminos log\u00edsticos, t\u00e9cnicos, comerciales e institucionales para el sector.<\/p>\n\n\n\n<p>El encuentro fue encabezado por el ministro de Desarrollo Econ\u00f3mico y Producci\u00f3n, Juan Carlos Abud, y cont\u00f3 con la presencia de autoridades de Alliance One, Massalin Particulares, representantes de la Corporaci\u00f3n Nacional de Tabaco de China, de Premium Tobacco International, dirigentes del sector, intendentes, legisladores provinciales y referentes de la comunidad tabacalera.<\/p>\n\n\n\n<p><strong>Durante su intervenci\u00f3n, el ministro Abud destac\u00f3 la relevancia estrat\u00e9gica de este avance para la econom\u00eda provincial. \u201cPor primera vez, todo el tabaco trazable de Jujuy se acopia y procesa en la Cooperativa, trabajando de manera articulada con empresas como Massalin Particulares y Alliance One.<\/strong> <strong>Esto fortalece la cadena de valor, mejora la competitividad y consolida el rol de la Cooperativa como eje central del sector\u201d,<\/strong> afirm\u00f3. <\/p>\n\n\n\n<p>Asimismo, valor\u00f3 el esfuerzo del personal y del equipo gerencial, remarcando que esta nueva etapa implica duplicar tareas y responsabilidades, y agradeci\u00f3 el acompa\u00f1amiento financiero del Gobierno provincial para sostener al sector en un contexto complejo.<\/p>\n\n\n\n<p><strong>Abud tambi\u00e9n subray\u00f3 la importancia de la unidad entre las instituciones del sector, destacando el trabajo conjunto con la C\u00e1mara de Tabaco, como una condici\u00f3n clave para sostener la relevancia econ\u00f3mica y social de la actividad tabacalera en Jujuy.<\/strong><\/p>\n\n\n\n<p>Por su parte, el vicepresidente de la Cooperativa, Agust\u00edn Carrera, resalt\u00f3 el car\u00e1cter hist\u00f3rico del momento. <strong>\u201cEs un d\u00eda muy importante porque se cumple un sue\u00f1o largamente anhelado. Mi abuelo dec\u00eda que todo el tabaco deber\u00eda comprarse en la Cooperativa, y hoy eso empieza a hacerse realidad. Estas instalaciones son de las mejores del pa\u00eds y est\u00e1n muy bien posicionadas a nivel sudamericano. Que todo el tabaco juje\u00f1o se acopie ac\u00e1 es un logro hist\u00f3rico\u201d,<\/strong> expres\u00f3.<\/p>\n\n\n\n<p>Carrera indic\u00f3 que las expectativas de volumen son similares a las de la campa\u00f1a anterior, con posibilidades de crecimiento, y puso en valor la trazabilidad del tabaco juje\u00f1o, que en muchos casos permite identificar el producto hasta el lote de origen. \u201cEl 90% del tabaco Virginia se exporta, y contar con un sistema integral que cumple normas internacionales nos da una ventaja competitiva enorme\u201d, se\u00f1al\u00f3.<\/p>\n\n\n\n<p>En un mensaje dirigido a los productores, agreg\u00f3: <strong>\u201cSoy productor de tercera generaci\u00f3n y s\u00e9 que el contexto es dif\u00edcil, pero tenemos que seguir trabajando unidos para bajar costos, ser m\u00e1s eficientes y encontrar soluciones\u201d.<\/strong><\/p>\n\n\n\n<p><strong>Este nuevo esquema de acopio consolida a la Cooperativa de Tabacaleros de Jujuy como un actor central en la cadena productiva, fortaleciendo la trazabilidad, la calidad y la proyecci\u00f3n internacional del tabaco juje\u00f1o, con impacto directo en el sustento de cientos de familias productoras de la provincia.<\/strong><\/p>\n\n\n\n<p>Acompa\u00f1aron el acto autoridades de Alliance One; Massalin Particulares; representantes de la Corporaci\u00f3n Nacional de Tabaco de China, de Premium Tobacco International, de la C\u00e1mara de Tabaco; el intendente de El Carmen, Victo Hugo Gonz\u00e1lez; la diputada provincial, Patricia R\u00edos; la directora de Desarrollo Agr\u00edcola y Forestal, Mar\u00eda Emilia Deiana, y la comunidad tabacalera en su conjunto.<\/p>\n","protected":false},"excerpt":{"rendered":"<p>Por primera vez en la historia, la totalidad del tabaco juje\u00f1o trazable ser\u00e1 acopiado y procesado en la Cooperativa de Tabacaleros. La Cooperativa de Tabacaleros de Jujuy vivi\u00f3 una jornada hist\u00f3rica con el inicio formal del acopio de la campa\u00f1a 2025\u20132026, en un acto que reuni\u00f3 a productores, trabajadores, autoridades provinciales y representantes de las [&hellip;]<\/p>\n","protected":false},"author":49,"featured_media":437404,"comment_status":"open","ping_status":"open","sticky":false,"template":"","format":"standard","meta":{"_stopmodifiedupdate":false,"_modified_date":"","inline_featured_image":false,"spay_email":"","jetpack_publicize_message":""},"categories":[2,514],"tags":[],"jetpack_featured_media_url":"https:\/\/notinor.com\/jujuy\/wp-content\/uploads\/2026\/01\/acopio-tabaco-CTJ.jpg","jetpack_publicize_connections":[],"_links":{"self":[{"href":"https:\/\/notinor.com\/jujuy\/wp-json\/wp\/v2\/posts\/437403"}],"collection":[{"href":"https:\/\/notinor.com\/jujuy\/wp-json\/wp\/v2\/posts"}],"about":[{"href":"https:\/\/notinor.com\/jujuy\/wp-json\/wp\/v2\/types\/post"}],"author":[{"embeddable":true,"href":"https:\/\/notinor.com\/jujuy\/wp-json\/wp\/v2\/users\/49"}],"replies":[{"embeddable":true,"href":"https:\/\/notinor.com\/jujuy\/wp-json\/wp\/v2\/comments?post=437403"}],"version-history":[{"count":1,"href":"https:\/\/notinor.com\/jujuy\/wp-json\/wp\/v2\/posts\/437403\/revisions"}],"predecessor-version":[{"id":437405,"href":"https:\/\/notinor.com\/jujuy\/wp-json\/wp\/v2\/posts\/437403\/revisions\/437405"}],"wp:featuredmedia":[{"embeddable":true,"href":"https:\/\/notinor.com\/jujuy\/wp-json\/wp\/v2\/media\/437404"}],"wp:attachment":[{"href":"https:\/\/notinor.com\/jujuy\/wp-json\/wp\/v2\/media?parent=437403"}],"wp:term":[{"taxonomy":"category","embeddable":true,"href":"https:\/\/notinor.com\/jujuy\/wp-json\/wp\/v2\/categories?post=437403"},{"taxonomy":"post_tag","embeddable":true,"href":"https:\/\/notinor.com\/jujuy\/wp-json\/wp\/v2\/tags?post=437403"}],"curies":[{"name":"wp","href":"https:\/\/api.w.org\/{rel}","templated":true}]}}