{"id":437400,"date":"2026-01-09T21:03:35","date_gmt":"2026-01-10T00:03:35","guid":{"rendered":"https:\/\/notinor.com\/jujuy\/?p=437400"},"modified":"2026-01-09T21:03:37","modified_gmt":"2026-01-10T00:03:37","slug":"continua-el-plan-integral-de-conectividad-con-la-instalacion-de-la-2da-pasarela-peatonal-en-el-parque-xibi-xibi","status":"publish","type":"post","link":"https:\/\/notinor.com\/jujuy\/continua-el-plan-integral-de-conectividad-con-la-instalacion-de-la-2da-pasarela-peatonal-en-el-parque-xibi-xibi\/","title":{"rendered":"Contin\u00faa el plan integral de conectividad con la instalaci\u00f3n de la 2da. pasarela peatonal en el Parque Xibi Xibi"},"content":{"rendered":"\n<p class=\"has-medium-font-size\"><strong><em>La Secretar\u00eda de Obras P\u00fablicas del municipio capitalino, anunci\u00f3 la instalaci\u00f3n de la segunda pasarela peatonal sobre el Parque Xibi Xibi, la cual estar\u00e1 ubicada bajo el Puente Gorriti, siguiendo el dise\u00f1o similar al de la primera pasarela instalada aguas abajo del Puente Mariano Moreno. Esta nueva estructura forma parte del plan integral de conectividad peatonal y puesta en valor del corredor, pensado para mejorar la circulaci\u00f3n segura y accesible para todos los vecinos y vecinas de la ciudad.<\/em><\/strong><\/p>\n\n\n\n<p><\/p>\n\n\n<div class=\"wp-block-image\">\n<figure class=\"aligncenter size-full\"><img decoding=\"async\" loading=\"lazy\" width=\"800\" height=\"450\" src=\"https:\/\/notinor.com\/jujuy\/wp-content\/uploads\/2026\/01\/pasarela-xibi-xibi.jpeg\" alt=\"\" class=\"wp-image-437401\" srcset=\"https:\/\/notinor.com\/jujuy\/wp-content\/uploads\/2026\/01\/pasarela-xibi-xibi.jpeg 800w, https:\/\/notinor.com\/jujuy\/wp-content\/uploads\/2026\/01\/pasarela-xibi-xibi-649x365.jpeg 649w, https:\/\/notinor.com\/jujuy\/wp-content\/uploads\/2026\/01\/pasarela-xibi-xibi-500x280.jpeg 500w, https:\/\/notinor.com\/jujuy\/wp-content\/uploads\/2026\/01\/pasarela-xibi-xibi-768x432.jpeg 768w, https:\/\/notinor.com\/jujuy\/wp-content\/uploads\/2026\/01\/pasarela-xibi-xibi-750x422.jpeg 750w\" sizes=\"(max-width: 800px) 100vw, 800px\" \/><\/figure><\/div>\n\n\n<p><\/p>\n\n\n\n<p><strong>El operativo de montaje comenzar\u00e1 este s\u00e1bado 10 de enero a las 5 de la ma\u00f1ana con el traslado de las estructuras met\u00e1licas desde la ciudad de Palpal\u00e1, donde fueron fabricadas en un taller especializado.<\/strong><\/p>\n\n\n\n<p>Con m\u00e1s detalles de la obra, el secretario de Obras P\u00fablicas, Aldo Montiel anunci\u00f3 que,<strong> \u201cel s\u00e1bado se dar\u00e1 continuidad a la instalaci\u00f3n de la segunda pasarela peatonal en el Parque Xibi Xibi, que al igual que la primera, esta intervenci\u00f3n generar\u00e1 movimientos importantes en la zona, por lo que se solicita a los vecinos y conductores circular con precauci\u00f3n, prestando especial atenci\u00f3n a la se\u00f1alizaci\u00f3n y recomendaciones en materia de tr\u00e1nsito\u201d.<\/strong><\/p>\n\n\n\n<p>Luego a\u00f1adi\u00f3, \u201cla nueva pasarela peatonal se ubicar\u00e1 aguas abajo del Puente Gorriti, siguiendo un esquema similar al que ya fue instalado anteriormente aguas abajo del Puente Mariano Moreno\u201d.<\/p>\n\n\n\n<p>Al brindar detalles de las tareas, explic\u00f3 <strong>\u201cesta primera etapa contempla la instalaci\u00f3n del arco principal de la pasarela, mientras que, en una segunda instancia, mediante obra in situ, se ejecutar\u00e1 el solado, la colocaci\u00f3n de barandas y todo el sistema de iluminaci\u00f3n perimetral\u201d.<\/strong><\/p>\n\n\n\n<p>M\u00e1s adelante afirm\u00f3 \u201cvamos a comenzar con el montaje ma\u00f1ana, y esperamos que el clima nos acompa\u00f1e para poder avanzar sin contratiempos. La idea es completar las tareas principales en el mismo d\u00eda y dejar finalizada esta etapa del proyecto\u201d, finaliz\u00f3 Montiel.<\/p>\n\n\n\n<p>Por su parte Guillermo Marenco, secretario de Servicios P\u00fablicos, explic\u00f3, <strong>\u201cse trata de un operativo que comenzar\u00e1 a las 5 am desde la ciudad de Palpal\u00e1, ya que es necesario trasladar todas las estructuras fabricadas en el taller metal\u00fargico. El recorrido se realiza por Ruta 1 hasta llegar al puente Gorriti, en el Parque Xibi Xibi, donde se llevar\u00e1 a cabo la instalaci\u00f3n\u201d.<\/strong><\/p>\n\n\n\n<p>En este sentido, aclar\u00f3 \u201cpara este operativo se requiere un despliegue log\u00edstico muy amplio, ya que involucra el traslado de grandes estructuras en dos camiones, el uso de gr\u00faas, tr\u00e1ileres y equipos especiales. <strong>Se trata de un movimiento de gran magnitud que contar\u00e1 con el acompa\u00f1amiento y control de un esquema de seguridad vial especialmente coordinado por la Direcci\u00f3n de Tr\u00e1nsito municipal, con el fin de garantizar la seguridad durante todo el trayecto y la instalaci\u00f3n\u201d.<\/strong><\/p>\n\n\n\n<p>Finalmente, especific\u00f3 Marenco, \u201cel operativo de traslado contar\u00e1 con un dispositivo de seguridad vial que se mantendr\u00e1 activo durante toda la jornada, abarcando desde el inicio hasta la finalizaci\u00f3n de las tareas previstas. <strong>El operativo comenzar\u00e1 a las 5 de la ma\u00f1ana en Palpal\u00e1, y se estima que las estructuras estar\u00e1n llegando a la ciudad alrededor de las 6:30 o 7 de la ma\u00f1ana, dependiendo de las condiciones clim\u00e1ticas y del estado de la ruta\u201d.<\/strong><\/p>\n","protected":false},"excerpt":{"rendered":"<p>La Secretar\u00eda de Obras P\u00fablicas del municipio capitalino, anunci\u00f3 la instalaci\u00f3n de la segunda pasarela peatonal sobre el Parque Xibi Xibi, la cual estar\u00e1 ubicada bajo el Puente Gorriti, siguiendo el dise\u00f1o similar al de la primera pasarela instalada aguas abajo del Puente Mariano Moreno. Esta nueva estructura forma parte del plan integral de conectividad [&hellip;]<\/p>\n","protected":false},"author":49,"featured_media":437401,"comment_status":"open","ping_status":"open","sticky":false,"template":"","format":"standard","meta":{"_stopmodifiedupdate":false,"_modified_date":"","inline_featured_image":false,"spay_email":"","jetpack_publicize_message":""},"categories":[2,514],"tags":[],"jetpack_featured_media_url":"https:\/\/notinor.com\/jujuy\/wp-content\/uploads\/2026\/01\/pasarela-xibi-xibi.jpeg","jetpack_publicize_connections":[],"_links":{"self":[{"href":"https:\/\/notinor.com\/jujuy\/wp-json\/wp\/v2\/posts\/437400"}],"collection":[{"href":"https:\/\/notinor.com\/jujuy\/wp-json\/wp\/v2\/posts"}],"about":[{"href":"https:\/\/notinor.com\/jujuy\/wp-json\/wp\/v2\/types\/post"}],"author":[{"embeddable":true,"href":"https:\/\/notinor.com\/jujuy\/wp-json\/wp\/v2\/users\/49"}],"replies":[{"embeddable":true,"href":"https:\/\/notinor.com\/jujuy\/wp-json\/wp\/v2\/comments?post=437400"}],"version-history":[{"count":1,"href":"https:\/\/notinor.com\/jujuy\/wp-json\/wp\/v2\/posts\/437400\/revisions"}],"predecessor-version":[{"id":437402,"href":"https:\/\/notinor.com\/jujuy\/wp-json\/wp\/v2\/posts\/437400\/revisions\/437402"}],"wp:featuredmedia":[{"embeddable":true,"href":"https:\/\/notinor.com\/jujuy\/wp-json\/wp\/v2\/media\/437401"}],"wp:attachment":[{"href":"https:\/\/notinor.com\/jujuy\/wp-json\/wp\/v2\/media?parent=437400"}],"wp:term":[{"taxonomy":"category","embeddable":true,"href":"https:\/\/notinor.com\/jujuy\/wp-json\/wp\/v2\/categories?post=437400"},{"taxonomy":"post_tag","embeddable":true,"href":"https:\/\/notinor.com\/jujuy\/wp-json\/wp\/v2\/tags?post=437400"}],"curies":[{"name":"wp","href":"https:\/\/api.w.org\/{rel}","templated":true}]}}