{"id":437394,"date":"2026-01-09T13:03:51","date_gmt":"2026-01-09T16:03:51","guid":{"rendered":"https:\/\/notinor.com\/jujuy\/?p=437394"},"modified":"2026-01-09T13:03:53","modified_gmt":"2026-01-09T16:03:53","slug":"fechas-y-agenda-del-carnaval-2026-el-color-y-la-musica-que-tine-jujuy","status":"publish","type":"post","link":"https:\/\/notinor.com\/jujuy\/fechas-y-agenda-del-carnaval-2026-el-color-y-la-musica-que-tine-jujuy\/","title":{"rendered":"Fechas y agenda del Carnaval 2026, el color y la m\u00fasica que ti\u00f1e Jujuy"},"content":{"rendered":"\n<p class=\"has-medium-font-size\"><strong><em>Jujuy se prepara para vivir el Carnaval en su m\u00e1xima expresi\u00f3n.<\/em><\/strong><\/p>\n\n\n\n<p><\/p>\n\n\n<div class=\"wp-block-image\">\n<figure class=\"aligncenter size-full\"><img decoding=\"async\" loading=\"lazy\" width=\"800\" height=\"450\" src=\"https:\/\/notinor.com\/jujuy\/wp-content\/uploads\/2026\/01\/carnaval-jujuy.jpg\" alt=\"\" class=\"wp-image-437395\" srcset=\"https:\/\/notinor.com\/jujuy\/wp-content\/uploads\/2026\/01\/carnaval-jujuy.jpg 800w, https:\/\/notinor.com\/jujuy\/wp-content\/uploads\/2026\/01\/carnaval-jujuy-649x365.jpg 649w, https:\/\/notinor.com\/jujuy\/wp-content\/uploads\/2026\/01\/carnaval-jujuy-500x280.jpg 500w, https:\/\/notinor.com\/jujuy\/wp-content\/uploads\/2026\/01\/carnaval-jujuy-768x432.jpg 768w, https:\/\/notinor.com\/jujuy\/wp-content\/uploads\/2026\/01\/carnaval-jujuy-750x422.jpg 750w\" sizes=\"(max-width: 800px) 100vw, 800px\" \/><\/figure><\/div>\n\n\n<p><\/p>\n\n\n\n<p>Desde enero hasta marzo, la provincia se entrega a una celebraci\u00f3n que abraza todas sus tradiciones: los jueves preparatorios que calientan motores, las comparsas que explotan en color y m\u00fasica, y los rituales que mezclan fe y fiesta. <strong>Esta agenda recorre cada momento del carnaval juje\u00f1o, ese evento que define la identidad de la provincia y convoca a propios y visitantes a disfrutar de d\u00edas donde la alegr\u00eda no tiene l\u00edmites.<\/strong><\/p>\n\n\n\n<p>El carnaval abre con la m\u00fasica folkl\u00f3rica como protagonista. El 10 de enero, Purmamarca vibra con el Encuentro de Copleros, un evento que marca el inicio de los festejos y prepara el terreno para las semanas de celebraci\u00f3n que vienen.<\/p>\n\n\n\n<p class=\"has-medium-font-size\"><strong>Los Jueves del Carnaval<\/strong><\/p>\n\n\n\n<p><strong>Antes del estallido de color llegan los jueves preparatorios, esos d\u00edas donde la provincia ensaya su alegr\u00eda. El 22 de enero se abre con el Jueves de Padrinos, seguido por el Jueves de Ahijados (29 de enero), el Jueves de Compadres (5 de febrero) y el Jueves de Comadres (12 de febrero).<\/strong> Cada uno de estos jueves trae su propia din\u00e1mica, sus propios encuentros, sus propias razones para reunirse y celebrar. Son los d\u00edas que calientan el ambiente antes de que explote la fiesta grande.<\/p>\n\n\n\n<p class=\"has-medium-font-size\"><strong>Carnaval de Los Tekis y Carnaval Grande<\/strong><\/p>\n\n\n\n<p><strong>Entre el 13 y el 16 de febrero, Los Tekis toman la provincia con su carnaval, una celebraci\u00f3n que mezcla lo tradicional con la energ\u00eda de las nuevas generaciones.<\/strong> Simult\u00e1neamente, del 14 al 16 de febrero, el Carnaval Grande despliega toda su magnitud: comparsas, disfraces, m\u00fasica a todo volumen y las calles te\u00f1idas de colores que no dejan espacios para el aburrimiento. Son los d\u00edas principales, cuando Jujuy respira ritmo y se deja llevar por la euforia colectiva.<\/p>\n\n\n\n<p class=\"has-medium-font-size\"><strong>Bajada de Diablos de Uquia<\/strong><\/p>\n\n\n\n<p><strong>Un s\u00e1bado del carnaval, en Uquia, los diablos bajan hacia los pueblos en una tradici\u00f3n que mezcla lo sagrado con lo profano, lo ritual con la diversi\u00f3n.<\/strong> Es un espect\u00e1culo que convoca a la comunidad y que recuerda la profundidad de las ra\u00edces carnavaleras de Jujuy, donde cada comparsa, cada disfraz, cada movimiento cuenta una historia.<\/p>\n\n\n\n<p class=\"has-medium-font-size\"><strong>Martes de Chaya y Carnaval Chico<\/strong><\/p>\n\n\n\n<p><strong>El 17 de febrero llega el Martes de Chaya, ese d\u00eda donde el agua y la harina vuelan sin censura, donde las bromas y la risa son la moneda de cambio. <\/strong>Despu\u00e9s viene el Carnaval Chico (21 de febrero), una segunda oportunidad para disfrutar de la fiesta, para quienes quisieron m\u00e1s o para los que se sumaron despu\u00e9s.<\/p>\n\n\n\n<p class=\"has-medium-font-size\"><strong>Carnaval de Flores y Remache<\/strong><\/p>\n\n\n\n<p><strong>El 28 de febrero, el Carnaval de Flores cierra esta etapa con un toque m\u00e1s l\u00edrico, m\u00e1s contemplativo. Es el momento para apreciar la belleza de lo que fue. Y finalmente, el 7 de marzo, llega el Carnaval de Remache,<\/strong> ese evento que pone punto final a la fiesta pero que deja las puertas abiertas para el recuerdo y la nostalgia de los d\u00edas vividos.<\/p>\n\n\n\n<p>Esta es la agenda carnavalera de Jujuy 2026: dos meses intensos donde la provincia se abandona a la celebraci\u00f3n. <strong>No es simplemente una fiesta; es el tiempo en el que Jujuy muestra su alma m\u00e1s libre, m\u00e1s colorida, m\u00e1s aut\u00e9ntica. Es el carnaval que espera, que vibra, que llama a todos a ser parte de esa magia que solo sucede una vez al a\u00f1o.<\/strong><\/p>\n","protected":false},"excerpt":{"rendered":"<p>Jujuy se prepara para vivir el Carnaval en su m\u00e1xima expresi\u00f3n. Desde enero hasta marzo, la provincia se entrega a una celebraci\u00f3n que abraza todas sus tradiciones: los jueves preparatorios que calientan motores, las comparsas que explotan en color y m\u00fasica, y los rituales que mezclan fe y fiesta. Esta agenda recorre cada momento del [&hellip;]<\/p>\n","protected":false},"author":49,"featured_media":437395,"comment_status":"open","ping_status":"open","sticky":false,"template":"","format":"standard","meta":{"_stopmodifiedupdate":false,"_modified_date":"","inline_featured_image":false,"spay_email":"","jetpack_publicize_message":""},"categories":[2,514,832],"tags":[],"jetpack_featured_media_url":"https:\/\/notinor.com\/jujuy\/wp-content\/uploads\/2026\/01\/carnaval-jujuy.jpg","jetpack_publicize_connections":[],"_links":{"self":[{"href":"https:\/\/notinor.com\/jujuy\/wp-json\/wp\/v2\/posts\/437394"}],"collection":[{"href":"https:\/\/notinor.com\/jujuy\/wp-json\/wp\/v2\/posts"}],"about":[{"href":"https:\/\/notinor.com\/jujuy\/wp-json\/wp\/v2\/types\/post"}],"author":[{"embeddable":true,"href":"https:\/\/notinor.com\/jujuy\/wp-json\/wp\/v2\/users\/49"}],"replies":[{"embeddable":true,"href":"https:\/\/notinor.com\/jujuy\/wp-json\/wp\/v2\/comments?post=437394"}],"version-history":[{"count":1,"href":"https:\/\/notinor.com\/jujuy\/wp-json\/wp\/v2\/posts\/437394\/revisions"}],"predecessor-version":[{"id":437396,"href":"https:\/\/notinor.com\/jujuy\/wp-json\/wp\/v2\/posts\/437394\/revisions\/437396"}],"wp:featuredmedia":[{"embeddable":true,"href":"https:\/\/notinor.com\/jujuy\/wp-json\/wp\/v2\/media\/437395"}],"wp:attachment":[{"href":"https:\/\/notinor.com\/jujuy\/wp-json\/wp\/v2\/media?parent=437394"}],"wp:term":[{"taxonomy":"category","embeddable":true,"href":"https:\/\/notinor.com\/jujuy\/wp-json\/wp\/v2\/categories?post=437394"},{"taxonomy":"post_tag","embeddable":true,"href":"https:\/\/notinor.com\/jujuy\/wp-json\/wp\/v2\/tags?post=437394"}],"curies":[{"name":"wp","href":"https:\/\/api.w.org\/{rel}","templated":true}]}}