{"id":437302,"date":"2026-01-02T22:04:21","date_gmt":"2026-01-03T01:04:21","guid":{"rendered":"https:\/\/notinor.com\/jujuy\/?p=437302"},"modified":"2026-01-02T22:04:22","modified_gmt":"2026-01-03T01:04:22","slug":"una-nueva-tormenta-golpeo-a-jujuy-alto-comedero-bajo-el-agua","status":"publish","type":"post","link":"https:\/\/notinor.com\/jujuy\/una-nueva-tormenta-golpeo-a-jujuy-alto-comedero-bajo-el-agua\/","title":{"rendered":"Una nueva tormenta golpe\u00f3 a Jujuy: Alto Comedero bajo el agua"},"content":{"rendered":"\n<p class=\"has-medium-font-size\"><strong><em>Una fuerte lluvia sorprendi\u00f3 a la capital juje\u00f1a este viernes por la tarde y dej\u00f3 al barrio Alto Comedero entre los m\u00e1s castigados. Las calles se transformaron en verdaderos cauces y, en varios sectores, el agua ingres\u00f3 a las viviendas.<\/em><\/strong><\/p>\n\n\n\n<p><\/p>\n\n\n<div class=\"wp-block-image\">\n<figure class=\"aligncenter size-full\"><img decoding=\"async\" loading=\"lazy\" width=\"800\" height=\"450\" src=\"https:\/\/notinor.com\/jujuy\/wp-content\/uploads\/2026\/01\/alto-comedero-inundado.jpg\" alt=\"\" class=\"wp-image-437303\" srcset=\"https:\/\/notinor.com\/jujuy\/wp-content\/uploads\/2026\/01\/alto-comedero-inundado.jpg 800w, https:\/\/notinor.com\/jujuy\/wp-content\/uploads\/2026\/01\/alto-comedero-inundado-649x365.jpg 649w, https:\/\/notinor.com\/jujuy\/wp-content\/uploads\/2026\/01\/alto-comedero-inundado-500x280.jpg 500w, https:\/\/notinor.com\/jujuy\/wp-content\/uploads\/2026\/01\/alto-comedero-inundado-768x432.jpg 768w, https:\/\/notinor.com\/jujuy\/wp-content\/uploads\/2026\/01\/alto-comedero-inundado-750x422.jpg 750w\" sizes=\"(max-width: 800px) 100vw, 800px\" \/><\/figure><\/div>\n\n\n<p><\/p>\n\n\n\n<p>El temporal, acompa\u00f1ado de intensas r\u00e1fagas de viento, volvi\u00f3 a poner en evidencia la falta de obras de infraestructura. En apenas media hora de precipitaci\u00f3n, los desbordes fueron generalizados. Dante, vecino de las 47 Hect\u00e1reas, relat\u00f3 que los badenes quedaron colapsados y hasta el transporte p\u00fablico se vio obligado a detener su circulaci\u00f3n. Adem\u00e1s, denunci\u00f3 que el sistema cloacal de la zona se encuentra saturado y que, con cada lluvia, las aguas contaminadas alcanzan incluso al barrio San Jos\u00e9 de Palpal\u00e1.<\/p>\n\n\n\n<p>En el Sector B1, los residentes remarcaron que la situaci\u00f3n se repite desde hace tiempo: las calles se vuelven intransitables y la falta de respuestas municipales los llev\u00f3 a solicitar, sin \u00e9xito, el alquiler de maquinaria para reparar las calzadas. La problem\u00e1tica es tan grave que algunos vecinos mantienen sus veh\u00edculos guardados desde hace meses, incapaces de utilizarlos por el estado de las arterias.<\/p>\n","protected":false},"excerpt":{"rendered":"<p>Una fuerte lluvia sorprendi\u00f3 a la capital juje\u00f1a este viernes por la tarde y dej\u00f3 al barrio Alto Comedero entre los m\u00e1s castigados. Las calles se transformaron en verdaderos cauces y, en varios sectores, el agua ingres\u00f3 a las viviendas. El temporal, acompa\u00f1ado de intensas r\u00e1fagas de viento, volvi\u00f3 a poner en evidencia la falta [&hellip;]<\/p>\n","protected":false},"author":49,"featured_media":437303,"comment_status":"open","ping_status":"open","sticky":false,"template":"","format":"standard","meta":{"_stopmodifiedupdate":false,"_modified_date":"","inline_featured_image":false,"spay_email":"","jetpack_publicize_message":""},"categories":[2,514],"tags":[],"jetpack_featured_media_url":"https:\/\/notinor.com\/jujuy\/wp-content\/uploads\/2026\/01\/alto-comedero-inundado.jpg","jetpack_publicize_connections":[],"_links":{"self":[{"href":"https:\/\/notinor.com\/jujuy\/wp-json\/wp\/v2\/posts\/437302"}],"collection":[{"href":"https:\/\/notinor.com\/jujuy\/wp-json\/wp\/v2\/posts"}],"about":[{"href":"https:\/\/notinor.com\/jujuy\/wp-json\/wp\/v2\/types\/post"}],"author":[{"embeddable":true,"href":"https:\/\/notinor.com\/jujuy\/wp-json\/wp\/v2\/users\/49"}],"replies":[{"embeddable":true,"href":"https:\/\/notinor.com\/jujuy\/wp-json\/wp\/v2\/comments?post=437302"}],"version-history":[{"count":1,"href":"https:\/\/notinor.com\/jujuy\/wp-json\/wp\/v2\/posts\/437302\/revisions"}],"predecessor-version":[{"id":437304,"href":"https:\/\/notinor.com\/jujuy\/wp-json\/wp\/v2\/posts\/437302\/revisions\/437304"}],"wp:featuredmedia":[{"embeddable":true,"href":"https:\/\/notinor.com\/jujuy\/wp-json\/wp\/v2\/media\/437303"}],"wp:attachment":[{"href":"https:\/\/notinor.com\/jujuy\/wp-json\/wp\/v2\/media?parent=437302"}],"wp:term":[{"taxonomy":"category","embeddable":true,"href":"https:\/\/notinor.com\/jujuy\/wp-json\/wp\/v2\/categories?post=437302"},{"taxonomy":"post_tag","embeddable":true,"href":"https:\/\/notinor.com\/jujuy\/wp-json\/wp\/v2\/tags?post=437302"}],"curies":[{"name":"wp","href":"https:\/\/api.w.org\/{rel}","templated":true}]}}