{"id":437296,"date":"2026-01-02T13:51:32","date_gmt":"2026-01-02T16:51:32","guid":{"rendered":"https:\/\/notinor.com\/jujuy\/?p=437296"},"modified":"2026-01-02T13:51:34","modified_gmt":"2026-01-02T16:51:34","slug":"el-dolar-oficial-sube-10-y-se-vende-a-1490-mientras-el-riesgo-pais-toca-su-menor-valor-en-dos-semanas","status":"publish","type":"post","link":"https:\/\/notinor.com\/jujuy\/el-dolar-oficial-sube-10-y-se-vende-a-1490-mientras-el-riesgo-pais-toca-su-menor-valor-en-dos-semanas\/","title":{"rendered":"El d\u00f3lar oficial sube $10 y se vende a $1490, mientras el riesgo pa\u00eds toca su menor valor en dos semanas"},"content":{"rendered":"\n<p class=\"has-medium-font-size\"><strong><em>El indicador que mide la confianza de los inversores se ubica en 556 unidades. Qu\u00e9 pasa con los bonos y las acciones que operan en Wall Street.<\/em><\/strong><\/p>\n\n\n<div class=\"wp-block-image\">\n<figure class=\"aligncenter\"><img decoding=\"async\" src=\"https:\/\/tn.com.ar\/resizer\/v2\/dolar-riesgo-pais-y-acciones-asi-opera-el-mercado-hoy-2-de-enero-a-la-nueva-etapa-del-programa-de-javier-milei-foto-reutersbrendan-mcdermid-LNYFTPXANJC2VM2PQIHSGNQB2Y.jpg?auth=b4953afedc46b5d932f4cbbc9f35c5effedd0b634840ba2602b175b06e19f809&amp;width=767\" alt=\"D\u00f3lar, riesgo pa\u00eds y acciones: as\u00ed opera el mercado HOY 2 de enero a la nueva etapa del programa de Javier Milei (Foto: REUTERS\/Brendan McDermid)\"\/><figcaption class=\"wp-element-caption\">D\u00f3lar, riesgo pa\u00eds y acciones: as\u00ed opera el mercado HOY 2 de enero a la nueva etapa del programa de Javier Milei<\/figcaption><\/figure><\/div>\n\n\n<p>El\u00a0<strong>riesgo pa\u00eds\u00a0<\/strong>bajaba 15 unidades y operaba en\u00a0<strong>557 puntos<\/strong>\u00a0b\u00e1sicos este viernes 2 de enero, el menor nivel desde el 17 de diciembre. El mercado reacciona de manera positiva a la <strong>nueva etapa del programa econ\u00f3mico<\/strong> dispuesto por el presidente\u00a0<strong>Javier Milei<\/strong>,que comenz\u00f3 a regir hoy.<\/p>\n\n\n\n<p>El indicador que mide la confianza de los inversores cerr\u00f3 2025 en&nbsp;<strong>571 unidades<\/strong>. En tanto, los&nbsp;<strong>bonos&nbsp;<\/strong>en el exterior registraban&nbsp;<strong>n\u00fameros positivos en&nbsp;<\/strong>la apertura de la primera rueda del a\u00f1o.<\/p>\n\n\n\n<p>Las&nbsp;<strong>acciones argentinas<\/strong>&nbsp;que operan en&nbsp;<strong>Wall Street&nbsp;<\/strong>anotaban&nbsp;<strong>alzas de hasta 1,5%<\/strong>. Mientras, el&nbsp;<strong>d\u00f3lar oficial<\/strong>&nbsp;sub\u00eda $10 y se vend\u00eda a<strong>&nbsp;$1490<\/strong>&nbsp;en las pantallas del&nbsp;<strong>Banco Naci\u00f3n<\/strong>&nbsp;(BNA).<\/p>\n\n\n\n<p>Los papeles locales que lideraban las subas eran:&nbsp;<em>Corporaci\u00f3n Am\u00e9rica&nbsp;<\/em>(1,5%) y&nbsp;<em>Globant<\/em>&nbsp;(1,4%). En menor medida, los t\u00edtulos de BBVA; Central Puerto e YPF tambi\u00e9n anotaban n\u00fameros positivos.<\/p>\n\n\n\n<p>El cambio en el esquema monetario y cambiario fue anunciada el 15 de diciembre y tiene dos puntos principales: la&nbsp;<strong>ampliaci\u00f3n de las bandas&nbsp;<\/strong>entre las que flota el d\u00f3lar (que pas\u00f3 desde hoy a ajustarse de manera mensual por inflaci\u00f3n) y el&nbsp;<strong>programa de compra de reservas&nbsp;<\/strong>por parte del Banco Central (BCRA).<\/p>\n\n\n<div class=\"wp-block-image\">\n<figure class=\"aligncenter\"><img decoding=\"async\" src=\"https:\/\/tn.com.ar\/resizer\/v2\/el-dolar-oficial-sube-5-y-se-vende-a-1485-mientras-el-riesgo-pais-toca-su-menor-valor-en-dos-semanas-foto-reutersbrendan-mcdermid-G4BQW3NPC5DFNA5DKN6CZIR5NA.jpg?auth=caa0b5961f7dceb03b18787105b8c3422cb7dcc3a9ff88437aa2d870b5910990&amp;width=767\" alt=\"El d\u00f3lar oficial sube $5 y se vende a $1485, mientras el riesgo pa\u00eds toca su menor valor en dos semanas (Foto: REUTERS\/Brendan McDermid)\"\/><figcaption class=\"wp-element-caption\">El d\u00f3lar oficial sube $5 y se vende a $1485, mientras el riesgo pa\u00eds toca su menor valor en dos semanas<\/figcaption><\/figure><\/div>\n\n\n<p>En el mercado cambiario,&nbsp;los d\u00f3lares financieros&nbsp;<strong>sub\u00edan cerca de un 1%. El d\u00f3lar<\/strong>&nbsp;<strong>MEP&nbsp;<\/strong>se negociaba a<strong>&nbsp;$1494,87&nbsp;<\/strong>y el&nbsp;<strong>contado con liquidaci\u00f3n<\/strong>&nbsp;(CCL) a&nbsp;<strong>$1537,69.<\/strong>&nbsp;En tanto el&nbsp;<strong>d\u00f3lar blue<\/strong>, se vend\u00eda a<strong>&nbsp;$1530<\/strong>.<\/p>\n\n\n\n<p><strong>Rigen las nuevas bandas cambiarias: c\u00f3mo se actualizan desde hoy 2 de enero<\/strong><\/p>\n\n\n\n<p>Este viernes 2 de enero comenz\u00f3 a regir\u00a0<strong>la nueva\u00a0actualizaci\u00f3n de las bandas de flotaci\u00f3n del d\u00f3lar <\/strong>y el Banco Central puso en marcha un esquema que combina\u00a0<strong>ajuste por inflaci\u00f3n pasada y un programa gradual de acumulaci\u00f3n de reservas<\/strong>.<\/p>\n\n\n\n<p>As\u00ed, se modific\u00f3 la din\u00e1mica que reg\u00eda desde abril de 2025 y redefine los valores entre los cuales el tipo de cambio podr\u00e1 moverse sin intervenci\u00f3n oficial.<\/p>\n\n\n<div class=\"wp-block-image\">\n<figure class=\"aligncenter\"><img decoding=\"async\" src=\"https:\/\/tn.com.ar\/resizer\/v2\/este-2-de-enero-rigen-las-nuevas-bandas-cambiarias-foto-luis-robayo-afp-YYQVHJWLJNEOBFYW6GFO4CDQFM.jpg?auth=e97cea0e2d5714bc8eb50e73931e837d48cf4f086abe5d7ca45849f9df982287&amp;width=767\" alt=\"Este 2 de enero rigen las nuevas bandas cambiarias (Foto: Luis ROBAYO \/ AFP).\"\/><figcaption class=\"wp-element-caption\">Este 2 de enero rigen las nuevas bandas cambiarias<\/figcaption><\/figure><\/div>\n\n\n<p>En concreto,&nbsp;<strong>durante enero el ajuste ser\u00e1 de 2,5% y el techo de la banda<\/strong>, que hasta fines de diciembre se ubicaba en $1526,09,&nbsp;<strong>pasar\u00e1 a $1564<\/strong>.&nbsp;<\/p>\n\n\n\n<p>En febrero, los l\u00edmites volver\u00e1n a modificarse de acuerdo con la inflaci\u00f3n de diciembre, que el Instituto Nacional de Estad\u00edstica y Censos (<strong>Indec<\/strong>) difundir\u00e1 el martes 13 de enero. El piso de la banda acompa\u00f1ar\u00e1 ese mismo ritmo de actualizaci\u00f3n.<\/p>\n\n\n\n<p>El nuevo mecanismo implica que el techo y el piso se mover\u00e1n todos los d\u00edas hasta completar, al cierre de cada mes, el ritmo correspondiente al \u00faltimo dato de inflaci\u00f3n informado por el Indec, con un rezago de dos meses.<\/p>\n\n\n\n<p>Hoy, el techo de la banda del tipo de cambio se ubica en&nbsp;<strong>$1529,03<\/strong>, seg\u00fan inform\u00f3 el BCRA.<\/p>\n","protected":false},"excerpt":{"rendered":"<p>El indicador que mide la confianza de los inversores se ubica en 556 unidades. Qu\u00e9 pasa con los bonos y las acciones que operan en Wall Street. El\u00a0riesgo pa\u00eds\u00a0bajaba 15 unidades y operaba en\u00a0557 puntos\u00a0b\u00e1sicos este viernes 2 de enero, el menor nivel desde el 17 de diciembre. El mercado reacciona de manera positiva a [&hellip;]<\/p>\n","protected":false},"author":5,"featured_media":437297,"comment_status":"open","ping_status":"open","sticky":false,"template":"","format":"standard","meta":{"_stopmodifiedupdate":false,"_modified_date":"","inline_featured_image":false,"spay_email":"","jetpack_publicize_message":""},"categories":[676],"tags":[],"jetpack_featured_media_url":"https:\/\/notinor.com\/jujuy\/wp-content\/uploads\/2026\/01\/ECONOMIA.jpg","jetpack_publicize_connections":[],"_links":{"self":[{"href":"https:\/\/notinor.com\/jujuy\/wp-json\/wp\/v2\/posts\/437296"}],"collection":[{"href":"https:\/\/notinor.com\/jujuy\/wp-json\/wp\/v2\/posts"}],"about":[{"href":"https:\/\/notinor.com\/jujuy\/wp-json\/wp\/v2\/types\/post"}],"author":[{"embeddable":true,"href":"https:\/\/notinor.com\/jujuy\/wp-json\/wp\/v2\/users\/5"}],"replies":[{"embeddable":true,"href":"https:\/\/notinor.com\/jujuy\/wp-json\/wp\/v2\/comments?post=437296"}],"version-history":[{"count":1,"href":"https:\/\/notinor.com\/jujuy\/wp-json\/wp\/v2\/posts\/437296\/revisions"}],"predecessor-version":[{"id":437298,"href":"https:\/\/notinor.com\/jujuy\/wp-json\/wp\/v2\/posts\/437296\/revisions\/437298"}],"wp:featuredmedia":[{"embeddable":true,"href":"https:\/\/notinor.com\/jujuy\/wp-json\/wp\/v2\/media\/437297"}],"wp:attachment":[{"href":"https:\/\/notinor.com\/jujuy\/wp-json\/wp\/v2\/media?parent=437296"}],"wp:term":[{"taxonomy":"category","embeddable":true,"href":"https:\/\/notinor.com\/jujuy\/wp-json\/wp\/v2\/categories?post=437296"},{"taxonomy":"post_tag","embeddable":true,"href":"https:\/\/notinor.com\/jujuy\/wp-json\/wp\/v2\/tags?post=437296"}],"curies":[{"name":"wp","href":"https:\/\/api.w.org\/{rel}","templated":true}]}}