{"id":437289,"date":"2026-01-01T23:16:00","date_gmt":"2026-01-02T02:16:00","guid":{"rendered":"https:\/\/notinor.com\/jujuy\/?p=437289"},"modified":"2026-01-01T11:16:51","modified_gmt":"2026-01-01T11:16:51","slug":"balance-positivo-de-la-campana-sin-casco-no-ingresas-mas-conciencia-menos-riesgos-y-controles-que-se-amplian-en-la-ciudad","status":"publish","type":"post","link":"https:\/\/notinor.com\/jujuy\/balance-positivo-de-la-campana-sin-casco-no-ingresas-mas-conciencia-menos-riesgos-y-controles-que-se-amplian-en-la-ciudad\/","title":{"rendered":"Balance positivo de la campa\u00f1a \u201cSin Casco No Ingres\u00e1s\u201d: m\u00e1s conciencia, menos riesgos y controles que se ampl\u00edan en la ciudad"},"content":{"rendered":"\n<p class=\"has-medium-font-size\"><strong><em>El intendente Ra\u00fal \u201cChuli\u201d Jorge, junto al secretario de Servicios P\u00fablicos, Guillermo Marenco, realiz\u00f3 un balance altamente positivo de los primeros d\u00edas de la campa\u00f1a \u201cSin Casco No Ingres\u00e1s\u201d, una pol\u00edtica p\u00fablica impulsada por el municipio que pone el foco en la concientizaci\u00f3n y el control del uso obligatorio del casco, as\u00ed como en el cumplimiento de las normativas vigentes para la circulaci\u00f3n de motoveh\u00edculos, con el objetivo prioritario de cuidar la vida y la seguridad de vecinos y vecinas.<\/em><\/strong><\/p>\n\n\n\n<figure class=\"wp-block-image\"><img decoding=\"async\" src=\"https:\/\/www.sansalvadordejujuy.gob.ar\/wp-content\/uploads\/2025\/12\/MARENCO-Y-CHULI-1-1024x555.jpg\" alt=\"\" class=\"wp-image-98613\"\/><\/figure>\n\n\n\n<p>En ese sentido, el intendente <strong>Ra\u00fal \u201cChuli\u201d Jorge <\/strong>destac\u00f3 el acompa\u00f1amiento institucional y la firme decisi\u00f3n de avanzar con medidas concretas, \u201cvemos tambi\u00e9n en el Ministerio de Seguridad de la Provincia un compromiso de acompa\u00f1ar esta campa\u00f1a con contundencia, esto tambi\u00e9n ayuda a que podamos hacer campa\u00f1as conjuntas. Comentar que la alt\u00edsima preocupaci\u00f3n que tenemos con los secuestros de motos que est\u00e1n sin patentes, sin documentaci\u00f3n respaldatoria, a lo largo de m\u00e1s de 10 a\u00f1os ya tenemos acumuladas 4000 motocicletas, estamos por enviar un proyecto al Concejo Deliberante para ver si nos autorizan, como se ha hecho en otras ciudades, la venta como autopartes de estos elementos que no tienen ninguna posibilidad de rescate, y ya es todo un problema que tiene que ver con la salubridad y la falta de espacios para la acumulaci\u00f3n de estos motoveh\u00edculos\u201d.<\/p>\n\n\n\n<p>Asimismo, el jefe comunal remarc\u00f3 el sentido profundo de la iniciativa, \u201ces necesario decir con contundencia que la ciudadan\u00eda, y en particular los motociclistas, deben tomar conciencia. No se trata de una acci\u00f3n persecutoria ni de un operativo con fines recaudatorios: estamos cuidando la vida de las personas y de sus familias. Las estad\u00edsticas son alarmantes: el a\u00f1o pasado se registraron m\u00e1s de 170 siniestros viales, de los cuales m\u00e1s de 120 tuvieron consecuencias fatales. Frente a esta realidad, nuestro objetivo es claro. La campa\u00f1a viene dando muy buenos resultados y vamos a ampliar su alcance, no solo a trav\u00e9s de la concientizaci\u00f3n y la advertencia, sino tambi\u00e9n avanzando en la ejecuci\u00f3n del plan, que contempla la exigencia de contar con toda la documentaci\u00f3n obligatoria y v\u00e1lida para poder circular en este tipo de veh\u00edculos.\u201d<\/p>\n\n\n<div class=\"wp-block-image\">\n<figure class=\"aligncenter\"><img decoding=\"async\" src=\"https:\/\/www.sansalvadordejujuy.gob.ar\/wp-content\/uploads\/2025\/12\/ReunionCampanaSinCascoNoIngresas-PrensaMuniJujuy-09-1024x547.jpg\" alt=\"\" class=\"wp-image-98207\"\/><\/figure><\/div>\n\n\n<p>Por su parte, el secretario de Servicios P\u00fablicos, <strong>Guillermo Marenco<\/strong>, calific\u00f3 la experiencia como sumamente satisfactoria y necesaria, \u201cun balance altamente positivo, es una medida que la quer\u00edamos implementar desde hace much\u00edsimo tiempo, durante el 2025 fue creciendo la cantidad de motoveh\u00edculos circulando dentro de la ciudad y consecuentemente ten\u00edamos mayor cantidad de personas que circulaban en condiciones no debidas en funci\u00f3n de las normativas vigentes, entonces fuimos haciendo campa\u00f1as de concientizaci\u00f3n, trabaj\u00e1bamos mucho con educaci\u00f3n vial dentro de los establecimientos escolares primarios y fundamentalmente secundarios pero ve\u00edamos que los usuarios de motoveh\u00edculos no tomaban conciencia, as\u00ed que con el equipo del Ejecutivo Municipal, con el Intendente, intercambiando opiniones con diferentes jurisdicciones a nivel nacional y tambi\u00e9n provincial, ve\u00edamos que era un flagelo que golpeaba a todas las ciudades del pa\u00eds pero fundamentalmente del norte argentino\u201d.<\/p>\n\n\n\n<p>Marenco tambi\u00e9n contextualiz\u00f3 la decisi\u00f3n en los preocupantes \u00edndices de siniestralidad vial, \u201cel \u00edndice de accidentolog\u00eda era muy alto, Jujuy ven\u00eda creciendo en funci\u00f3n de esas estad\u00edsticas, se ve\u00eda incrementando la cantidad de incidentes viales con v\u00edctimas fatales y nosotros no pod\u00edamos estar ajenos. De ah\u00ed que se tom\u00f3 la decisi\u00f3n de esta campa\u00f1a \u2018Sin casco No ingresas\u2019, en el primer anillo que hicimos, un tr\u00e1nsito inducido ya que todas las personas tienen que dirigirse a la zona de micro y macro centro para hacer tr\u00e1mites administrativos, sanitarios, judiciales comerciales, etc. y la idea era primero trabajar en la concientizaci\u00f3n avisando las consecuencias que pod\u00eda llegar a haber si no se ajustaban a las normas vigentes\u201d.<\/p>\n\n\n\n<p>Al cierre del a\u00f1o, los resultados son evidentes en la v\u00eda p\u00fablica, \u201choy estamos finalizando el a\u00f1o con un balance altamente positivo, hemos notado con gran satisfacci\u00f3n que much\u00edsima gente est\u00e1 circulando con casco, vamos a ir agrandando el anillo, empezar a trabajar en diferentes barrios y en los pr\u00f3ximos d\u00edas vamos a hacer una intervenci\u00f3n muy importante en la zona de Alto Comedero y gracias al trabajo que hemos acumulado con el Ministerio de Seguridad de la provincia vamos a interactuar en las rutas provinciales y nacionales que hacen de enlace con la parte c\u00e9ntrica a los efectos de hacer mucho m\u00e1s abarcativo y que cada uno de nuestros vecinos valoren su vida usando el motoveh\u00edculo como corresponde: con casco, con patente, con espejos retrovisores, con licencia de conducir, sin escapes\u201d.<\/p>\n\n\n\n<p>Finalmente, el funcionario subray\u00f3 el esp\u00edritu de la campa\u00f1a y su proyecci\u00f3n a futuro, \u201ctrabajar por el bienestar general fundamentalmente apuntando a la calidad de vida de los vecinos. Este programa lleg\u00f3 para quedarse, ojal\u00e1 nuestros vecinos nos digan cu\u00e1ndo es el momento de finalizar la campa\u00f1a porque hayan adquirido el h\u00e1bito y la conciencia de usar el casco en forma permanente y que no tengamos que hacer ning\u00fan tipo de control de estas caracter\u00edsticas\u201d.<\/p>\n\n\n\n<p>En cuanto a los n\u00fameros concretos, Marenco precis\u00f3, \u201cen los \u00faltimos d\u00edas con esta campa\u00f1a demoramos 95 motoveh\u00edculos y labramos 170 infracciones porque mucha gente tom\u00f3 el mensaje muy r\u00e1pido y empez\u00f3 a cumplir, de hecho se puede ver la gran cantidad de personas que hoy circulan con casco, tanto el que conduce como el que acompa\u00f1a ya no se ven las motos con m\u00e1s de dos personas\u201d.<\/p>\n\n\n\n<p>Nota audiovisual:&nbsp;<a href=\"https:\/\/youtu.be\/nK4_gYquQ18?si=elT1kj7el_9ITcwF\">https:\/\/youtu.be\/nK4_gYquQ18?si=elT1kj7el_9ITcwF<\/a><\/p>\n","protected":false},"excerpt":{"rendered":"<p>El intendente Ra\u00fal \u201cChuli\u201d Jorge, junto al secretario de Servicios P\u00fablicos, Guillermo Marenco, realiz\u00f3 un balance altamente positivo de los primeros d\u00edas de la campa\u00f1a \u201cSin Casco No Ingres\u00e1s\u201d, una pol\u00edtica p\u00fablica impulsada por el municipio que pone el foco en la concientizaci\u00f3n y el control del uso obligatorio del casco, as\u00ed como en el [&hellip;]<\/p>\n","protected":false},"author":5,"featured_media":437290,"comment_status":"open","ping_status":"open","sticky":false,"template":"","format":"standard","meta":{"_stopmodifiedupdate":false,"_modified_date":"","inline_featured_image":false,"spay_email":"","jetpack_publicize_message":""},"categories":[514],"tags":[],"jetpack_featured_media_url":"https:\/\/notinor.com\/jujuy\/wp-content\/uploads\/2026\/01\/OPERATIVO.jpg","jetpack_publicize_connections":[],"_links":{"self":[{"href":"https:\/\/notinor.com\/jujuy\/wp-json\/wp\/v2\/posts\/437289"}],"collection":[{"href":"https:\/\/notinor.com\/jujuy\/wp-json\/wp\/v2\/posts"}],"about":[{"href":"https:\/\/notinor.com\/jujuy\/wp-json\/wp\/v2\/types\/post"}],"author":[{"embeddable":true,"href":"https:\/\/notinor.com\/jujuy\/wp-json\/wp\/v2\/users\/5"}],"replies":[{"embeddable":true,"href":"https:\/\/notinor.com\/jujuy\/wp-json\/wp\/v2\/comments?post=437289"}],"version-history":[{"count":1,"href":"https:\/\/notinor.com\/jujuy\/wp-json\/wp\/v2\/posts\/437289\/revisions"}],"predecessor-version":[{"id":437291,"href":"https:\/\/notinor.com\/jujuy\/wp-json\/wp\/v2\/posts\/437289\/revisions\/437291"}],"wp:featuredmedia":[{"embeddable":true,"href":"https:\/\/notinor.com\/jujuy\/wp-json\/wp\/v2\/media\/437290"}],"wp:attachment":[{"href":"https:\/\/notinor.com\/jujuy\/wp-json\/wp\/v2\/media?parent=437289"}],"wp:term":[{"taxonomy":"category","embeddable":true,"href":"https:\/\/notinor.com\/jujuy\/wp-json\/wp\/v2\/categories?post=437289"},{"taxonomy":"post_tag","embeddable":true,"href":"https:\/\/notinor.com\/jujuy\/wp-json\/wp\/v2\/tags?post=437289"}],"curies":[{"name":"wp","href":"https:\/\/api.w.org\/{rel}","templated":true}]}}