{"id":437282,"date":"2026-01-01T10:39:36","date_gmt":"2026-01-01T13:39:36","guid":{"rendered":"https:\/\/notinor.com\/jujuy\/?p=437282"},"modified":"2026-01-01T10:39:36","modified_gmt":"2026-01-01T10:39:36","slug":"las-rutas-y-los-caminos-intransitables-en-jujuy-tras-las-tormentas-en-la-provincia","status":"publish","type":"post","link":"https:\/\/notinor.com\/jujuy\/las-rutas-y-los-caminos-intransitables-en-jujuy-tras-las-tormentas-en-la-provincia\/","title":{"rendered":"Las rutas y los caminos intransitables en Jujuy tras las tormentas en la provincia"},"content":{"rendered":"\n<p class=\"has-medium-font-size\"><strong><em>Es por la crecida de r\u00edos y acumulaci\u00f3n de sedimentos. Recomiendan circular con precauci\u00f3n.<\/em><\/strong><\/p>\n\n\n<div class=\"wp-block-image\">\n<figure class=\"aligncenter size-full\"><img decoding=\"async\" loading=\"lazy\" width=\"790\" height=\"444\" src=\"https:\/\/notinor.com\/jujuy\/wp-content\/uploads\/2026\/01\/image-3.png\" alt=\"\" class=\"wp-image-437283\" srcset=\"https:\/\/notinor.com\/jujuy\/wp-content\/uploads\/2026\/01\/image-3.png 790w, https:\/\/notinor.com\/jujuy\/wp-content\/uploads\/2026\/01\/image-3-649x365.png 649w, https:\/\/notinor.com\/jujuy\/wp-content\/uploads\/2026\/01\/image-3-500x280.png 500w, https:\/\/notinor.com\/jujuy\/wp-content\/uploads\/2026\/01\/image-3-768x432.png 768w, https:\/\/notinor.com\/jujuy\/wp-content\/uploads\/2026\/01\/image-3-750x422.png 750w\" sizes=\"(max-width: 790px) 100vw, 790px\" \/><\/figure><\/div>\n\n\n<p><\/p>\n\n\n\n<p>Tras las fuertes tormentas registradas en distintos puntos de la provincia, <strong>algunos\u00a0caminos de Jujuy<\/strong>\u00a0<strong>permanecen\u00a0intransitables en el arranque de 2026,\u00a0<\/strong>mientras que<strong> algunos tramos se permite la circulaci\u00f3n, aunque se solicita a los conductores hacerlo con extrema precauci\u00f3n<\/strong> debido a las condiciones del terreno y a los da\u00f1os ocasionados por las lluvias.<\/p>\n\n\n\n<h2 class=\"has-medium-font-size\"><strong>Rutas y caminos transitables pero con precauci\u00f3n<\/strong><\/h2>\n\n\n\n<p><strong>-Ruta Nacional 52<\/strong>&nbsp;km 185 (acumulaci\u00f3n de arena sobre la calzada).<\/p>\n\n\n\n<p><strong>-Ruta Provincial 83<\/strong>&nbsp;en tramo Pampichuela y Valle Grande.<\/p>\n\n\n\n<p><strong>-Ruta Nacional 34<\/strong>&nbsp;en km 1159 altura acceso norte a localidad san pedro desv\u00edo de transito transitorio por obra de duplicaci\u00f3n de calzada<\/p>\n\n\n\n<p><strong>-Ruta Nacional 34&nbsp;<\/strong>entre Ruta Provincial 43 y Ruta Provincial 61 altura localidad manantiales desv\u00edo de tr\u00e1nsito, circular con m\u00e1xima precauci\u00f3n<\/p>\n\n\n\n<p><strong>-Ruta Nacional 52<\/strong>&nbsp;desde Salinas Grandes hasta empalme Ruta Provincial 70 (presencia de baches por tramos)<\/p>\n\n\n\n<p><strong>-Ruta Provincial 79<\/strong>&nbsp;desde localidad El Moreno hasta Ruta Nacional 51 - Salta<\/p>\n\n\n\n<p><strong>-Ruta Provincial 78<\/strong>&nbsp;desde localidad El Moreno hasta Laguna Colorada (cortes en diferentes partes)<\/p>\n\n\n\n<p>-<strong>Camino vecinal<\/strong> desde Santa Catalina hasta localidad El Angosto<\/p>\n\n\n\n<p><\/p>\n\n\n<div class=\"wp-block-image\">\n<figure class=\"aligncenter\" id=\"541427-Libre-1551652576_wrap\"><img decoding=\"async\" src=\"https:\/\/media.todojujuy.com\/p\/2cfbf7ca96a0c07f76b80259384944a7\/adjuntos\/227\/imagenes\/003\/390\/0003390576\/790x0\/smart\/lluvias-jujuy-asi-es-el-estado-las-rutas-este-domingo.jpg\" alt=\"\" title=\"\"\/><\/figure><\/div>\n\n\n<p><\/p>\n\n\n\n<p><strong>-Ruta Nacional 40<\/strong>\u00a0desde localidad de Susques hasta localidad Puesto Sey<\/p>\n\n\n\n<p><strong>-Ruta Nacional 40<\/strong>&nbsp;altura localidad Ci\u00e9naga de Paicone - dpto Santa Catalina<\/p>\n\n\n\n<p><strong>-Ruta Provincial 78&nbsp;<\/strong>desde El Colorado hasta Paraje Tuska<\/p>\n\n\n\n<p><strong>-Ruta Provincial 13&nbsp;<\/strong>localidad de Iturbe<\/p>\n\n\n\n<p><strong>-Ruta Provincial 4<\/strong>&nbsp;altura Puente Arroyo Las Peras<\/p>\n\n\n\n<p><strong>-Ruta Provincial 70<\/strong>&nbsp;desde Ruta Nacional 52 hasta Ruta Nacional 51 - Salta (km 34, km 38, km 40)<\/p>\n\n\n\n<p><strong>-Ruta Provincial 70&nbsp;<\/strong>desde Ruta Nacional 52 hasta Ruta Nacional 51-Salta (km 15 y km 53)<\/p>\n\n\n\n<p><strong>-Ruta Provincial 19<\/strong>&nbsp;altura Normenta - dpto Ledesma.<\/p>\n","protected":false},"excerpt":{"rendered":"<p>Es por la crecida de r\u00edos y acumulaci\u00f3n de sedimentos. Recomiendan circular con precauci\u00f3n. Tras las fuertes tormentas registradas en distintos puntos de la provincia, algunos\u00a0caminos de Jujuy\u00a0permanecen\u00a0intransitables en el arranque de 2026,\u00a0mientras que algunos tramos se permite la circulaci\u00f3n, aunque se solicita a los conductores hacerlo con extrema precauci\u00f3n debido a las condiciones del [&hellip;]<\/p>\n","protected":false},"author":51,"featured_media":437283,"comment_status":"open","ping_status":"open","sticky":false,"template":"","format":"standard","meta":{"_stopmodifiedupdate":false,"_modified_date":"","inline_featured_image":false,"spay_email":"","jetpack_publicize_message":""},"categories":[2,4],"tags":[],"jetpack_featured_media_url":"https:\/\/notinor.com\/jujuy\/wp-content\/uploads\/2026\/01\/image-3.png","jetpack_publicize_connections":[],"_links":{"self":[{"href":"https:\/\/notinor.com\/jujuy\/wp-json\/wp\/v2\/posts\/437282"}],"collection":[{"href":"https:\/\/notinor.com\/jujuy\/wp-json\/wp\/v2\/posts"}],"about":[{"href":"https:\/\/notinor.com\/jujuy\/wp-json\/wp\/v2\/types\/post"}],"author":[{"embeddable":true,"href":"https:\/\/notinor.com\/jujuy\/wp-json\/wp\/v2\/users\/51"}],"replies":[{"embeddable":true,"href":"https:\/\/notinor.com\/jujuy\/wp-json\/wp\/v2\/comments?post=437282"}],"version-history":[{"count":1,"href":"https:\/\/notinor.com\/jujuy\/wp-json\/wp\/v2\/posts\/437282\/revisions"}],"predecessor-version":[{"id":437284,"href":"https:\/\/notinor.com\/jujuy\/wp-json\/wp\/v2\/posts\/437282\/revisions\/437284"}],"wp:featuredmedia":[{"embeddable":true,"href":"https:\/\/notinor.com\/jujuy\/wp-json\/wp\/v2\/media\/437283"}],"wp:attachment":[{"href":"https:\/\/notinor.com\/jujuy\/wp-json\/wp\/v2\/media?parent=437282"}],"wp:term":[{"taxonomy":"category","embeddable":true,"href":"https:\/\/notinor.com\/jujuy\/wp-json\/wp\/v2\/categories?post=437282"},{"taxonomy":"post_tag","embeddable":true,"href":"https:\/\/notinor.com\/jujuy\/wp-json\/wp\/v2\/tags?post=437282"}],"curies":[{"name":"wp","href":"https:\/\/api.w.org\/{rel}","templated":true}]}}