{"id":437244,"date":"2025-12-31T09:08:11","date_gmt":"2025-12-31T12:08:11","guid":{"rendered":"https:\/\/notinor.com\/jujuy\/?p=437244"},"modified":"2025-12-31T09:12:46","modified_gmt":"2025-12-31T12:12:46","slug":"promocion-y-prevencion-en-fin-de-ano-evitar-incidentes-viales-es-cuidar-la-salud","status":"publish","type":"post","link":"https:\/\/notinor.com\/jujuy\/promocion-y-prevencion-en-fin-de-ano-evitar-incidentes-viales-es-cuidar-la-salud\/","title":{"rendered":"Promoci\u00f3n y prevenci\u00f3n en Fin de a\u00f1o: evitar incidentes viales es cuidar la salud"},"content":{"rendered":"\n<p class=\"has-medium-font-size\"><strong><em>Cuidar la vida tambi\u00e9n se construye en la calle. Cada decisi\u00f3n al transitar puede marcar la diferencia entre llegar bien o poner en riesgo lo m\u00e1s valioso: la vida propia y la de los dem\u00e1s.<\/em><\/strong><\/p>\n\n\n<div class=\"wp-block-image\">\n<figure class=\"aligncenter size-large\"><img decoding=\"async\" loading=\"lazy\" width=\"840\" height=\"476\" src=\"https:\/\/notinor.com\/jujuy\/wp-content\/uploads\/2025\/12\/image-23-840x476.png\" alt=\"\" class=\"wp-image-437245\" srcset=\"https:\/\/notinor.com\/jujuy\/wp-content\/uploads\/2025\/12\/image-23-840x476.png 840w, https:\/\/notinor.com\/jujuy\/wp-content\/uploads\/2025\/12\/image-23-644x365.png 644w, https:\/\/notinor.com\/jujuy\/wp-content\/uploads\/2025\/12\/image-23-768x435.png 768w, https:\/\/notinor.com\/jujuy\/wp-content\/uploads\/2025\/12\/image-23-750x425.png 750w, https:\/\/notinor.com\/jujuy\/wp-content\/uploads\/2025\/12\/image-23.png 986w\" sizes=\"(max-width: 840px) 100vw, 840px\" \/><\/figure><\/div>\n\n\n<p><\/p>\n\n\n\n<p>En la previa de fin de a\u00f1o, los ministerios de Salud y de Seguridad de Jujuy recuerdan a la comunidad que <strong>los siniestros viales pueden evitarse<\/strong> <strong>con una conducci\u00f3n responsable<\/strong>. <\/p>\n\n\n\n<p>\"<strong>Respetar las normas y asumir conductas responsables<\/strong> permite proteger a quienes queremos y a todas las personas que comparten el espacio p\u00fablico\", explicaron las carteras locales.<\/p>\n\n\n\n<p><strong>Los incidentes de tr\u00e1nsito pueden dejar secuelas f\u00edsicas y emocionales<\/strong> que impactan en la vida diaria. \"Hoy, siguen siendo una de las principales causas de muerte y discapacidad en personas de entre 5 y 29 a\u00f1os, por lo que la prevenci\u00f3n es clave, especialmente entre j\u00f3venes y adolescentes\", agregaron.<\/p>\n\n\n\n<p><strong>Usar correctamente la v\u00eda p\u00fablica, respetar las normas y elegir medidas de seguridad <\/strong>\u2014como conductores, motociclistas, ciclistas o peatones\u2014 es una forma concreta de cuidar la vida y promover una convivencia vial m\u00e1s segura.<\/p>\n\n\n\n<h3><strong>Para<\/strong> <strong>recordar<\/strong><\/h3>\n\n\n\n<ul>\n<li><strong>En Jujuy rige la Ley de Tolerancia Cero al alcohol<\/strong> al conducir, vigente desde el 21 de diciembre de 2018.<\/li>\n<\/ul>\n\n\n\n<ul>\n<li><strong>Conducir sin consumir alcohol<\/strong> reduce significativamente el riesgo de accidentes.<\/li>\n<\/ul>\n\n\n\n<ul>\n<li><strong>La conducci\u00f3n responsable salva vidas<\/strong>.<\/li>\n<\/ul>\n\n\n\n<h3><strong>Importante<\/strong><\/h3>\n\n\n\n<ul>\n<li><strong>Eleg\u00ed alcohol y sustancias cero<\/strong> si vas a conducir auto, moto o bicicleta.<\/li>\n<\/ul>\n\n\n\n<ul>\n<li><strong>Us\u00e1 siempre cintur\u00f3n de seguridad<\/strong> y, en moto, casco.<\/li>\n<\/ul>\n\n\n\n<ul>\n<li><strong>Evit\u00e1 el uso del celular y auriculares<\/strong> al conducir.<\/li>\n<\/ul>\n\n\n\n<ul>\n<li>Al caminar, <strong>cruz\u00e1 siempre por la senda peatonal<\/strong>.<\/li>\n<\/ul>\n\n\n\n<p>Cada cuidado suma. <strong>Prevenir siniestros viales es elegir<\/strong> llegar, compartir y seguir viviendo.\u00a0<\/p>\n","protected":false},"excerpt":{"rendered":"<p>Cuidar la vida tambi\u00e9n se construye en la calle. Cada decisi\u00f3n al transitar puede marcar la diferencia entre llegar bien o poner en riesgo lo m\u00e1s valioso: la vida propia y la de los dem\u00e1s. En la previa de fin de a\u00f1o, los ministerios de Salud y de Seguridad de Jujuy recuerdan a la comunidad [&hellip;]<\/p>\n","protected":false},"author":51,"featured_media":437245,"comment_status":"open","ping_status":"open","sticky":false,"template":"","format":"standard","meta":{"_stopmodifiedupdate":false,"_modified_date":"","inline_featured_image":false,"spay_email":"","jetpack_publicize_message":""},"categories":[2,13],"tags":[],"jetpack_featured_media_url":"https:\/\/notinor.com\/jujuy\/wp-content\/uploads\/2025\/12\/image-23.png","jetpack_publicize_connections":[],"_links":{"self":[{"href":"https:\/\/notinor.com\/jujuy\/wp-json\/wp\/v2\/posts\/437244"}],"collection":[{"href":"https:\/\/notinor.com\/jujuy\/wp-json\/wp\/v2\/posts"}],"about":[{"href":"https:\/\/notinor.com\/jujuy\/wp-json\/wp\/v2\/types\/post"}],"author":[{"embeddable":true,"href":"https:\/\/notinor.com\/jujuy\/wp-json\/wp\/v2\/users\/51"}],"replies":[{"embeddable":true,"href":"https:\/\/notinor.com\/jujuy\/wp-json\/wp\/v2\/comments?post=437244"}],"version-history":[{"count":2,"href":"https:\/\/notinor.com\/jujuy\/wp-json\/wp\/v2\/posts\/437244\/revisions"}],"predecessor-version":[{"id":437248,"href":"https:\/\/notinor.com\/jujuy\/wp-json\/wp\/v2\/posts\/437244\/revisions\/437248"}],"wp:featuredmedia":[{"embeddable":true,"href":"https:\/\/notinor.com\/jujuy\/wp-json\/wp\/v2\/media\/437245"}],"wp:attachment":[{"href":"https:\/\/notinor.com\/jujuy\/wp-json\/wp\/v2\/media?parent=437244"}],"wp:term":[{"taxonomy":"category","embeddable":true,"href":"https:\/\/notinor.com\/jujuy\/wp-json\/wp\/v2\/categories?post=437244"},{"taxonomy":"post_tag","embeddable":true,"href":"https:\/\/notinor.com\/jujuy\/wp-json\/wp\/v2\/tags?post=437244"}],"curies":[{"name":"wp","href":"https:\/\/api.w.org\/{rel}","templated":true}]}}