{"id":437241,"date":"2025-12-30T23:59:27","date_gmt":"2025-12-31T02:59:27","guid":{"rendered":"https:\/\/notinor.com\/jujuy\/?p=437241"},"modified":"2025-12-30T23:59:29","modified_gmt":"2025-12-31T02:59:29","slug":"detenido-en-el-chingo-permanece-en-estado-critico-tras-prenderse-fuego","status":"publish","type":"post","link":"https:\/\/notinor.com\/jujuy\/detenido-en-el-chingo-permanece-en-estado-critico-tras-prenderse-fuego\/","title":{"rendered":"Detenido en El Chingo permanece en estado cr\u00edtico tras prenderse fuego"},"content":{"rendered":"\n<p class=\"has-medium-font-size\"><strong><em>La directora del Hospital Pablo Soria, Roxana Alan\u00eds, inform\u00f3 sobre la delicada situaci\u00f3n m\u00e9dica de un hombre de 30 a\u00f1os que se incendi\u00f3 dentro de una celda de la Seccional 61, en el barrio El Chingo.<\/em><\/strong><\/p>\n\n\n\n<p><\/p>\n\n\n<div class=\"wp-block-image\">\n<figure class=\"aligncenter size-full\"><img decoding=\"async\" loading=\"lazy\" width=\"800\" height=\"450\" src=\"https:\/\/notinor.com\/jujuy\/wp-content\/uploads\/2025\/05\/hospital-pablo-soria.jpg\" alt=\"\" class=\"wp-image-427036\" srcset=\"https:\/\/notinor.com\/jujuy\/wp-content\/uploads\/2025\/05\/hospital-pablo-soria.jpg 800w, https:\/\/notinor.com\/jujuy\/wp-content\/uploads\/2025\/05\/hospital-pablo-soria-649x365.jpg 649w, https:\/\/notinor.com\/jujuy\/wp-content\/uploads\/2025\/05\/hospital-pablo-soria-500x280.jpg 500w, https:\/\/notinor.com\/jujuy\/wp-content\/uploads\/2025\/05\/hospital-pablo-soria-768x432.jpg 768w, https:\/\/notinor.com\/jujuy\/wp-content\/uploads\/2025\/05\/hospital-pablo-soria-750x422.jpg 750w\" sizes=\"(max-width: 800px) 100vw, 800px\" \/><\/figure><\/div>\n\n\n<p><\/p>\n\n\n\n<p>El paciente presenta quemaduras en el 80% de su cuerpo, se encuentra bajo asistencia mec\u00e1nica respiratoria y sufre un cuadro de fallo multiorg\u00e1nico, lo que obliga a mantenerlo con drogas vasoactivas en terapia intensiva. Su estado contin\u00faa siendo cr\u00edtico y el pron\u00f3stico reservado.<\/p>\n\n\n\n<p class=\"has-medium-font-size\"><strong>C\u00f3mo ocurri\u00f3 el hecho en la Comisar\u00eda del barrio El Chingo<\/strong><\/p>\n\n\n\n<p>El episodio tuvo lugar el viernes 26 de diciembre en San Salvador de Jujuy. Seg\u00fan fuentes policiales, el hombre hab\u00eda sido detenido tras provocar disturbios en una vivienda mientras se encontraba bajo los efectos de sustancias t\u00f3xicas.<\/p>\n\n\n\n<p>Una vez alojado en la celda, y mientras los efectivos confeccionaban las actas correspondientes, el detenido se envolvi\u00f3 con colchones y se prendi\u00f3 fuego. Los polic\u00edas intervinieron de inmediato para apagar las llamas y solicitaron asistencia al SAME, que lo traslad\u00f3 de urgencia al Hospital Pablo Soria.<\/p>\n\n\n\n<p>Actualmente, el paciente permanece internado en cuidados intensivos bajo estricta vigilancia m\u00e9dica.<\/p>\n\n\n\n<p class=\"has-medium-font-size\"><strong>Investigaci\u00f3n en manos del MPA<\/strong><\/p>\n\n\n\n<p>El Ministerio P\u00fablico de la Acusaci\u00f3n (MPA) asumi\u00f3 la investigaci\u00f3n para esclarecer las circunstancias del hecho y determinar si existi\u00f3 alg\u00fan grado de responsabilidad por parte del personal policial que estaba de guardia en la Seccional 61 al momento del incidente.<\/p>\n","protected":false},"excerpt":{"rendered":"<p>La directora del Hospital Pablo Soria, Roxana Alan\u00eds, inform\u00f3 sobre la delicada situaci\u00f3n m\u00e9dica de un hombre de 30 a\u00f1os que se incendi\u00f3 dentro de una celda de la Seccional 61, en el barrio El Chingo. El paciente presenta quemaduras en el 80% de su cuerpo, se encuentra bajo asistencia mec\u00e1nica respiratoria y sufre un [&hellip;]<\/p>\n","protected":false},"author":49,"featured_media":427036,"comment_status":"open","ping_status":"open","sticky":false,"template":"","format":"standard","meta":{"_stopmodifiedupdate":false,"_modified_date":"","inline_featured_image":false,"spay_email":"","jetpack_publicize_message":""},"categories":[2,514,3],"tags":[],"jetpack_featured_media_url":"https:\/\/notinor.com\/jujuy\/wp-content\/uploads\/2025\/05\/hospital-pablo-soria.jpg","jetpack_publicize_connections":[],"_links":{"self":[{"href":"https:\/\/notinor.com\/jujuy\/wp-json\/wp\/v2\/posts\/437241"}],"collection":[{"href":"https:\/\/notinor.com\/jujuy\/wp-json\/wp\/v2\/posts"}],"about":[{"href":"https:\/\/notinor.com\/jujuy\/wp-json\/wp\/v2\/types\/post"}],"author":[{"embeddable":true,"href":"https:\/\/notinor.com\/jujuy\/wp-json\/wp\/v2\/users\/49"}],"replies":[{"embeddable":true,"href":"https:\/\/notinor.com\/jujuy\/wp-json\/wp\/v2\/comments?post=437241"}],"version-history":[{"count":1,"href":"https:\/\/notinor.com\/jujuy\/wp-json\/wp\/v2\/posts\/437241\/revisions"}],"predecessor-version":[{"id":437242,"href":"https:\/\/notinor.com\/jujuy\/wp-json\/wp\/v2\/posts\/437241\/revisions\/437242"}],"wp:featuredmedia":[{"embeddable":true,"href":"https:\/\/notinor.com\/jujuy\/wp-json\/wp\/v2\/media\/427036"}],"wp:attachment":[{"href":"https:\/\/notinor.com\/jujuy\/wp-json\/wp\/v2\/media?parent=437241"}],"wp:term":[{"taxonomy":"category","embeddable":true,"href":"https:\/\/notinor.com\/jujuy\/wp-json\/wp\/v2\/categories?post=437241"},{"taxonomy":"post_tag","embeddable":true,"href":"https:\/\/notinor.com\/jujuy\/wp-json\/wp\/v2\/tags?post=437241"}],"curies":[{"name":"wp","href":"https:\/\/api.w.org\/{rel}","templated":true}]}}