{"id":437239,"date":"2025-12-30T22:57:35","date_gmt":"2025-12-31T01:57:35","guid":{"rendered":"https:\/\/notinor.com\/jujuy\/?p=437239"},"modified":"2025-12-30T22:57:36","modified_gmt":"2025-12-31T01:57:36","slug":"el-tren-solar-inicia-operaciones-el-2-de-enero-con-10-dias-de-orgullo-jujeno-y-nuevas-experiencias","status":"publish","type":"post","link":"https:\/\/notinor.com\/jujuy\/el-tren-solar-inicia-operaciones-el-2-de-enero-con-10-dias-de-orgullo-jujeno-y-nuevas-experiencias\/","title":{"rendered":"El Tren Solar inicia operaciones el 2 de enero con 10 d\u00edas de Orgullo Juje\u00f1o y nuevas experiencias"},"content":{"rendered":"\n<p class=\"has-medium-font-size\"><strong><em>El Tren Solar retoma sus operaciones de la temporada de verano con una agenda especial de actividades, experiencias y acciones que celebran la identidad juje\u00f1a.<\/em><\/strong><\/p>\n\n\n\n<p><\/p>\n\n\n<div class=\"wp-block-image\">\n<figure class=\"aligncenter size-full\"><img decoding=\"async\" loading=\"lazy\" width=\"800\" height=\"450\" src=\"https:\/\/notinor.com\/jujuy\/wp-content\/uploads\/2025\/07\/tren-de-la-quebrada.jpg\" alt=\"\" class=\"wp-image-430336\" srcset=\"https:\/\/notinor.com\/jujuy\/wp-content\/uploads\/2025\/07\/tren-de-la-quebrada.jpg 800w, https:\/\/notinor.com\/jujuy\/wp-content\/uploads\/2025\/07\/tren-de-la-quebrada-649x365.jpg 649w, https:\/\/notinor.com\/jujuy\/wp-content\/uploads\/2025\/07\/tren-de-la-quebrada-500x280.jpg 500w, https:\/\/notinor.com\/jujuy\/wp-content\/uploads\/2025\/07\/tren-de-la-quebrada-768x432.jpg 768w, https:\/\/notinor.com\/jujuy\/wp-content\/uploads\/2025\/07\/tren-de-la-quebrada-750x422.jpg 750w\" sizes=\"(max-width: 800px) 100vw, 800px\" \/><\/figure><\/div>\n\n\n<p><\/p>\n\n\n\n<p>Con el inicio de operaciones el 2 de enero de 2026, el Tren Solar de la Quebrada no solo vuelve a rodar, sino que inaugura un verano con un calendario robusto de experiencias que combinan innovaci\u00f3n, sostenibilidad, cultura e identidad juje\u00f1a.<\/p>\n\n\n\n<p>Una invitaci\u00f3n a descubrir la Quebrada de Humahuaca de una manera distinta, con energ\u00eda limpia, paisajes \u00fanicos y propuestas pensadas para todos los p\u00fablicos.<\/p>\n\n\n\n<p class=\"has-medium-font-size\"><strong>Verano en movimiento: orgullo, energ\u00eda y experiencias<\/strong><\/p>\n\n\n\n<p>A partir del 2 de enero, el Tren Solar invita a transformar la energ\u00eda y vivir la Quebrada en movimiento, con una propuesta de verano que combina sus experiencias tradicionales con eventos especiales y una acci\u00f3n central: 10 d\u00edas de Orgullo Juje\u00f1o. Durante este per\u00edodo, el Tren Solar se presenta como s\u00edmbolo de identidad y pertenencia, reafirmando su compromiso con la comunidad local.<\/p>\n\n\n\n<p class=\"has-medium-font-size\"><strong>Promoci\u00f3n especial para residentes juje\u00f1os:<\/strong><\/p>\n\n\n\n<p>Del 2 al 10 de enero, los residentes de Jujuy podr\u00e1n acceder a tarifas promocionales con un 50% de descuento en las dos experiencias que ofrece el Tren Solar. La promo Orgullo Juje\u00f1o, est\u00e1 destinada exclusivamente a residentes juje\u00f1os, quienes deber\u00e1n presentar DNI con domicilio en la provincia al momento de acceder al descuento. Esta acci\u00f3n busca promover el turismo interno y fortalecer el v\u00ednculo entre las y los juje\u00f1os y su patrimonio natural y cultural.<\/p>\n\n\n\n<p class=\"has-medium-font-size\"><strong>Cielo en Movimiento: astroturismo en la Quebrada<\/strong><\/p>\n\n\n\n<p>El ciclo Cielo en Movimiento regresa con su primera salida del a\u00f1o el 17 de enero. La experiencia combina observaci\u00f3n del cielo nocturno, relatos de cosmovisi\u00f3n andina y gastronom\u00eda regional, ofreciendo una noche \u00fanica bajo las estrellas en espacios emblem\u00e1ticos como la Posta de Hornillos, con cena y observaciones guiadas por especialistas.<\/p>\n\n\n\n<p class=\"has-medium-font-size\"><strong>El Tren del Vino: enoturismo de altura<\/strong><\/p>\n\n\n\n<p>Otra de las grandes novedades de la temporada ser\u00e1 El Tren del Vino, cuya primera edici\u00f3n est\u00e1 prevista para el 1 de febrero. Esta experiencia integrar\u00e1 degustaciones de vinos juje\u00f1os, paradas en bodegas locales y gastronom\u00eda regional, potenciando el circuito vitivin\u00edcola y la producci\u00f3n de altura dentro del recorrido del tren.<\/p>\n","protected":false},"excerpt":{"rendered":"<p>El Tren Solar retoma sus operaciones de la temporada de verano con una agenda especial de actividades, experiencias y acciones que celebran la identidad juje\u00f1a. Con el inicio de operaciones el 2 de enero de 2026, el Tren Solar de la Quebrada no solo vuelve a rodar, sino que inaugura un verano con un calendario [&hellip;]<\/p>\n","protected":false},"author":49,"featured_media":430336,"comment_status":"open","ping_status":"open","sticky":false,"template":"","format":"standard","meta":{"_stopmodifiedupdate":false,"_modified_date":"","inline_featured_image":false,"spay_email":"","jetpack_publicize_message":""},"categories":[2,4],"tags":[],"jetpack_featured_media_url":"https:\/\/notinor.com\/jujuy\/wp-content\/uploads\/2025\/07\/tren-de-la-quebrada.jpg","jetpack_publicize_connections":[],"_links":{"self":[{"href":"https:\/\/notinor.com\/jujuy\/wp-json\/wp\/v2\/posts\/437239"}],"collection":[{"href":"https:\/\/notinor.com\/jujuy\/wp-json\/wp\/v2\/posts"}],"about":[{"href":"https:\/\/notinor.com\/jujuy\/wp-json\/wp\/v2\/types\/post"}],"author":[{"embeddable":true,"href":"https:\/\/notinor.com\/jujuy\/wp-json\/wp\/v2\/users\/49"}],"replies":[{"embeddable":true,"href":"https:\/\/notinor.com\/jujuy\/wp-json\/wp\/v2\/comments?post=437239"}],"version-history":[{"count":1,"href":"https:\/\/notinor.com\/jujuy\/wp-json\/wp\/v2\/posts\/437239\/revisions"}],"predecessor-version":[{"id":437240,"href":"https:\/\/notinor.com\/jujuy\/wp-json\/wp\/v2\/posts\/437239\/revisions\/437240"}],"wp:featuredmedia":[{"embeddable":true,"href":"https:\/\/notinor.com\/jujuy\/wp-json\/wp\/v2\/media\/430336"}],"wp:attachment":[{"href":"https:\/\/notinor.com\/jujuy\/wp-json\/wp\/v2\/media?parent=437239"}],"wp:term":[{"taxonomy":"category","embeddable":true,"href":"https:\/\/notinor.com\/jujuy\/wp-json\/wp\/v2\/categories?post=437239"},{"taxonomy":"post_tag","embeddable":true,"href":"https:\/\/notinor.com\/jujuy\/wp-json\/wp\/v2\/tags?post=437239"}],"curies":[{"name":"wp","href":"https:\/\/api.w.org\/{rel}","templated":true}]}}