{"id":437207,"date":"2026-01-01T11:07:21","date_gmt":"2026-01-01T14:07:21","guid":{"rendered":"https:\/\/notinor.com\/jujuy\/?p=437207"},"modified":"2026-01-01T11:07:21","modified_gmt":"2026-01-01T11:07:21","slug":"la-justicia-identifico-a-mas-de-30-alumnas-que-fueron-captadas-por-una-red-de-trata-en-salta-y-hay-9-detenidos","status":"publish","type":"post","link":"https:\/\/notinor.com\/jujuy\/la-justicia-identifico-a-mas-de-30-alumnas-que-fueron-captadas-por-una-red-de-trata-en-salta-y-hay-9-detenidos\/","title":{"rendered":"La Justicia identific\u00f3 a m\u00e1s de 30 alumnas que fueron captadas por una red de trata en Salta y hay 9 detenidos"},"content":{"rendered":"\n<p class=\"has-medium-font-size\"><strong><em>Est\u00e1n acusados de integrar una banda criminal que reclutaba adolescentes de entre 12 y 16 a\u00f1os a la salida de colegios en la capital provincial. C\u00f3mo avanza la investigaci\u00f3n.<\/em><\/strong><\/p>\n\n\n\n<p><\/p>\n\n\n<div class=\"wp-block-image\">\n<figure class=\"aligncenter size-large\"><img decoding=\"async\" loading=\"lazy\" width=\"720\" height=\"480\" src=\"https:\/\/notinor.com\/jujuy\/wp-content\/uploads\/2025\/12\/image-21-720x480.png\" alt=\"\" class=\"wp-image-437208\" srcset=\"https:\/\/notinor.com\/jujuy\/wp-content\/uploads\/2025\/12\/image-21-720x480.png 720w, https:\/\/notinor.com\/jujuy\/wp-content\/uploads\/2025\/12\/image-21-548x365.png 548w, https:\/\/notinor.com\/jujuy\/wp-content\/uploads\/2025\/12\/image-21-768x512.png 768w, https:\/\/notinor.com\/jujuy\/wp-content\/uploads\/2025\/12\/image-21-750x500.png 750w, https:\/\/notinor.com\/jujuy\/wp-content\/uploads\/2025\/12\/image-21-1140x760.png 1140w, https:\/\/notinor.com\/jujuy\/wp-content\/uploads\/2025\/12\/image-21.png 1440w\" sizes=\"(max-width: 720px) 100vw, 720px\" \/><\/figure><\/div>\n\n\n<p><\/p>\n\n\n\n<p><strong>La Justicia de\u00a0Salta<\/strong>\u00a0<strong>imput\u00f3 a nueve personas acusadas de formar parte de una<\/strong> <strong>red de trata<\/strong>\u00a0que explotaba sexualmente a m\u00e1s de 30 nenas y adolescentes\u00a0que hab\u00edan sido captadas a la salida de distintos colegios de la capital provincial.<\/p>\n\n\n\n<p>Seg\u00fan la acusaci\u00f3n,\u00a0<strong>el l\u00edder de la banda era un remisero\u00a0que llevaba a las menores de entre 12 y 16 a\u00f1os<\/strong> a un departamento, las ofrec\u00eda a clientes por $ 200.000 y les pagaba con dinero y regalos. <strong>Cuando cumpl\u00edan los 18 a\u00f1os, las \u201cdescartaba\u201d.<\/strong><\/p>\n\n\n\n<p><strong>La primera denuncia fue presentada en junio del a\u00f1o pasado<\/strong>, cuando la mam\u00e1 de una chica de 16 a\u00f1os vio que su hija ten\u00eda un celular costoso que no sab\u00eda de d\u00f3nde lo hab\u00eda sacado. Cuando revis\u00f3 sus mensajes,\u00a0encontr\u00f3 una conversaci\u00f3n de \u00edndole sexual con un hombre mayor.<\/p>\n\n\n\n<p><\/p>\n\n\n<div class=\"wp-block-image\">\n<figure class=\"aligncenter size-large\"><img decoding=\"async\" loading=\"lazy\" width=\"840\" height=\"470\" src=\"https:\/\/notinor.com\/jujuy\/wp-content\/uploads\/2025\/12\/image-22-840x470.png\" alt=\"\" class=\"wp-image-437211\" srcset=\"https:\/\/notinor.com\/jujuy\/wp-content\/uploads\/2025\/12\/image-22-840x470.png 840w, https:\/\/notinor.com\/jujuy\/wp-content\/uploads\/2025\/12\/image-22-652x365.png 652w, https:\/\/notinor.com\/jujuy\/wp-content\/uploads\/2025\/12\/image-22-500x280.png 500w, https:\/\/notinor.com\/jujuy\/wp-content\/uploads\/2025\/12\/image-22-768x430.png 768w, https:\/\/notinor.com\/jujuy\/wp-content\/uploads\/2025\/12\/image-22-750x420.png 750w, https:\/\/notinor.com\/jujuy\/wp-content\/uploads\/2025\/12\/image-22-1140x638.png 1140w, https:\/\/notinor.com\/jujuy\/wp-content\/uploads\/2025\/12\/image-22.png 1440w\" sizes=\"(max-width: 840px) 100vw, 840px\" \/><\/figure><\/div>\n\n\n<p><\/p>\n\n\n\n<p>La mujer fue hasta la comisar\u00eda y descubrieron que el hombre era un remisero que\u00a0<strong>circulaba por el sur de la ciudad de Salta con Volkswagen Voyage<\/strong>, que usaba para trasladar a las menores. La Polic\u00eda allan\u00f3 su casa, le secuestr\u00f3 su tel\u00e9fono y lo dej\u00f3 detenido con prisi\u00f3n preventiva por orden del juez.<\/p>\n\n\n\n<p>En las pericias tecnol\u00f3gicas, los investigadores&nbsp;<strong>encontraron material de explotaci\u00f3n sexual infantil<\/strong>. Entonces, el Ministerio P\u00fablico provincial pidi\u00f3 que el expediente pase al fuero federal por tratarse de un caso de trata.<\/p>\n\n\n\n<p><strong>La causa pas\u00f3 al<\/strong>\u00a0<strong>Juzgado Federal N\u00b01, a cargo de Julio Bavio<\/strong>, y <strong>la investigaci\u00f3n la lleva adelante el<\/strong>\u00a0<strong>fiscal general Eduardo Villalba\u00a0y la auxiliar Roxana Gual<\/strong>, quienes pidieron la imputaci\u00f3n del remisero, pero tambi\u00e9n de otras ocho personas que integraban la supuesta red, entre ellos dos empresarios.<\/p>\n\n\n\n<p>En la \u00faltima audiencia realizada hace unos d\u00edas, describieron que <strong>la organizaci\u00f3n funcionaba desde hace al menos dos a\u00f1os y<\/strong>\u00a0<strong>operaba en zonas de colegios, tanto p\u00fablicos como privados.<\/strong>\u00a0Las adolescentes eran atra\u00eddas con regalos y luego las llevaban hoteles alojamientos ubicados sobre la Ruta 26, donde ocurr\u00edan los abusos, o incluso en las casas de los imputados.<\/p>\n","protected":false},"excerpt":{"rendered":"<p>Est\u00e1n acusados de integrar una banda criminal que reclutaba adolescentes de entre 12 y 16 a\u00f1os a la salida de colegios en la capital provincial. C\u00f3mo avanza la investigaci\u00f3n. La Justicia de\u00a0Salta\u00a0imput\u00f3 a nueve personas acusadas de formar parte de una red de trata\u00a0que explotaba sexualmente a m\u00e1s de 30 nenas y adolescentes\u00a0que hab\u00edan sido [&hellip;]<\/p>\n","protected":false},"author":51,"featured_media":437208,"comment_status":"open","ping_status":"open","sticky":false,"template":"","format":"standard","meta":{"_stopmodifiedupdate":false,"_modified_date":"","inline_featured_image":false,"spay_email":"","jetpack_publicize_message":""},"categories":[3,2553],"tags":[],"jetpack_featured_media_url":"https:\/\/notinor.com\/jujuy\/wp-content\/uploads\/2025\/12\/image-21.png","jetpack_publicize_connections":[],"_links":{"self":[{"href":"https:\/\/notinor.com\/jujuy\/wp-json\/wp\/v2\/posts\/437207"}],"collection":[{"href":"https:\/\/notinor.com\/jujuy\/wp-json\/wp\/v2\/posts"}],"about":[{"href":"https:\/\/notinor.com\/jujuy\/wp-json\/wp\/v2\/types\/post"}],"author":[{"embeddable":true,"href":"https:\/\/notinor.com\/jujuy\/wp-json\/wp\/v2\/users\/51"}],"replies":[{"embeddable":true,"href":"https:\/\/notinor.com\/jujuy\/wp-json\/wp\/v2\/comments?post=437207"}],"version-history":[{"count":3,"href":"https:\/\/notinor.com\/jujuy\/wp-json\/wp\/v2\/posts\/437207\/revisions"}],"predecessor-version":[{"id":437212,"href":"https:\/\/notinor.com\/jujuy\/wp-json\/wp\/v2\/posts\/437207\/revisions\/437212"}],"wp:featuredmedia":[{"embeddable":true,"href":"https:\/\/notinor.com\/jujuy\/wp-json\/wp\/v2\/media\/437208"}],"wp:attachment":[{"href":"https:\/\/notinor.com\/jujuy\/wp-json\/wp\/v2\/media?parent=437207"}],"wp:term":[{"taxonomy":"category","embeddable":true,"href":"https:\/\/notinor.com\/jujuy\/wp-json\/wp\/v2\/categories?post=437207"},{"taxonomy":"post_tag","embeddable":true,"href":"https:\/\/notinor.com\/jujuy\/wp-json\/wp\/v2\/tags?post=437207"}],"curies":[{"name":"wp","href":"https:\/\/api.w.org\/{rel}","templated":true}]}}