{"id":437198,"date":"2025-12-30T10:06:59","date_gmt":"2025-12-30T13:06:59","guid":{"rendered":"https:\/\/notinor.com\/jujuy\/?p=437198"},"modified":"2025-12-30T10:07:01","modified_gmt":"2025-12-30T13:07:01","slug":"vacaciones-2026-actividades-por-la-manana-y-la-tarde-en-multiespacios-y-nidos-municipales","status":"publish","type":"post","link":"https:\/\/notinor.com\/jujuy\/vacaciones-2026-actividades-por-la-manana-y-la-tarde-en-multiespacios-y-nidos-municipales\/","title":{"rendered":"Vacaciones 2026: actividades por la ma\u00f1ana y la tarde en Multiespacios y NIDO\u2019s municipales"},"content":{"rendered":"\n<p class=\"has-medium-font-size\"><strong><em>La Municipalidad de San Salvador de Jujuy anunci\u00f3 que durante las vacaciones de verano 2026 se desplegar\u00e1 una amplia propuesta de actividades recreativas gratuitas, con opciones tanto en horario matutino como vespertino, en distintos espacios descentralizados ubicados en diversos barrios de la ciudad.<\/em><\/strong><\/p>\n\n\n<div class=\"wp-block-image\">\n<figure class=\"aligncenter\"><img decoding=\"async\" src=\"https:\/\/www.sansalvadordejujuy.gob.ar\/wp-content\/uploads\/2025\/12\/REUNION-DE-MULTIESPACIOS-CON-EL-INTENDENTE-1-1024x369.jpg\" alt=\"\" class=\"wp-image-98428\"\/><\/figure><\/div>\n\n\n<p>La iniciativa se llevar\u00e1 adelante en ocho puntos estrat\u00e9gicos, entre Multiespacios y NIDO\u2019s, con el objetivo de garantizar el acceso a propuestas recreativas, deportivas y de integraci\u00f3n familiar para ni\u00f1os, j\u00f3venes y adultos, fortaleciendo la presencia del municipio en los barrios.<\/p>\n\n\n\n<p>Al respecto, el coordinador General de Intendencia, Cristian Coronel, destac\u00f3 que \u201cla idea es, gracias al se\u00f1or intendente, llevar adelante las distintas actividades en colonias, ya que vamos a tener los Multiespacios y los NIDOS, son ocho espacios, los cuales brindan la posibilidad de tener actividades tanto por la ma\u00f1ana como por la tarde\u201d.<\/p>\n\n\n\n<p>En esa l\u00ednea, Coronel remarc\u00f3 el enfoque social y comunitario de la propuesta, \u201cnuestro objetivo es que la familia se sienta bien, a trav\u00e9s de las actividades, se junten, y darle la contenci\u00f3n que nosotros vemos que est\u00e1n necesitando en los barrios. Entonces, estos espacios y estas actividades son justamente para eso, para que la familia pueda reunirse, tanto desde el m\u00e1s chico hasta el m\u00e1s grande, con las distintas actividades que vamos a desarrollar\u201d.<\/p>\n\n\n\n<p>Por su parte, Irma Ovejero, administradora del NIDO Parque General Belgrano, se\u00f1al\u00f3 que \u201ctanto los Multiespacios y NIDOs est\u00e1n abiertos para propuestas donde se pueden realizar actividades recreativas, ocupaci\u00f3n del tiempo libre, deportivas tambi\u00e9n\u201d, resaltando la versatilidad de los espacios municipales.<\/p>\n\n\n\n<p>Asimismo, record\u00f3 que ya se encuentran habilitadas las inscripciones en varios puntos de la ciudad: \u201cmuchos de los Multiespacios y NIDOs ya abrieron las inscripciones, as\u00ed que recordar que desde la Direcci\u00f3n de Deportes y Recreaci\u00f3n tambi\u00e9n hemos abierto las inscripciones para las colonias de vacaciones\u201d.<\/p>\n\n\n\n<p>Finalmente, Ovejero adelant\u00f3 que las propuestas incluir\u00e1n actividades pensadas para toda la familia: \u201cen los espacios descentralizados del municipio vamos a tener propuestas por la tarde, como danzas urbanas, f\u00fatbol, propuestas para la familia y para los pap\u00e1s que puedan realizar distintas actividades, que sientan que este espacio creado desde la municipalidad que les pertenece\u201d.<\/p>\n\n\n\n<p><strong>Nota audiovisual:<\/strong>&nbsp;<a href=\"https:\/\/youtu.be\/dPG08Lcd8BI\">https:\/\/youtu.be\/dPG08Lcd8BI<\/a><\/p>\n","protected":false},"excerpt":{"rendered":"<p>La Municipalidad de San Salvador de Jujuy anunci\u00f3 que durante las vacaciones de verano 2026 se desplegar\u00e1 una amplia propuesta de actividades recreativas gratuitas, con opciones tanto en horario matutino como vespertino, en distintos espacios descentralizados ubicados en diversos barrios de la ciudad. La iniciativa se llevar\u00e1 adelante en ocho puntos estrat\u00e9gicos, entre Multiespacios y [&hellip;]<\/p>\n","protected":false},"author":5,"featured_media":437199,"comment_status":"open","ping_status":"open","sticky":false,"template":"","format":"standard","meta":{"_stopmodifiedupdate":false,"_modified_date":"","inline_featured_image":false,"spay_email":"","jetpack_publicize_message":""},"categories":[514],"tags":[],"jetpack_featured_media_url":"https:\/\/notinor.com\/jujuy\/wp-content\/uploads\/2025\/12\/VACACIONES.jpg","jetpack_publicize_connections":[],"_links":{"self":[{"href":"https:\/\/notinor.com\/jujuy\/wp-json\/wp\/v2\/posts\/437198"}],"collection":[{"href":"https:\/\/notinor.com\/jujuy\/wp-json\/wp\/v2\/posts"}],"about":[{"href":"https:\/\/notinor.com\/jujuy\/wp-json\/wp\/v2\/types\/post"}],"author":[{"embeddable":true,"href":"https:\/\/notinor.com\/jujuy\/wp-json\/wp\/v2\/users\/5"}],"replies":[{"embeddable":true,"href":"https:\/\/notinor.com\/jujuy\/wp-json\/wp\/v2\/comments?post=437198"}],"version-history":[{"count":1,"href":"https:\/\/notinor.com\/jujuy\/wp-json\/wp\/v2\/posts\/437198\/revisions"}],"predecessor-version":[{"id":437200,"href":"https:\/\/notinor.com\/jujuy\/wp-json\/wp\/v2\/posts\/437198\/revisions\/437200"}],"wp:featuredmedia":[{"embeddable":true,"href":"https:\/\/notinor.com\/jujuy\/wp-json\/wp\/v2\/media\/437199"}],"wp:attachment":[{"href":"https:\/\/notinor.com\/jujuy\/wp-json\/wp\/v2\/media?parent=437198"}],"wp:term":[{"taxonomy":"category","embeddable":true,"href":"https:\/\/notinor.com\/jujuy\/wp-json\/wp\/v2\/categories?post=437198"},{"taxonomy":"post_tag","embeddable":true,"href":"https:\/\/notinor.com\/jujuy\/wp-json\/wp\/v2\/tags?post=437198"}],"curies":[{"name":"wp","href":"https:\/\/api.w.org\/{rel}","templated":true}]}}