{"id":437154,"date":"2025-12-29T10:10:08","date_gmt":"2025-12-29T13:10:08","guid":{"rendered":"https:\/\/notinor.com\/jujuy\/?p=437154"},"modified":"2025-12-29T10:10:10","modified_gmt":"2025-12-29T13:10:10","slug":"avanzan-obras-de-refuncionalizacion-del-natatorio-municipal-guillermo-poma","status":"publish","type":"post","link":"https:\/\/notinor.com\/jujuy\/avanzan-obras-de-refuncionalizacion-del-natatorio-municipal-guillermo-poma\/","title":{"rendered":"Avanzan obras de refuncionalizaci\u00f3n del Natatorio Municipal \u201cGuillermo Poma\u201d"},"content":{"rendered":"\n<p class=\"has-medium-font-size\"><strong><em>La Municipalidad de San Salvador de Jujuy avanza con importantes obras de puesta en valor y modernizaci\u00f3n del Natatorio Municipal \u201cGuillermo Poma\u201d, ubicado en el Parque San Mart\u00edn, con el objetivo de mejorar la infraestructura, garantizar la inclusi\u00f3n y ampliar los servicios para vecinos y visitantes durante todo el a\u00f1o.<\/em><\/strong><\/p>\n\n\n\n<figure class=\"wp-block-image\"><img decoding=\"async\" src=\"https:\/\/www.sansalvadordejujuy.gob.ar\/wp-content\/uploads\/2025\/12\/Visita-de-obra-pileta-Guillermo-Poma-Prensa-Muni-Jujuy2-1024x575.jpg\" alt=\"\" class=\"wp-image-98286\"\/><\/figure>\n\n\n\n<p>En ese marco, el intendente <strong>Ra\u00fal \u201cChuli\u201d Jorge<\/strong> destac\u00f3 la magnitud de los trabajos realizados y la decisi\u00f3n pol\u00edtica de recuperar un espacio emblem\u00e1tico de la ciudad, \u201cestamos muy contentos porque hac\u00eda falta este cambio, llevamos m\u00e1s de 10 a\u00f1os con el Natatorio \u2018Guillermo Poma\u2019 con la cubierta y esto significaba una etapa, pero estaban en muy malas condiciones los ba\u00f1os, los vestuarios, hac\u00eda falta removerlos completamente, se han hecho nuevos, se han puesto vestuarios nuevos, realmente ha quedado en perfectas condiciones, se ha modificado la rampa de acceso para que sea un natatorio inclusivo, se ha cambiado el sentido de la rampa para que sea m\u00e1s c\u00f3moda la operaci\u00f3n para las personas con discapacidad, as\u00ed que todo eso tiene que ver con una decisi\u00f3n firme de ponerlo en condiciones para que tengamos la posibilidad de usarlo todo el a\u00f1o\u201d.<\/p>\n\n\n\n<p>Asimismo, el jefe comunal resalt\u00f3 las mejoras tecnol\u00f3gicas y los nuevos servicios proyectados para el predio, \u201ctambi\u00e9n con un sistema de iluminaci\u00f3n nuevo, completo, se est\u00e1n haciendo las pruebas y realmente es fant\u00e1stico, una joyita en nuestro parque San Mart\u00edn, c\u00f3mo est\u00e1 quedando Guillermo Poma. En los pr\u00f3ximos meses ya iniciar\u00e1 la construcci\u00f3n de una confiter\u00eda, un snack bar con terrazas para dar mayores servicios a la gente que viene de afuera y que tambi\u00e9n utiliza nuestro natatorio\u201d.<\/p>\n\n\n\n<figure class=\"wp-block-image\"><img decoding=\"async\" src=\"https:\/\/www.sansalvadordejujuy.gob.ar\/wp-content\/uploads\/2025\/12\/Visita-de-obra-pileta-Guillermo-Poma-Prensa-Muni-Jujuy-1024x649.jpg\" alt=\"\" class=\"wp-image-98287\"\/><\/figure>\n\n\n\n<p>Por su parte, el secretario de Obras P\u00fablicas, Aldo Montiel, explic\u00f3 que los trabajos se encuentran en la etapa final y que la obra se ampli\u00f3 respecto al proyecto original, \u201cpronto a terminar los trabajos, se hizo m\u00e1s extenso de lo que ten\u00edamos previsto porque sumamos una serie de tareas adicionales que no estaban contempladas, fundamentalmente surgi\u00f3 la necesidad de devolver la posibilidad de competir en el natatorio. Por lo tanto, se demoli\u00f3 la rampa vieja de acceso y se gener\u00f3 una rampa nueva con la nueva normativa en cuanto a descansos y pendientes. Adem\u00e1s de eso, se generaron nueve cambiadores, la ducha fue toda refaccionada para poder usar la pileta; la galer\u00eda de acceso es totalmente nueva en la iluminaci\u00f3n, se cambi\u00f3 algo de la carpinter\u00eda, luces de emergencia con las cuales no se contaba, son unas luces de emergencia de alto poder que se est\u00e1n instalando en este momento\u201d.<\/p>\n\n\n\n<figure class=\"wp-block-image\"><img decoding=\"async\" src=\"https:\/\/www.sansalvadordejujuy.gob.ar\/wp-content\/uploads\/2025\/12\/Visita-de-obra-pileta-Guillermo-Poma-Prensa-Muni-Jujuy4-1024x626.jpg\" alt=\"\" class=\"wp-image-98285\"\/><\/figure>\n\n\n\n<p>Montiel agreg\u00f3 que los vestuarios fueron completamente renovados y que se incorporar\u00e1n mejoras clave para el confort de los usuarios, \u201clos vestuarios, tanto el de hombres como de mujeres, fueron redise\u00f1ados, reconvertidos y puestos a cero. En estos d\u00edas estar\u00e1 llegando, el termotanque el\u00e9ctrico de alta recuperaci\u00f3n para que las duchas tengan agua caliente, como tambi\u00e9n la ducha de ingreso para evitar el shock t\u00e9rmico. Se hizo mantenimiento a la caldera, mantenimiento al techo, tuvimos alg\u00fan problema que no se abr\u00eda, hoy se abre el techo, entonces en d\u00edas de verano no hay necesidad de tener el techo cerrado\u201d.<\/p>\n\n\n\n<p>Finalmente, adelant\u00f3 que el inicio de las actividades est\u00e1 cada vez m\u00e1s cerca, \u201cen los pr\u00f3ximos d\u00edas, coordinando con el secretario de Desarrollo Humano, Rodrigo Altea y con su equipo se proceder\u00e1 al llenado y poder empezar las actividades lo antes posible\u201d.<\/p>\n\n\n\n<figure class=\"wp-block-image\"><img decoding=\"async\" src=\"https:\/\/www.sansalvadordejujuy.gob.ar\/wp-content\/uploads\/2025\/12\/Visita-de-obra-pileta-Guillermo-Poma-Prensa-Muni-Jujuy5-1024x607.jpg\" alt=\"\" class=\"wp-image-98284\"\/><\/figure>\n\n\n\n<p>A su turno, el secretario de Desarrollo Humano, Rodrigo Altea, valor\u00f3 la obra desde una perspectiva social y comunitaria, \u201ccontento con esta propuesta del municipio, siempre tratar de mejorar la infraestructura que tiene que ver con el encuentro de las familias, el encuentro de los vecinos, vienen muchos ni\u00f1os, ni\u00f1as y j\u00f3venes tambi\u00e9n, el parque en s\u00ed ya es un foco convocante de los vecinos de la ciudad y poder tener la pileta en funcionamiento en enero, con las colonias y con diversas actividades que vamos a estar realizando, principalmente con j\u00f3venes que est\u00e1n en un periodo de receso escolar, nos va a dar una gran herramienta\u201d.<\/p>\n\n\n\n<p>En ese sentido, concluy\u00f3, \u201cla pileta se moderniz\u00f3 en cuanto a la inclusi\u00f3n, se moderniz\u00f3 tambi\u00e9n en cuanto a la competitividad, as\u00ed que muy agradecido al equipo de arquitectos, a la Secretar\u00eda de Obras P\u00fablicas del municipio para poder hacer que esta pileta funcione como tiene que funcionar\u201d.<\/p>\n\n\n\n<p><strong>Nota audiovisual:<\/strong>&nbsp;<a href=\"https:\/\/youtu.be\/3-vvykCWZM0\">https:\/\/youtu.be\/3-vvykCWZM0<\/a><\/p>\n","protected":false},"excerpt":{"rendered":"<p>La Municipalidad de San Salvador de Jujuy avanza con importantes obras de puesta en valor y modernizaci\u00f3n del Natatorio Municipal \u201cGuillermo Poma\u201d, ubicado en el Parque San Mart\u00edn, con el objetivo de mejorar la infraestructura, garantizar la inclusi\u00f3n y ampliar los servicios para vecinos y visitantes durante todo el a\u00f1o. En ese marco, el intendente [&hellip;]<\/p>\n","protected":false},"author":5,"featured_media":437155,"comment_status":"open","ping_status":"open","sticky":false,"template":"","format":"standard","meta":{"_stopmodifiedupdate":false,"_modified_date":"","inline_featured_image":false,"spay_email":"","jetpack_publicize_message":""},"categories":[514],"tags":[],"jetpack_featured_media_url":"https:\/\/notinor.com\/jujuy\/wp-content\/uploads\/2025\/12\/NATATORIO.jpg","jetpack_publicize_connections":[],"_links":{"self":[{"href":"https:\/\/notinor.com\/jujuy\/wp-json\/wp\/v2\/posts\/437154"}],"collection":[{"href":"https:\/\/notinor.com\/jujuy\/wp-json\/wp\/v2\/posts"}],"about":[{"href":"https:\/\/notinor.com\/jujuy\/wp-json\/wp\/v2\/types\/post"}],"author":[{"embeddable":true,"href":"https:\/\/notinor.com\/jujuy\/wp-json\/wp\/v2\/users\/5"}],"replies":[{"embeddable":true,"href":"https:\/\/notinor.com\/jujuy\/wp-json\/wp\/v2\/comments?post=437154"}],"version-history":[{"count":1,"href":"https:\/\/notinor.com\/jujuy\/wp-json\/wp\/v2\/posts\/437154\/revisions"}],"predecessor-version":[{"id":437156,"href":"https:\/\/notinor.com\/jujuy\/wp-json\/wp\/v2\/posts\/437154\/revisions\/437156"}],"wp:featuredmedia":[{"embeddable":true,"href":"https:\/\/notinor.com\/jujuy\/wp-json\/wp\/v2\/media\/437155"}],"wp:attachment":[{"href":"https:\/\/notinor.com\/jujuy\/wp-json\/wp\/v2\/media?parent=437154"}],"wp:term":[{"taxonomy":"category","embeddable":true,"href":"https:\/\/notinor.com\/jujuy\/wp-json\/wp\/v2\/categories?post=437154"},{"taxonomy":"post_tag","embeddable":true,"href":"https:\/\/notinor.com\/jujuy\/wp-json\/wp\/v2\/tags?post=437154"}],"curies":[{"name":"wp","href":"https:\/\/api.w.org\/{rel}","templated":true}]}}