{"id":436695,"date":"2025-12-15T22:09:00","date_gmt":"2025-12-16T01:09:00","guid":{"rendered":"https:\/\/notinor.com\/jujuy\/?p=436695"},"modified":"2025-12-15T10:09:52","modified_gmt":"2025-12-15T10:09:52","slug":"este-martes-el-multiespacio-jorge-el-perro-solis-celebra-su-primer-aniversario","status":"publish","type":"post","link":"https:\/\/notinor.com\/jujuy\/este-martes-el-multiespacio-jorge-el-perro-solis-celebra-su-primer-aniversario\/","title":{"rendered":"Este martes el Multiespacio \u201cJorge el Perro Sol\u00eds\u201d celebra su primer aniversario"},"content":{"rendered":"\n<p class=\"has-medium-font-size\"><strong><em>Con shows en vivo de Los Carnavaleros y La 115 como principales atracciones, la Municipalidad de San Salvador de Jujuy celebrar\u00e1 el primer aniversario del Multiespacio \u201cJorge \u2018El Perro\u2019 Sol\u00eds\u201d del barrio Chijra con el StageUp Fest, un evento que tambi\u00e9n incluir\u00e1 concurso de K-POP, stands de emprendedores, espacios saludables y propuestas recreativas para toda la comunidad. La propuesta tendr\u00e1 lugar el martes 16 de diciembre, de 15 a 22 horas, en Llamas esquina Los Quebrachales.<\/em><\/strong><\/p>\n\n\n\n<figure class=\"wp-block-image\"><img decoding=\"async\" src=\"https:\/\/www.sansalvadordejujuy.gob.ar\/wp-content\/uploads\/2025\/12\/multi-flyer-819x1024.jpeg\" alt=\"\" class=\"wp-image-97994\"\/><\/figure>\n\n\n\n<p>Pensado como un espacio de encuentro, expresi\u00f3n y proyecci\u00f3n art\u00edstica, el Stage Up Fest busca impulsar nuevos talentos de K-Pop, al tiempo que promueve la participaci\u00f3n de emprendedores, creadores y j\u00f3venes artistas locales, quienes podr\u00e1n mostrar su trabajo y compartir una experiencia integral y abierta a toda la familia.<\/p>\n\n\n\n<p>Durante la jornada, el p\u00fablico podr\u00e1 disfrutar de concursos de K-Pop, stands de emprendedores, un espacio gamer, propuestas de nutrici\u00f3n y odontolog\u00eda, adem\u00e1s de un espacio saludable destinado al bienestar general. Como cierre musical y atractivo central, se presentar\u00e1n bandas en vivo, con la actuaci\u00f3n de Los Carnavaleros y La 115, que aportar\u00e1n ritmo y celebraci\u00f3n al aniversario.<\/p>\n\n\n\n<p>El evento no solo conmemora el primer a\u00f1o de vida del Multiespacio del bbarrrio Chijra como punto de referencia cultural y comunitario, sino que tambi\u00e9n reafirma el compromiso del municipio con la promoci\u00f3n de la cultura urbana, la inclusi\u00f3n juvenil y el fortalecimiento de los espacios p\u00fablicos como \u00e1mbitos de integraci\u00f3n social.<\/p>\n\n\n\n<p>Las personas interesadas en participar de los concursos o propuestas pueden realizar sus inscripciones a trav\u00e9s del c\u00f3digo QR disponible en la difusi\u00f3n oficial del evento. La entrada es libre y gratuita.<\/p>\n\n\n\n<figure class=\"wp-block-image\"><img decoding=\"async\" src=\"https:\/\/www.sansalvadordejujuy.gob.ar\/wp-content\/uploads\/2024\/12\/img-20241216-wa01122101262260418230119-e1765821626419-1024x663.jpg\" alt=\"\" class=\"wp-image-80523\"\/><\/figure>\n","protected":false},"excerpt":{"rendered":"<p>Con shows en vivo de Los Carnavaleros y La 115 como principales atracciones, la Municipalidad de San Salvador de Jujuy celebrar\u00e1 el primer aniversario del Multiespacio \u201cJorge \u2018El Perro\u2019 Sol\u00eds\u201d del barrio Chijra con el StageUp Fest, un evento que tambi\u00e9n incluir\u00e1 concurso de K-POP, stands de emprendedores, espacios saludables y propuestas recreativas para toda [&hellip;]<\/p>\n","protected":false},"author":5,"featured_media":436696,"comment_status":"open","ping_status":"open","sticky":false,"template":"","format":"standard","meta":{"_stopmodifiedupdate":false,"_modified_date":"","inline_featured_image":false,"spay_email":"","jetpack_publicize_message":""},"categories":[514],"tags":[],"jetpack_featured_media_url":"https:\/\/notinor.com\/jujuy\/wp-content\/uploads\/2025\/12\/ESPACIO.jpg","jetpack_publicize_connections":[],"_links":{"self":[{"href":"https:\/\/notinor.com\/jujuy\/wp-json\/wp\/v2\/posts\/436695"}],"collection":[{"href":"https:\/\/notinor.com\/jujuy\/wp-json\/wp\/v2\/posts"}],"about":[{"href":"https:\/\/notinor.com\/jujuy\/wp-json\/wp\/v2\/types\/post"}],"author":[{"embeddable":true,"href":"https:\/\/notinor.com\/jujuy\/wp-json\/wp\/v2\/users\/5"}],"replies":[{"embeddable":true,"href":"https:\/\/notinor.com\/jujuy\/wp-json\/wp\/v2\/comments?post=436695"}],"version-history":[{"count":1,"href":"https:\/\/notinor.com\/jujuy\/wp-json\/wp\/v2\/posts\/436695\/revisions"}],"predecessor-version":[{"id":436697,"href":"https:\/\/notinor.com\/jujuy\/wp-json\/wp\/v2\/posts\/436695\/revisions\/436697"}],"wp:featuredmedia":[{"embeddable":true,"href":"https:\/\/notinor.com\/jujuy\/wp-json\/wp\/v2\/media\/436696"}],"wp:attachment":[{"href":"https:\/\/notinor.com\/jujuy\/wp-json\/wp\/v2\/media?parent=436695"}],"wp:term":[{"taxonomy":"category","embeddable":true,"href":"https:\/\/notinor.com\/jujuy\/wp-json\/wp\/v2\/categories?post=436695"},{"taxonomy":"post_tag","embeddable":true,"href":"https:\/\/notinor.com\/jujuy\/wp-json\/wp\/v2\/tags?post=436695"}],"curies":[{"name":"wp","href":"https:\/\/api.w.org\/{rel}","templated":true}]}}