{"id":436692,"date":"2025-12-15T21:28:00","date_gmt":"2025-12-16T00:28:00","guid":{"rendered":"https:\/\/notinor.com\/jujuy\/?p=436692"},"modified":"2025-12-15T09:28:00","modified_gmt":"2025-12-15T09:28:00","slug":"municipio-invita-a-capacitacion-en-metodologias-de-desarrollo-deportivo-con-el-instituto-universitario-river-plate","status":"publish","type":"post","link":"https:\/\/notinor.com\/jujuy\/municipio-invita-a-capacitacion-en-metodologias-de-desarrollo-deportivo-con-el-instituto-universitario-river-plate\/","title":{"rendered":"Municipio invita a capacitaci\u00f3n en Metodolog\u00edas de Desarrollo Deportivo con el Instituto Universitario River Plate"},"content":{"rendered":"\n<p class=\"has-medium-font-size\"><strong><em>La Municipalidad de San Salvador de Jujuy llevar\u00e1 adelante la capacitaci\u00f3n denominada \u201cMetodolog\u00edas de Desarrollo Deportivo\u201d, en el marco de la formalizaci\u00f3n de un convenio firmado entre el Municipio y el Instituto Universitario River Plate, con el objetivo de fortalecer la formaci\u00f3n y profesionalizaci\u00f3n en el \u00e1mbito deportivo.<\/em><\/strong><\/p>\n\n\n<div class=\"wp-block-image\">\n<figure class=\"aligncenter\"><img decoding=\"async\" src=\"https:\/\/www.sansalvadordejujuy.gob.ar\/wp-content\/uploads\/2025\/12\/river-819x1024.jpeg\" alt=\"\" class=\"wp-image-97984\"\/><\/figure><\/div>\n\n\n<p>Al respecto, el secretario de Desarrollo Humano, Rodrigo Altea, destac\u00f3 la importancia del trabajo conjunto con instituciones educativas de prestigio y expres\u00f3, \u201csiempre reforzando alianzas estrat\u00e9gicas que tienen que ver con el crecimiento de la ciudad, con las posibilidades para los vecinos, particularmente ahora apuntando a j\u00f3venes, que est\u00e9n viendo cu\u00e1l va a ser su destino posterior al colegio o de qu\u00e9 es lo que quieren trabajar y quieran convertirse en l\u00edderes deportivos, desde el municipio vamos a tratar de acompa\u00f1ar este este proceso junto con el Instituto Universitario River Plate, que va a venir a dar una capacitaci\u00f3n gratuita con cupo, y que los interesados ya se pueden inscribir a trav\u00e9s de un link en las redes sociales de la Direcci\u00f3n de Deportes:&nbsp;<a href=\"https:\/\/www.facebook.com\/dirdedeportes?rdid=eblgPDkZGmN9bZ42&amp;share_url=https%3A%2F%2Fwww.facebook.com%2Fshare%2F17ZRbauZH7%2F#\">https:\/\/www.facebook.com\/dirdedeportes<\/a>, o en las oficinas de dicha repartici\u00f3n ubicadas en la punta del Parque San Mart\u00edn\u201d.<\/p>\n\n\n<div class=\"wp-block-image\">\n<figure class=\"aligncenter\"><img decoding=\"async\" src=\"https:\/\/www.sansalvadordejujuy.gob.ar\/wp-content\/uploads\/2025\/12\/Inscripciones-2026-carreras-deportivas-River-Prensa-Muni-Jujuy1-1-1024x582.jpg\" alt=\"\" class=\"wp-image-97986\"\/><\/figure><\/div>\n\n\n<p>En la misma l\u00ednea, agreg\u00f3, \u201clos esperamos para esta capacitaci\u00f3n y para poder generar este contacto tambi\u00e9n con el municipio, para poder generar emprendedores deportivos\u201d.<\/p>\n\n\n\n<p>Por su parte, el director general de Deportes, Gustavo Hiruela, remarc\u00f3 el impacto que tendr\u00e1 esta iniciativa en el desarrollo de pol\u00edticas deportivas locales y se\u00f1al\u00f3, \u201cla idea es que nosotros, desde la Direcci\u00f3n de Deportes, apoyando firmemente este tipo de capacitaciones y, sobre todo, en esto de formar l\u00edderes deportivos, que podamos trabajar el resto del a\u00f1o con ellos y poder nutrir a todos aquellos espacios p\u00fablicos deportivos con estas estos profesionales que se est\u00e1n capacitando, y as\u00ed poder llegar mejor a la poblaci\u00f3n\u201d.<\/p>\n\n\n\n<p>A su turno, el subdirector general de Deportes y Recreaci\u00f3n, Gustavo Caliva, brind\u00f3 detalles sobre los contenidos y destinatarios de la capacitaci\u00f3n y explic\u00f3, \u201cesta capacitaci\u00f3n es Metodolog\u00eda del Desarrollo Deportivo, vienen dos licenciados de educaci\u00f3n f\u00edsica del instituto River Plate, es dirigida tanto a los estudiantes como a los profesores de educaci\u00f3n f\u00edsica, y est\u00e1 abierta a todo el p\u00fablico, que quiera venir a participar y a escuchar esta charla\u201d.<\/p>\n\n\n<div class=\"wp-block-image\">\n<figure class=\"aligncenter\"><img decoding=\"async\" src=\"https:\/\/www.sansalvadordejujuy.gob.ar\/wp-content\/uploads\/2025\/12\/Inscripciones-2026-carreras-deportivas-River-Prensa-Muni-Jujuy-1024x559.jpg\" alt=\"\" class=\"wp-image-97985\"\/><\/figure><\/div>\n\n\n<p>Adem\u00e1s, Caliva adelant\u00f3 que la propuesta tendr\u00e1 un enfoque amplio y actual, \u201cva ser muy general, va a haber de todos los deportes, y tambi\u00e9n se va a hablar espec\u00edficamente del futsal, que se est\u00e1 desarrollando much\u00edsimo. Uno de los capacitadores que viene, forma parte de la selecci\u00f3n argentina de futsal, campeona a nivel mundial, as\u00ed que, dejamos abierta la inscripci\u00f3n\u201d.<\/p>\n\n\n<div class=\"wp-block-image\">\n<figure class=\"aligncenter\"><img decoding=\"async\" src=\"https:\/\/www.sansalvadordejujuy.gob.ar\/wp-content\/uploads\/2025\/12\/riverr-819x1024.jpeg\" alt=\"\" class=\"wp-image-97988\"\/><\/figure><\/div>\n\n\n<p>Finalmente, precis\u00f3 aspectos organizativos de las jornadas formativas, \u201cla capacitaci\u00f3n se dictar\u00e1 en la Sociedad Espa\u00f1ola, calle Belgrano esquina Senador P\u00e9rez, la parte te\u00f3rica y pr\u00e1ctica. El d\u00eda jueves se va a hacer la parte te\u00f3rica durante la ma\u00f1ana y la tarde, y el viernes se va hacer, durante la ma\u00f1ana, la parte pr\u00e1ctica\u201d, y agreg\u00f3, \u201cse van a poder inscribir de manera online la gente que viene del interior, y la gente que vive en capital va a poder acercarse por la Direcci\u00f3n de Deportes, en la punta del parque San Mart\u00edn\u201d.<\/p>\n\n\n\n<p><strong>Nota audiovisual:&nbsp;<\/strong><a href=\"https:\/\/youtu.be\/zYy9QZqjYVQ\">https:\/\/youtu.be\/zYy9QZqjYVQ<\/a><\/p>\n","protected":false},"excerpt":{"rendered":"<p>La Municipalidad de San Salvador de Jujuy llevar\u00e1 adelante la capacitaci\u00f3n denominada \u201cMetodolog\u00edas de Desarrollo Deportivo\u201d, en el marco de la formalizaci\u00f3n de un convenio firmado entre el Municipio y el Instituto Universitario River Plate, con el objetivo de fortalecer la formaci\u00f3n y profesionalizaci\u00f3n en el \u00e1mbito deportivo. Al respecto, el secretario de Desarrollo Humano, [&hellip;]<\/p>\n","protected":false},"author":5,"featured_media":436693,"comment_status":"open","ping_status":"open","sticky":false,"template":"","format":"standard","meta":{"_stopmodifiedupdate":false,"_modified_date":"","inline_featured_image":false,"spay_email":"","jetpack_publicize_message":""},"categories":[7],"tags":[],"jetpack_featured_media_url":"https:\/\/notinor.com\/jujuy\/wp-content\/uploads\/2025\/12\/CONVENIO-1.jpg","jetpack_publicize_connections":[],"_links":{"self":[{"href":"https:\/\/notinor.com\/jujuy\/wp-json\/wp\/v2\/posts\/436692"}],"collection":[{"href":"https:\/\/notinor.com\/jujuy\/wp-json\/wp\/v2\/posts"}],"about":[{"href":"https:\/\/notinor.com\/jujuy\/wp-json\/wp\/v2\/types\/post"}],"author":[{"embeddable":true,"href":"https:\/\/notinor.com\/jujuy\/wp-json\/wp\/v2\/users\/5"}],"replies":[{"embeddable":true,"href":"https:\/\/notinor.com\/jujuy\/wp-json\/wp\/v2\/comments?post=436692"}],"version-history":[{"count":1,"href":"https:\/\/notinor.com\/jujuy\/wp-json\/wp\/v2\/posts\/436692\/revisions"}],"predecessor-version":[{"id":436694,"href":"https:\/\/notinor.com\/jujuy\/wp-json\/wp\/v2\/posts\/436692\/revisions\/436694"}],"wp:featuredmedia":[{"embeddable":true,"href":"https:\/\/notinor.com\/jujuy\/wp-json\/wp\/v2\/media\/436693"}],"wp:attachment":[{"href":"https:\/\/notinor.com\/jujuy\/wp-json\/wp\/v2\/media?parent=436692"}],"wp:term":[{"taxonomy":"category","embeddable":true,"href":"https:\/\/notinor.com\/jujuy\/wp-json\/wp\/v2\/categories?post=436692"},{"taxonomy":"post_tag","embeddable":true,"href":"https:\/\/notinor.com\/jujuy\/wp-json\/wp\/v2\/tags?post=436692"}],"curies":[{"name":"wp","href":"https:\/\/api.w.org\/{rel}","templated":true}]}}