{"id":436681,"date":"2025-12-15T20:51:00","date_gmt":"2025-12-15T23:51:00","guid":{"rendered":"https:\/\/notinor.com\/jujuy\/?p=436681"},"modified":"2025-12-15T08:51:48","modified_gmt":"2025-12-15T08:51:48","slug":"el-arte-como-puente-para-la-inclusion-declararon-de-interes-cultural-el-proyecto-un-mural-muchas-miradas","status":"publish","type":"post","link":"https:\/\/notinor.com\/jujuy\/el-arte-como-puente-para-la-inclusion-declararon-de-interes-cultural-el-proyecto-un-mural-muchas-miradas\/","title":{"rendered":"El arte como puente para la inclusi\u00f3n: Declararon de Inter\u00e9s Cultural el proyecto \"Un Mural, Muchas Miradas\""},"content":{"rendered":"\n<p class=\"has-medium-font-size\"><strong><em>A trav\u00e9s de la Minuta N\u00ba 173\/2025, el Concejo Deliberante declar\u00f3 de Inter\u00e9s Cultural el proyecto interdisciplinario \"Un Mural, Muchas Miradas\", una iniciativa que articula arte, educaci\u00f3n y acci\u00f3n social con el objetivo de promover la inclusi\u00f3n y visibilizar la diversidad.\u00a0<\/em><\/strong><\/p>\n\n\n<div class=\"wp-block-image\">\n<figure class=\"aligncenter size-large\"><img decoding=\"async\" loading=\"lazy\" width=\"720\" height=\"480\" src=\"https:\/\/notinor.com\/jujuy\/wp-content\/uploads\/2025\/12\/Entrega-1-14-720x480.jpg\" alt=\"\" class=\"wp-image-436683\" srcset=\"https:\/\/notinor.com\/jujuy\/wp-content\/uploads\/2025\/12\/Entrega-1-14-720x480.jpg 720w, https:\/\/notinor.com\/jujuy\/wp-content\/uploads\/2025\/12\/Entrega-1-14-548x365.jpg 548w, https:\/\/notinor.com\/jujuy\/wp-content\/uploads\/2025\/12\/Entrega-1-14-768x512.jpg 768w, https:\/\/notinor.com\/jujuy\/wp-content\/uploads\/2025\/12\/Entrega-1-14-1536x1024.jpg 1536w, https:\/\/notinor.com\/jujuy\/wp-content\/uploads\/2025\/12\/Entrega-1-14-2048x1365.jpg 2048w, https:\/\/notinor.com\/jujuy\/wp-content\/uploads\/2025\/12\/Entrega-1-14-750x500.jpg 750w, https:\/\/notinor.com\/jujuy\/wp-content\/uploads\/2025\/12\/Entrega-1-14-1140x760.jpg 1140w\" sizes=\"(max-width: 720px) 100vw, 720px\" \/><\/figure><\/div>\n\n\n<p>La propuesta impulsada por el Centro Polivalente de Arte \"Prof. Luis A. Mart\u00ednez\", en articulaci\u00f3n con la Asociaci\u00f3n de Protecci\u00f3n al Paral\u00edtico Cerebral (APPACE), el Estudio Creativo Abel Mamani y la Escuela N\u00b0 407 \"Prof. Pablo Arroyo\", se materializ\u00f3 en un mural comunitario que refleja el trabajo colectivo y el compromiso con una sociedad m\u00e1s inclusiva.<\/p>\n\n\n<div class=\"wp-block-image\">\n<figure class=\"aligncenter size-large\"><img decoding=\"async\" loading=\"lazy\" width=\"720\" height=\"480\" src=\"https:\/\/notinor.com\/jujuy\/wp-content\/uploads\/2025\/12\/Entrega-1-15-720x480.jpg\" alt=\"\" class=\"wp-image-436684\" srcset=\"https:\/\/notinor.com\/jujuy\/wp-content\/uploads\/2025\/12\/Entrega-1-15-720x480.jpg 720w, https:\/\/notinor.com\/jujuy\/wp-content\/uploads\/2025\/12\/Entrega-1-15-548x365.jpg 548w, https:\/\/notinor.com\/jujuy\/wp-content\/uploads\/2025\/12\/Entrega-1-15-768x512.jpg 768w, https:\/\/notinor.com\/jujuy\/wp-content\/uploads\/2025\/12\/Entrega-1-15-1536x1024.jpg 1536w, https:\/\/notinor.com\/jujuy\/wp-content\/uploads\/2025\/12\/Entrega-1-15-2048x1365.jpg 2048w, https:\/\/notinor.com\/jujuy\/wp-content\/uploads\/2025\/12\/Entrega-1-15-750x500.jpg 750w, https:\/\/notinor.com\/jujuy\/wp-content\/uploads\/2025\/12\/Entrega-1-15-1140x760.jpg 1140w\" sizes=\"(max-width: 720px) 100vw, 720px\" \/><\/figure><\/div>\n\n\n<p>Al respecto, el profesor <strong>Abel Mamani<\/strong>, coordinador del proyecto, se refiri\u00f3 al reconocimiento recibido por parte del Concejo Deliberante: \"La realidad es que es una felicidad, porque un proyecto interinstitucional donde los alumnos de 5\u00b0 a\u00f1o evocan el sentimiento y el mensaje de lo que es la inclusi\u00f3n y de lo que es trabajar con personas con discapacidad. Es importante entender que las instituciones tienen que articular y tener apoyo, y un marco de referencia siempre es positivo para enaltecer este tipo de proyectos\".<\/p>\n\n\n<div class=\"wp-block-image\">\n<figure class=\"aligncenter size-large\"><img decoding=\"async\" loading=\"lazy\" width=\"720\" height=\"480\" src=\"https:\/\/notinor.com\/jujuy\/wp-content\/uploads\/2025\/12\/Entrega-1-16-720x480.jpg\" alt=\"\" class=\"wp-image-436685\" srcset=\"https:\/\/notinor.com\/jujuy\/wp-content\/uploads\/2025\/12\/Entrega-1-16-720x480.jpg 720w, https:\/\/notinor.com\/jujuy\/wp-content\/uploads\/2025\/12\/Entrega-1-16-548x365.jpg 548w, https:\/\/notinor.com\/jujuy\/wp-content\/uploads\/2025\/12\/Entrega-1-16-768x512.jpg 768w, https:\/\/notinor.com\/jujuy\/wp-content\/uploads\/2025\/12\/Entrega-1-16-1536x1024.jpg 1536w, https:\/\/notinor.com\/jujuy\/wp-content\/uploads\/2025\/12\/Entrega-1-16-2048x1365.jpg 2048w, https:\/\/notinor.com\/jujuy\/wp-content\/uploads\/2025\/12\/Entrega-1-16-750x500.jpg 750w, https:\/\/notinor.com\/jujuy\/wp-content\/uploads\/2025\/12\/Entrega-1-16-1140x760.jpg 1140w\" sizes=\"(max-width: 720px) 100vw, 720px\" \/><\/figure><\/div>\n\n\n<p>M\u00e1s adelante, Mamani a\u00f1adi\u00f3: \"La idea justamente fue realizar un mural en un proceso donde se trabaj\u00f3 con las personas de APPACE, con visitas en su espacio, y donde hubo instancias de concientizaci\u00f3n sobre la tem\u00e1tica. El mural fue realizado en un d\u00eda, pero es un trabajo que se viene pensando hace meses, entre bocetos, di\u00e1logos y las visitas de los chicos\".<\/p>\n\n\n<div class=\"wp-block-image\">\n<figure class=\"aligncenter size-large\"><img decoding=\"async\" loading=\"lazy\" width=\"720\" height=\"480\" src=\"https:\/\/notinor.com\/jujuy\/wp-content\/uploads\/2025\/12\/Entrega-1-17-720x480.jpg\" alt=\"\" class=\"wp-image-436686\" srcset=\"https:\/\/notinor.com\/jujuy\/wp-content\/uploads\/2025\/12\/Entrega-1-17-720x480.jpg 720w, https:\/\/notinor.com\/jujuy\/wp-content\/uploads\/2025\/12\/Entrega-1-17-548x365.jpg 548w, https:\/\/notinor.com\/jujuy\/wp-content\/uploads\/2025\/12\/Entrega-1-17-768x512.jpg 768w, https:\/\/notinor.com\/jujuy\/wp-content\/uploads\/2025\/12\/Entrega-1-17-1536x1024.jpg 1536w, https:\/\/notinor.com\/jujuy\/wp-content\/uploads\/2025\/12\/Entrega-1-17-2048x1365.jpg 2048w, https:\/\/notinor.com\/jujuy\/wp-content\/uploads\/2025\/12\/Entrega-1-17-750x500.jpg 750w, https:\/\/notinor.com\/jujuy\/wp-content\/uploads\/2025\/12\/Entrega-1-17-1140x760.jpg 1140w\" sizes=\"(max-width: 720px) 100vw, 720px\" \/><\/figure><\/div>\n\n\n<p>A su turno, <strong>Lucrecia Mendoza<\/strong>, profesora de APPACE, coment\u00f3: \"Nos encant\u00f3 participar con el profesor Abel en conjunto con el Polivalente de Arte, en un trabajo muy lindo que se desarroll\u00f3 en etapas. Hicimos un proceso de sensibilizaci\u00f3n donde vinimos a dar charlas sobre lo que es la problem\u00e1tica de la discapacidad y todo lo que involucra para mejorar la accesibilidad, la conciencia de inclusi\u00f3n y la participaci\u00f3n social de los j\u00f3venes. En mi caso, trabajo en un taller art\u00edstico con j\u00f3venes en el Taller El Grito, donde realizamos muestras y tambi\u00e9n hemos participado en otra oportunidad con otro mural\".<\/p>\n\n\n\n<p>\"En este caso \u2014continu\u00f3 Lucrecia\u2014, los chicos del Polivalente de Arte, despu\u00e9s de la charla, pudieron hacer distintas propuestas y se fue elaborando un proyecto conjunto tomando las distintas ideas para dar justamente el mensaje de inclusi\u00f3n. As\u00ed que estamos muy felices, no solo porque los chicos pudieron participar de la ejecuci\u00f3n del mural, sino tambi\u00e9n por todo lo que implic\u00f3 el proyecto y por poder dejarlo plasmado en un lugar p\u00fablico que invita a la sensibilizaci\u00f3n del ciudadano com\u00fan\".<\/p>\n\n\n<div class=\"wp-block-image\">\n<figure class=\"aligncenter size-large\"><img decoding=\"async\" loading=\"lazy\" width=\"720\" height=\"480\" src=\"https:\/\/notinor.com\/jujuy\/wp-content\/uploads\/2025\/12\/Entrega-1-18-720x480.jpg\" alt=\"\" class=\"wp-image-436687\" srcset=\"https:\/\/notinor.com\/jujuy\/wp-content\/uploads\/2025\/12\/Entrega-1-18-720x480.jpg 720w, https:\/\/notinor.com\/jujuy\/wp-content\/uploads\/2025\/12\/Entrega-1-18-548x365.jpg 548w, https:\/\/notinor.com\/jujuy\/wp-content\/uploads\/2025\/12\/Entrega-1-18-768x512.jpg 768w, https:\/\/notinor.com\/jujuy\/wp-content\/uploads\/2025\/12\/Entrega-1-18-1536x1024.jpg 1536w, https:\/\/notinor.com\/jujuy\/wp-content\/uploads\/2025\/12\/Entrega-1-18-2048x1365.jpg 2048w, https:\/\/notinor.com\/jujuy\/wp-content\/uploads\/2025\/12\/Entrega-1-18-750x500.jpg 750w, https:\/\/notinor.com\/jujuy\/wp-content\/uploads\/2025\/12\/Entrega-1-18-1140x760.jpg 1140w\" sizes=\"(max-width: 720px) 100vw, 720px\" \/><\/figure><\/div>\n\n\n<p>Por \u00faltimo, <strong>Selene Mullicundo,<\/strong> profesora del Centro Polivalente de Arte, se refiri\u00f3 al mensaje que quisieron transmitir los estudiantes con el mural y se\u00f1al\u00f3: \"Los bocetos ten\u00edan esta tem\u00e1tica de manera recurrente, vinculada a las diferentes discapacidades. La idea en s\u00ed era representar la diversidad de los cuerpos y las discapacidades\".<\/p>\n\n\n\n<p>\"Todo esto lo hicimos en el marco del proyecto interdisciplinario desde las materias Pr\u00e1ctica Profesionalizante y Proyecto Emprendimiento, con los chicos de 5\u00b0 a\u00f1o. Son estudiantes que est\u00e1n saliendo de la secundaria y estas pr\u00e1cticas les sirven si el d\u00eda de ma\u00f1ana quieren seguir trabajando en el arte, los enriquece a la hora de salir al campo laboral\", concluy\u00f3.<\/p>\n\n\n\n<p>Nota Audiovisual:&nbsp;<a href=\"https:\/\/youtu.be\/7RLyr_-3kKs\" target=\"_blank\" rel=\"noreferrer noopener\">https:\/\/youtu.be\/7RLyr_-3kKs<\/a><\/p>\n","protected":false},"excerpt":{"rendered":"<p>A trav\u00e9s de la Minuta N\u00ba 173\/2025, el Concejo Deliberante declar\u00f3 de Inter\u00e9s Cultural el proyecto interdisciplinario \"Un Mural, Muchas Miradas\", una iniciativa que articula arte, educaci\u00f3n y acci\u00f3n social con el objetivo de promover la inclusi\u00f3n y visibilizar la diversidad.\u00a0 La propuesta impulsada por el Centro Polivalente de Arte \"Prof. Luis A. Mart\u00ednez\", en [&hellip;]<\/p>\n","protected":false},"author":5,"featured_media":436682,"comment_status":"open","ping_status":"open","sticky":false,"template":"","format":"standard","meta":{"_stopmodifiedupdate":false,"_modified_date":"","inline_featured_image":false,"spay_email":"","jetpack_publicize_message":""},"categories":[13],"tags":[],"jetpack_featured_media_url":"https:\/\/notinor.com\/jujuy\/wp-content\/uploads\/2025\/12\/Entrega-6-scaled.jpg","jetpack_publicize_connections":[],"_links":{"self":[{"href":"https:\/\/notinor.com\/jujuy\/wp-json\/wp\/v2\/posts\/436681"}],"collection":[{"href":"https:\/\/notinor.com\/jujuy\/wp-json\/wp\/v2\/posts"}],"about":[{"href":"https:\/\/notinor.com\/jujuy\/wp-json\/wp\/v2\/types\/post"}],"author":[{"embeddable":true,"href":"https:\/\/notinor.com\/jujuy\/wp-json\/wp\/v2\/users\/5"}],"replies":[{"embeddable":true,"href":"https:\/\/notinor.com\/jujuy\/wp-json\/wp\/v2\/comments?post=436681"}],"version-history":[{"count":1,"href":"https:\/\/notinor.com\/jujuy\/wp-json\/wp\/v2\/posts\/436681\/revisions"}],"predecessor-version":[{"id":436688,"href":"https:\/\/notinor.com\/jujuy\/wp-json\/wp\/v2\/posts\/436681\/revisions\/436688"}],"wp:featuredmedia":[{"embeddable":true,"href":"https:\/\/notinor.com\/jujuy\/wp-json\/wp\/v2\/media\/436682"}],"wp:attachment":[{"href":"https:\/\/notinor.com\/jujuy\/wp-json\/wp\/v2\/media?parent=436681"}],"wp:term":[{"taxonomy":"category","embeddable":true,"href":"https:\/\/notinor.com\/jujuy\/wp-json\/wp\/v2\/categories?post=436681"},{"taxonomy":"post_tag","embeddable":true,"href":"https:\/\/notinor.com\/jujuy\/wp-json\/wp\/v2\/tags?post=436681"}],"curies":[{"name":"wp","href":"https:\/\/api.w.org\/{rel}","templated":true}]}}