{"id":436659,"date":"2025-12-15T12:01:33","date_gmt":"2025-12-15T15:01:33","guid":{"rendered":"https:\/\/notinor.com\/jujuy\/?p=436659"},"modified":"2025-12-15T12:03:01","modified_gmt":"2025-12-15T15:03:01","slug":"ypf-anuncio-que-bajara-la-nafta-2-en-todo-el-pais-esta-semana","status":"publish","type":"post","link":"https:\/\/notinor.com\/jujuy\/ypf-anuncio-que-bajara-la-nafta-2-en-todo-el-pais-esta-semana\/","title":{"rendered":"YPF anunci\u00f3 que bajar\u00e1 la nafta 2% en todo el pa\u00eds esta semana"},"content":{"rendered":"\n<p class=\"has-medium-font-size\"><strong><em>Lo dijo Horacio Marin, el CEO de la petrolera. Asegur\u00f3 que la reducci\u00f3n de precios ser\u00e1 gradual en los pr\u00f3ximos d\u00edas y por zonas.<\/em><\/strong><\/p>\n\n\n<div class=\"wp-block-image\">\n<figure class=\"aligncenter\"><img decoding=\"async\" src=\"https:\/\/tn.com.ar\/resizer\/v2\/ypf-anuncio-que-bajara-la-nafta-2-en-todo-el-pais-esta-semana-foto-afp-ronaldo-schemidt-HTUDK3HPPBFO7BD46ATSKUUZCU.jpg?auth=e217d31be015b21c058783ffbd58c189bbd546bb91a49a6a82e0f1e0880c0feb&amp;width=767\" alt=\"YPF anunci\u00f3 que bajar\u00e1 la nafta 2% en todo el pa\u00eds esta semana. (Foto: AFP\/ Ronaldo Schemidt)\"\/><figcaption class=\"wp-element-caption\">YPF anunci\u00f3 que bajar\u00e1 la nafta 2% en todo el pa\u00eds esta semana<\/figcaption><\/figure><\/div>\n\n\n<p>El presidente de<strong>&nbsp;YPF<\/strong>, Horacio Mar\u00edn, adelant\u00f3 que&nbsp;<strong>la nafta bajar\u00e1 2%&nbsp;<\/strong>promedio en todo el pa\u00eds&nbsp;<strong>durante esta semana<\/strong>. Seg\u00fan detall\u00f3, la reducci\u00f3n ser\u00e1 \u201cde a poquito\u201d, en forma paulatina, en los pr\u00f3ximos d\u00edas en las estaciones de servicio de la petrolera estatal.<\/p>\n\n\n\n<p>La decisi\u00f3n se tom\u00f3 por la ca\u00edda en los precios internacionales del petr\u00f3leo y el monitoreo de otras variables (d\u00f3lar y log\u00edstica entre otros). Se da cuando, como inform\u00f3&nbsp;<strong>TN<\/strong>, el<strong> litro de s\u00faper acumula m\u00e1s de 41% de aumento <\/strong>en lo que va del a\u00f1o, 10 puntos por encima de la inflaci\u00f3n.<\/p>\n\n\n\n<p>\u201cSeguimos todas las variables que conforman el precio y, como resultado de ese an\u00e1lisis, podemos confirmar que esta semana va a haber una<strong>&nbsp;baja de 2 por ciento en la nafta a nivel nacional<\/strong>\u201d, afirm\u00f3 Mar\u00edn.<\/p>\n\n\n\n<h2><\/h2>\n\n\n\n<p><strong>C\u00f3mo ser\u00e1 la baja en el precio de la nafta<\/strong><\/p>\n\n\n\n<p>Mar\u00edn explic\u00f3 que la reducci\u00f3n de 2% en los surtidores&nbsp;<strong>no se aplicar\u00e1 de manera inmediata en todas las estaciones de la red YPF,<\/strong>&nbsp;sino que ser\u00e1 forma gradual a lo largo de la semana.<\/p>\n\n\n\n<p>\u201c<strong>Va a ser de a poquito<\/strong>, en los pr\u00f3ximos d\u00edas<strong>&nbsp;y no en todos lados igual\u201d,<\/strong>&nbsp;sostuvo el ejecutivo en una entrevista televisiva.<\/p>\n\n\n\n<p>Eso porque la petrolera, desde agosto,<strong>&nbsp;dej\u00f3 de informar los aumentos<\/strong>&nbsp;de los combustibles, al lanzar una nueva tecnolog\u00eda para segmentar los precios en surtidores seg\u00fan la demanda y la zona, entre otros factores.<\/p>\n\n\n\n<p>Desde entonces, se manejan con&nbsp;<strong>precios&nbsp;<\/strong>din\u00e1micos&nbsp;<strong>que pueden variar a diario.<\/strong>&nbsp;Para eso, dividieron el pa\u00eds en 174 corredores.<\/p>\n\n\n\n<p>Marin record\u00f3 que cuando se hizo cargo de la petrolera: \u201cDijimos\u2018vamos a hacer un acuerdo de honestidad con los consumidores, si sube, sube y si baja, baja\u2019. Y&nbsp;<strong>bajamos dos veces la nafta<\/strong>\u201d.<\/p>\n\n\n\n<p>En sentido opuesto, el CEO de YPF dijo que&nbsp;<strong>el gasoil&nbsp;<\/strong>no tendr\u00e1 esa misma suerte. \u201cUno&nbsp;<strong>hay que subir<\/strong>&nbsp;y otro hay que bajar\u201d, asegur\u00f3.<\/p>\n\n\n\n<p>Por otra parte, Mar\u00edn anticip\u00f3 que en 2026 transformar\u00e1n el modelo de negocio de YPF y van a dividirse las estaciones de servicio en tres marcas:&nbsp;<strong>una&nbsp;premium, YPF y una&nbsp;low cost.<\/strong><\/p>\n\n\n\n<p><strong>Cu\u00e1l es el precio de la nafta en los distintos puntos del pa\u00eds<\/strong><\/p>\n\n\n\n<p>Como inform\u00f3&nbsp;<strong>TN<\/strong>, hasta este fin de semana en la&nbsp;<strong>Ciudad de Buenos Aires<\/strong>, en promedio se consigue la s\u00faper de YPF a&nbsp;<strong>$1630<\/strong>&nbsp;el litro y la premium a $1850. En tanto, en los municipios del Gran Buenos Aires, como es habitual, los combustibles est\u00e1n m\u00e1s caros que en CABA.<\/p>\n\n\n\n<p>As\u00ed, en el corredor sur del AMBA (Berazategui), la s\u00faper se vende a&nbsp;<strong>$1754<\/strong>&nbsp;y la premium a&nbsp;<strong>$2095<\/strong>, en la red de estaciones de servicio de la petrolera&nbsp;<em>Raizen<\/em>, que comercializa los combustibles<em>&nbsp;Shell<\/em>.<\/p>\n","protected":false},"excerpt":{"rendered":"<p>Lo dijo Horacio Marin, el CEO de la petrolera. Asegur\u00f3 que la reducci\u00f3n de precios ser\u00e1 gradual en los pr\u00f3ximos d\u00edas y por zonas. El presidente de&nbsp;YPF, Horacio Mar\u00edn, adelant\u00f3 que&nbsp;la nafta bajar\u00e1 2%&nbsp;promedio en todo el pa\u00eds&nbsp;durante esta semana. Seg\u00fan detall\u00f3, la reducci\u00f3n ser\u00e1 \u201cde a poquito\u201d, en forma paulatina, en los pr\u00f3ximos d\u00edas [&hellip;]<\/p>\n","protected":false},"author":5,"featured_media":436660,"comment_status":"open","ping_status":"open","sticky":false,"template":"","format":"standard","meta":{"_stopmodifiedupdate":false,"_modified_date":"","inline_featured_image":false,"spay_email":"","jetpack_publicize_message":""},"categories":[2,676],"tags":[],"jetpack_featured_media_url":"https:\/\/notinor.com\/jujuy\/wp-content\/uploads\/2025\/12\/YPF.jpg","jetpack_publicize_connections":[],"_links":{"self":[{"href":"https:\/\/notinor.com\/jujuy\/wp-json\/wp\/v2\/posts\/436659"}],"collection":[{"href":"https:\/\/notinor.com\/jujuy\/wp-json\/wp\/v2\/posts"}],"about":[{"href":"https:\/\/notinor.com\/jujuy\/wp-json\/wp\/v2\/types\/post"}],"author":[{"embeddable":true,"href":"https:\/\/notinor.com\/jujuy\/wp-json\/wp\/v2\/users\/5"}],"replies":[{"embeddable":true,"href":"https:\/\/notinor.com\/jujuy\/wp-json\/wp\/v2\/comments?post=436659"}],"version-history":[{"count":2,"href":"https:\/\/notinor.com\/jujuy\/wp-json\/wp\/v2\/posts\/436659\/revisions"}],"predecessor-version":[{"id":436662,"href":"https:\/\/notinor.com\/jujuy\/wp-json\/wp\/v2\/posts\/436659\/revisions\/436662"}],"wp:featuredmedia":[{"embeddable":true,"href":"https:\/\/notinor.com\/jujuy\/wp-json\/wp\/v2\/media\/436660"}],"wp:attachment":[{"href":"https:\/\/notinor.com\/jujuy\/wp-json\/wp\/v2\/media?parent=436659"}],"wp:term":[{"taxonomy":"category","embeddable":true,"href":"https:\/\/notinor.com\/jujuy\/wp-json\/wp\/v2\/categories?post=436659"},{"taxonomy":"post_tag","embeddable":true,"href":"https:\/\/notinor.com\/jujuy\/wp-json\/wp\/v2\/tags?post=436659"}],"curies":[{"name":"wp","href":"https:\/\/api.w.org\/{rel}","templated":true}]}}