{"id":436653,"date":"2025-12-15T11:37:40","date_gmt":"2025-12-15T14:37:40","guid":{"rendered":"https:\/\/notinor.com\/jujuy\/?p=436653"},"modified":"2025-12-15T11:37:42","modified_gmt":"2025-12-15T14:37:42","slug":"decretaron-asueto-por-nochebuena-y-fin-de-ano-para-los-empleados-publicos-como-funcionara-el-estado-durante-las-fiestas","status":"publish","type":"post","link":"https:\/\/notinor.com\/jujuy\/decretaron-asueto-por-nochebuena-y-fin-de-ano-para-los-empleados-publicos-como-funcionara-el-estado-durante-las-fiestas\/","title":{"rendered":"Decretaron asueto por Nochebuena y Fin de A\u00f1o para los empleados p\u00fablicos: c\u00f3mo funcionar\u00e1 el Estado durante las Fiestas"},"content":{"rendered":"\n<p class=\"has-medium-font-size\"><em><strong>La medida se oficializ\u00f3 esta madrugada, mediante la publicaci\u00f3n del decreto en el Bolet\u00edn Oficial. As\u00ed, alegaron que la decisi\u00f3n busca facilitar reuniones familiares y potenciar el turismo<\/strong><\/em>.<\/p>\n\n\n\n<p class=\"has-text-align-center\"><img decoding=\"async\" loading=\"lazy\" height=\"2347\" width=\"4173\" src=\"https:\/\/www.infobae.com\/resizer\/v2\/QQW3E6WZXNC35HHEGIZBMEXQPE.jpg?auth=6ce9885cb9f486d9919154efb89f11358d832ecda71ae0fd9f906beefecdca2c&amp;smart=true&amp;width=350&amp;height=197&amp;quality=85\" alt=\"El Gobierno nacional otorga asueto\">El Gobierno nacional otorga asueto administrativo a la Administraci\u00f3n P\u00fablica Nacional los d\u00edas 24 y 31 de diciembre de 2025<\/p>\n\n\n\n<p>El&nbsp;<strong>Gobierno&nbsp;<\/strong>dispuso, a trav\u00e9s de un decreto firmado por el presidente&nbsp;<strong>Javier Milei<\/strong>&nbsp;y el jefe de Gabinete&nbsp;<strong>Manuel Adorni<\/strong>, el otorgamiento de&nbsp;<strong>asueto administrativo<\/strong>&nbsp;para el personal de la&nbsp;<strong>Administraci\u00f3n P\u00fablica Nacional<\/strong>&nbsp;los d\u00edas&nbsp;<strong>24 y 31 de diciembre<\/strong>&nbsp;de 2025.<\/p>\n\n\n\n<p>La medida, publicada este lunes a la madrugada en el Bolet\u00edn Oficial, busca facilitar los preparativos y desplazamientos familiares en v\u00edsperas de las festividades de&nbsp;<strong>Navidad<\/strong>&nbsp;y&nbsp;<strong>A\u00f1o Nuevo<\/strong>, fechas que la legislaci\u00f3n argentina reconoce como feriados nacionales inamovibles.<\/p>\n\n\n\n<p>El decreto se fundamenta en la&nbsp;<strong>Ley N\u00b0 27.399<\/strong>, que establece el 25 de diciembre y el 1\u00b0 de enero como feriados nacionales, y en el car\u00e1cter social y familiar de estas celebraciones.<\/p>\n\n\n\n<p>Seg\u00fan el&nbsp;<strong>Decreto 883\/2025<\/strong>, \u201ctales fechas poseen un arraigado significado cultural, social y familiar para la poblaci\u00f3n argentina y para quienes habitan en el territorio de la Rep\u00fablica Argentina, constituyendo tradicionalmente motivo de reuni\u00f3n, celebraci\u00f3n y acercamiento entre familiares y seres queridos\u201d.<\/p>\n\n\n\n<p>El Gobierno consider\u00f3 que las v\u00edsperas, es decir, los d\u00edas 24 y 31 de diciembre, suelen destinarse a los preparativos y traslados necesarios para posibilitar el encuentro familiar, por lo que resulta \u201c<strong>oportuno facilitar la organizaci\u00f3n, descanso y disfrute de las festividades, permitiendo que las personas puedan disponer de un tiempo razonable para concretar los preparativos, desplazamientos y actividades vinculadas a dichas conmemoraciones<\/strong>\u201d.<\/p>\n\n\n\n<p>El decreto tambi\u00e9n se\u00f1ala que la medida tendr\u00e1 un impacto positivo en el sector tur\u00edstico, al favorecer los desplazamientos internos y el aprovechamiento de los d\u00edas no laborables para actividades recreativas. Adem\u00e1s, aclara que el asueto no implica ning\u00fan gasto adicional para el Estado nacional y que&nbsp;<strong>\u201cgarantizar\u00e1 que todos los argentinos puedan disfrutar de las fiestas en un marco de libertad\u201d<\/strong>.<\/p>\n\n\n\n<p>En cuanto al alcance de la disposici\u00f3n, el art\u00edculo 1\u00b0 establece que el asueto ser\u00e1 para el personal de la Administraci\u00f3n P\u00fablica Nacional, mientras que el art\u00edculo 2\u00b0 instruye a los distintos organismos a implementar las medidas necesarias para asegurar la continuidad de los servicios esenciales. El art\u00edculo 3\u00b0 especifica que la medida\u00a0<strong>no alcanza a las instituciones bancarias ni a las entidades financieras<\/strong>, por lo que estos sectores deber\u00e1n funcionar con normalidad durante las fechas mencionadas.<\/p>\n\n\n\n<p class=\"has-text-align-center\"><img decoding=\"async\" loading=\"lazy\" height=\"816\" width=\"1456\" src=\"https:\/\/www.infobae.com\/resizer\/v2\/P7VTHSORJRGKXCR4KFJVMLRXDE.jpg?auth=3084eeee8de51a1b0bf76c5f00cc94560c9e54a8426972c89047dab7eaa10b0a&amp;smart=true&amp;width=350&amp;height=196&amp;quality=85\" alt=\"El decreto firmado por Javier\">El decreto firmado por Javier Milei y Manuel Adorni busca facilitar los preparativos y desplazamientos familiares en Navidad y A\u00f1o Nuevo <\/p>\n\n\n\n<p>Siendo asueto los d\u00edas 24 y 31 de diciembre, los empleados no cumplir\u00e1n sus funciones durante dos d\u00edas seguidos, dado que&nbsp;<strong>el 25 de diciembre y el 1 de enero, son feriados inamovibles, por lo que el personal que deba trabajar en esas fechas cobrar\u00e1 el doble<\/strong>.<\/p>\n\n\n\n<p>En el caso del&nbsp;<strong>\u00e1mbito privado<\/strong>, el panorama ser\u00e1 diferente dado que all\u00ed&nbsp;<strong>cada empleador podr\u00e1 decidir si concede el d\u00eda libre a sus trabajadores<\/strong>. En tal caso, si la empresa decide que no se trabaje, ese d\u00eda no ser\u00e1 un feriado, de modo que no se generar\u00e1 un pago adicional. De acuerdo con la normativa vigente, el&nbsp;<strong>24 y el 31 de diciembre son d\u00edas laborables<\/strong>&nbsp;comunes, por lo que quienes trabajen recibir\u00e1n un pago est\u00e1ndar, salvo que su empresa disponga lo contrario.<\/p>\n\n\n\n<p>La decisi\u00f3n se adopt\u00f3 en ejercicio de las atribuciones conferidas al Poder Ejecutivo por el art\u00edculo 99, inciso 1 de la&nbsp;<strong>Constituci\u00f3n Nacional<\/strong>.<\/p>\n","protected":false},"excerpt":{"rendered":"<p>La medida se oficializ\u00f3 esta madrugada, mediante la publicaci\u00f3n del decreto en el Bolet\u00edn Oficial. As\u00ed, alegaron que la decisi\u00f3n busca facilitar reuniones familiares y potenciar el turismo. El Gobierno nacional otorga asueto administrativo a la Administraci\u00f3n P\u00fablica Nacional los d\u00edas 24 y 31 de diciembre de 2025 El&nbsp;Gobierno&nbsp;dispuso, a trav\u00e9s de un decreto firmado [&hellip;]<\/p>\n","protected":false},"author":5,"featured_media":436654,"comment_status":"open","ping_status":"open","sticky":false,"template":"","format":"standard","meta":{"_stopmodifiedupdate":false,"_modified_date":"","inline_featured_image":false,"spay_email":"","jetpack_publicize_message":""},"categories":[5],"tags":[],"jetpack_featured_media_url":"https:\/\/notinor.com\/jujuy\/wp-content\/uploads\/2025\/12\/BRINDIS.jpg","jetpack_publicize_connections":[],"_links":{"self":[{"href":"https:\/\/notinor.com\/jujuy\/wp-json\/wp\/v2\/posts\/436653"}],"collection":[{"href":"https:\/\/notinor.com\/jujuy\/wp-json\/wp\/v2\/posts"}],"about":[{"href":"https:\/\/notinor.com\/jujuy\/wp-json\/wp\/v2\/types\/post"}],"author":[{"embeddable":true,"href":"https:\/\/notinor.com\/jujuy\/wp-json\/wp\/v2\/users\/5"}],"replies":[{"embeddable":true,"href":"https:\/\/notinor.com\/jujuy\/wp-json\/wp\/v2\/comments?post=436653"}],"version-history":[{"count":1,"href":"https:\/\/notinor.com\/jujuy\/wp-json\/wp\/v2\/posts\/436653\/revisions"}],"predecessor-version":[{"id":436655,"href":"https:\/\/notinor.com\/jujuy\/wp-json\/wp\/v2\/posts\/436653\/revisions\/436655"}],"wp:featuredmedia":[{"embeddable":true,"href":"https:\/\/notinor.com\/jujuy\/wp-json\/wp\/v2\/media\/436654"}],"wp:attachment":[{"href":"https:\/\/notinor.com\/jujuy\/wp-json\/wp\/v2\/media?parent=436653"}],"wp:term":[{"taxonomy":"category","embeddable":true,"href":"https:\/\/notinor.com\/jujuy\/wp-json\/wp\/v2\/categories?post=436653"},{"taxonomy":"post_tag","embeddable":true,"href":"https:\/\/notinor.com\/jujuy\/wp-json\/wp\/v2\/tags?post=436653"}],"curies":[{"name":"wp","href":"https:\/\/api.w.org\/{rel}","templated":true}]}}