{"id":436580,"date":"2025-12-12T11:44:09","date_gmt":"2025-12-12T14:44:09","guid":{"rendered":"https:\/\/notinor.com\/jujuy\/?p=436580"},"modified":"2025-12-12T11:44:11","modified_gmt":"2025-12-12T14:44:11","slug":"controladores-aereos-retoman-el-plan-de-lucha-demoras-y-vuelos-cancelados-durante-navidad-y-ano-nuevo","status":"publish","type":"post","link":"https:\/\/notinor.com\/jujuy\/controladores-aereos-retoman-el-plan-de-lucha-demoras-y-vuelos-cancelados-durante-navidad-y-ano-nuevo\/","title":{"rendered":"Controladores a\u00e9reos retoman el plan de lucha: \u00bfdemoras y vuelos cancelados durante Navidad y A\u00f1o Nuevo?"},"content":{"rendered":"\n<p class=\"has-medium-font-size\"><strong><em>ATEPSA anunci\u00f3 que retomar\u00e1 el plan de lucha ante el incumplimiento del acuerdo paritario. Reclaman aumento salarial. \u00bfdictan la conciliaci\u00f3n obligatoria?<\/em><\/strong><\/p>\n\n\n<div class=\"wp-block-image\">\n<figure class=\"aligncenter\"><img decoding=\"async\" src=\"https:\/\/resizer.iproimg.com\/unsafe\/768x\/filters:format(webp):quality(75):max_bytes(102400)\/https:\/\/assets.iprofesional.com\/assets\/jpg\/2024\/09\/583577.jpg\" alt=\"Controladores a\u00e9reos retoman el plan de lucha: \u00bfdemoras y vuelos cancelados durante Navidad y A\u00f1o Nuevo?\"\/><figcaption class=\"wp-element-caption\">Controladores a\u00e9reos en plan de lucha<\/figcaption><\/figure><\/div>\n\n\n<p>El fin de a\u00f1o llega con un\u00a0<strong>alto grado de conflictividad<\/strong>\u00a0en el transporte. A la amenaza de la Uni\u00f3n Tranviario Automotor (UTA) de paralizar el servicio de colectivos en reclamo del pago del aguinaldo, se sum\u00f3 la Asociaci\u00f3n T\u00e9cnicos y Empleados de Protecci\u00f3n y Seguridad a la Aeronavegaci\u00f3n (ATEPSA) que denunci\u00f3 el incumplimiento paritario de la Empresa Argentina de Navegaci\u00f3n A\u00e9rea (EANA) y <strong>anunci\u00f3 que retomar\u00e1 el plan de lucha<\/strong>, que podr\u00eda generar demoras en la partida de los vuelos de las l\u00edneas comerciales.<\/p>\n\n\n\n<p>El gremio que nuclea a los <strong>controladores a\u00e9reos <\/strong>detall\u00f3 que el plan de lucha comenzar\u00e1 el 17 de diciembre ante la \"falta de di\u00e1logo de la patronal\" por una serie de demandas, que van de la recomposici\u00f3n salarial al desconocimiento del convenio colectivo de trabajo. Las exigencias sindicales se dan en medio del pr\u00f3ximo debate de reforma laboral donde, justamente, est\u00e1n en discusi\u00f3n la vigencia de los convenios colectivos.<\/p>\n\n\n\n<p><strong>La empresa descarta el conflicto: analizan aplicar la conciliaci\u00f3n obligatoria<\/strong><\/p>\n\n\n\n<p>La\u00a0<strong>ATEPSA<\/strong>\u00a0aplic\u00f3, durante todo noviembre, ceses de actividades por turno que afectaron la partida de<strong>\u00a0vuelos comerciales,\u00a0protestas que no impactaron tanto en el transporte de pasajeros<\/strong>. Ante la profundizaci\u00f3n del conflicto, ahora amenazan con aplicar las medidas a los vuelos internacionales. En los pr\u00f3ximos d\u00edas se realizar\u00e1n asambleas donde se dise\u00f1ar\u00e1 un cronograma de las protestas, con d\u00edas y horarios determinados, ya que se trata de una actividad esencial.<\/p>\n\n\n\n<p>Desde el sindicato, declararon que \"llevamos meses sin respuestas,<strong>&nbsp;salarios por debajo de la inflaci\u00f3n<\/strong>&nbsp;y un convenio colectivo que la empresa sigue desconociendo\",&nbsp;remarcando que \"la EANA incumpli\u00f3 el acuerdo paritario firmado hace m\u00e1s de dos meses\". Desde la compa\u00f1\u00eda explicaron que el convenio se encuentra vigente hasta diciembre y que no existen atrasos salariales.<\/p>\n\n\n\n<p>Si bien el plan de lucha no se est\u00e1 aplicando y solo se trata de un anuncio, fuentes de la\u00a0<strong>Secretar\u00eda de Trabajo<\/strong>\u00a0indicaron que se est\u00e1 siguiendo el accionar de la ATEPSA y <strong>no descartan aplicar nuevamente la conciliaci\u00f3n obligatoria,<\/strong> bajo el argumento de un nuevo conflicto. Esto permitir\u00eda congelar los paros hasta despu\u00e9s de las fiestas de fin de a\u00f1o.<\/p>\n\n\n\n<p><strong>El gremio exige a EANA que \"convoque al di\u00e1logo\"<\/strong><\/p>\n\n\n\n<p>La decisi\u00f3n de anunciar una medida de fuerza cinco d\u00edas antes se puede leer como una se\u00f1al para que la<strong>&nbsp;EANA&nbsp;<\/strong>convoque a los controladores a\u00e9reos al di\u00e1logo. Referentes de ATPSA reafirmaron este an\u00e1lisis al se\u00f1alar que \"si en los pr\u00f3ximos d\u00edas no hay una convocatoria, nos veremos obligados a aplicar las medidas leg\u00edtimas de acci\u00f3n sindical\".<\/p>\n\n\n\n<p>Se estima que, en principio, el cese de actividades afectar\u00e1 a la aviaci\u00f3n de carga, instruyendo la no autorizaci\u00f3n de&nbsp;<strong>despegues de aeronaves&nbsp;<\/strong>destinadas exclusivamente a esta actividad ni la recepci\u00f3n de sus planes de vuelo. En noviembre, las interrupciones de las operaciones de carga en horario nocturno, generaron demoras y complicaciones en la cadena log\u00edstica y comercial del pa\u00eds. Desde el gobierno admitieron que \"productos de alto valor o perecederos que dependen de la celeridad del transporte a\u00e9reo se vieron afectados\".<\/p>\n\n\n\n<p>La secretaria General de ATEPSA,<strong>&nbsp;Paola Barritta<\/strong>, manifest\u00f3 que \"otra vez la empresa incumple lo firmado y demuestra su falta de voluntad para resolver los puntos que afectan directamente nuestras condiciones laborales\". Vale recordar que, al tratarse de un servicio esencial, adem\u00e1s de cumplir con los protocolos para el sector, el gremio solo provoca demora en los despegues, no as\u00ed en los aterrizajes, donde se desarrollan las actividades normales, como as\u00ed en los servicios de emergencia\".&nbsp;<\/p>\n","protected":false},"excerpt":{"rendered":"<p>ATEPSA anunci\u00f3 que retomar\u00e1 el plan de lucha ante el incumplimiento del acuerdo paritario. Reclaman aumento salarial. \u00bfdictan la conciliaci\u00f3n obligatoria? El fin de a\u00f1o llega con un\u00a0alto grado de conflictividad\u00a0en el transporte. A la amenaza de la Uni\u00f3n Tranviario Automotor (UTA) de paralizar el servicio de colectivos en reclamo del pago del aguinaldo, se [&hellip;]<\/p>\n","protected":false},"author":5,"featured_media":436581,"comment_status":"open","ping_status":"open","sticky":false,"template":"","format":"standard","meta":{"_stopmodifiedupdate":false,"_modified_date":"","inline_featured_image":false,"spay_email":"","jetpack_publicize_message":""},"categories":[676],"tags":[],"jetpack_featured_media_url":"https:\/\/notinor.com\/jujuy\/wp-content\/uploads\/2025\/12\/CONTROLADORES.jpg","jetpack_publicize_connections":[],"_links":{"self":[{"href":"https:\/\/notinor.com\/jujuy\/wp-json\/wp\/v2\/posts\/436580"}],"collection":[{"href":"https:\/\/notinor.com\/jujuy\/wp-json\/wp\/v2\/posts"}],"about":[{"href":"https:\/\/notinor.com\/jujuy\/wp-json\/wp\/v2\/types\/post"}],"author":[{"embeddable":true,"href":"https:\/\/notinor.com\/jujuy\/wp-json\/wp\/v2\/users\/5"}],"replies":[{"embeddable":true,"href":"https:\/\/notinor.com\/jujuy\/wp-json\/wp\/v2\/comments?post=436580"}],"version-history":[{"count":1,"href":"https:\/\/notinor.com\/jujuy\/wp-json\/wp\/v2\/posts\/436580\/revisions"}],"predecessor-version":[{"id":436582,"href":"https:\/\/notinor.com\/jujuy\/wp-json\/wp\/v2\/posts\/436580\/revisions\/436582"}],"wp:featuredmedia":[{"embeddable":true,"href":"https:\/\/notinor.com\/jujuy\/wp-json\/wp\/v2\/media\/436581"}],"wp:attachment":[{"href":"https:\/\/notinor.com\/jujuy\/wp-json\/wp\/v2\/media?parent=436580"}],"wp:term":[{"taxonomy":"category","embeddable":true,"href":"https:\/\/notinor.com\/jujuy\/wp-json\/wp\/v2\/categories?post=436580"},{"taxonomy":"post_tag","embeddable":true,"href":"https:\/\/notinor.com\/jujuy\/wp-json\/wp\/v2\/tags?post=436580"}],"curies":[{"name":"wp","href":"https:\/\/api.w.org\/{rel}","templated":true}]}}