{"id":436565,"date":"2025-12-11T22:14:00","date_gmt":"2025-12-12T01:14:00","guid":{"rendered":"https:\/\/notinor.com\/jujuy\/?p=436565"},"modified":"2025-12-11T10:14:19","modified_gmt":"2025-12-11T10:14:19","slug":"municipio-lanza-concurso-de-ideas-para-revalorizar-el-puente-lavalle","status":"publish","type":"post","link":"https:\/\/notinor.com\/jujuy\/municipio-lanza-concurso-de-ideas-para-revalorizar-el-puente-lavalle\/","title":{"rendered":"Municipio lanza concurso de ideas para revalorizar el Puente Lavalle"},"content":{"rendered":"\n<p class=\"has-medium-font-size\"><strong><em>El Intendente Ra\u00fal \u201cChuli\u201d Jorge, junto al Colegio de Profesionales de la Arquitectura de Jujuy, encabez\u00f3 el lanzamiento del \u201cConcurso Provincial de Ideas Arco\/P\u00f3rtico de Puente Lavalle\u201d, una iniciativa que busca generar propuestas innovadoras para revalorizar este punto hist\u00f3rico de la ciudad y proyectar un nuevo hito urbano.<\/em><\/strong><\/p>\n\n\n<div class=\"wp-block-image\">\n<figure class=\"aligncenter\"><img decoding=\"async\" src=\"https:\/\/www.sansalvadordejujuy.gob.ar\/wp-content\/uploads\/2025\/12\/CONCURSO-PUENTE-LAVALLE-1-1024x389.jpg\" alt=\"\" class=\"wp-image-97745\"\/><\/figure><\/div>\n\n\n<p>El concurso tiene como prop\u00f3sito obtener ideas que sirvan de base para la elaboraci\u00f3n de futuros proyectos arquitect\u00f3nicos, promoviendo nuevos usos, morfolog\u00edas y criterios de sustentabilidad, en consonancia con el c\u00f3digo urbano vigente y con el resguardo del patrimonio cultural, material e inmaterial. Podr\u00e1n participar todos los arquitectos de la provincia habilitados por el Colegio, conforme a las Bases del Concurso.<\/p>\n\n\n\n<p>Durante la presentaci\u00f3n, el intendente Jorge destac\u00f3 la importancia de trabajar conjuntamente con instituciones profesionales para el desarrollo urbano de la ciudad, \u201cmuchas gracias querida Elena por la instituci\u00f3n del Colegio de Arquitectos, que siempre est\u00e1 presente en las cuestiones de la ciudad, de la provincia, en los grandes temas que tienen que ver con el urbanismo. Y la mec\u00e1nica de concurso es la que siempre nos permite abrir objetivos que tienen que ver con actualizar, modernizar, poner en valor sitios que merecen la atenci\u00f3n de las autoridades circunstanciales y las responsabilidades que tenemos como municipio\u201d, expres\u00f3.<\/p>\n\n\n<div class=\"wp-block-image\">\n<figure class=\"aligncenter\"><img decoding=\"async\" src=\"https:\/\/www.sansalvadordejujuy.gob.ar\/wp-content\/uploads\/2025\/12\/CONCURSO-PUENTE-LAVALLE-3-1024x690.jpg\" alt=\"\" class=\"wp-image-97744\"\/><\/figure><\/div>\n\n\n<p>En esa l\u00ednea, el intendente record\u00f3 experiencias previas exitosas, \u201calgo as\u00ed pas\u00f3 con el Xibi Xibi, por eso el reconocimiento que tenemos a nivel nacional, fundamentalmente por este ejercicio para resolver problemas urbanos. Tambi\u00e9n estamos terminando una propuesta similar de un concurso que hicimos, que es la Glorieta de la Plaza Belgrano, que est\u00e1 pr\u00f3xima a inaugurarse, est\u00e1 quedando fant\u00e1sticamente bien, con conceptos de incorporar servicios\u201d.<\/p>\n\n\n\n<p>Jorge tambi\u00e9n subray\u00f3 la profunda carga simb\u00f3lica del Puente Lavalle y record\u00f3 el antiguo cartel que lo cruzaba en d\u00e9cadas pasadas, \u201cElena hizo toda una investigaci\u00f3n acerca de estos 100 a\u00f1os que tiene el puente, que todav\u00eda tiene una vitalidad y una urbanidad muy especial, por lo cual esto va a significar toda una cuesti\u00f3n de regenerar un s\u00edmbolo que alguna vez preexisti\u00f3 en la d\u00e9cada del 60, pero con una idea mucho m\u00e1s publicitaria que urbana, con la existencia de un gran cartel, la propaganda de un refresco muy importante, pero que significaba sentirse bienvenidos a una ciudad amigable, acogedora\u201d.<\/p>\n\n\n\n<p>Por su parte, la presidenta del Colegio de Profesionales de la Arquitectura, <strong>Elena Bardi,<\/strong> celebr\u00f3 esta articulaci\u00f3n institucional para potenciar la creatividad y el patrimonio urbano, \u201ces muy auspicioso poder trabajar de manera mancomunada y abrir a la matr\u00edcula esta idea que surge desde la intendencia en el marco del cumplea\u00f1os n\u00famero 100 del Puente Lavalle, de poner en valor y resignificar este espacio urbano \u00fanico en la ciudad por todo el car\u00e1cter que viene dado, no solo por la circulaci\u00f3n sino como espacio cultural de paso\u201d, destac\u00f3.<\/p>\n\n\n\n<p>Asimismo, remarc\u00f3 la importancia de la participaci\u00f3n plural y del car\u00e1cter abierto del certamen, \u201cest\u00e1 todo el equipo de la Municipalidad que trabaj\u00f3 en este proyecto, esta convocatoria, que surge del intendente Jorge, y legitima con la participaci\u00f3n plural de ideas, que va mucho m\u00e1s all\u00e1 que un p\u00f3rtico o un puente; puede ser desde una propuesta art\u00edstica, urbana, etc. justamente para eso es el concurso, para tener una gama de propuestas y desde ah\u00ed poder elegir y seleccionar la mejor\u201d.<\/p>\n\n\n\n<p>Las bases y condiciones est\u00e1n disponibles pr\u00f3ximamente a trav\u00e9s del Colegio de Arquitectos.<\/p>\n\n\n\n<p><strong>Nota audiovisual:<\/strong>&nbsp;<a href=\"https:\/\/youtu.be\/zb695ylD9QE\">https:\/\/youtu.be\/zb695ylD9QE<\/a><\/p>\n","protected":false},"excerpt":{"rendered":"<p>El Intendente Ra\u00fal \u201cChuli\u201d Jorge, junto al Colegio de Profesionales de la Arquitectura de Jujuy, encabez\u00f3 el lanzamiento del \u201cConcurso Provincial de Ideas Arco\/P\u00f3rtico de Puente Lavalle\u201d, una iniciativa que busca generar propuestas innovadoras para revalorizar este punto hist\u00f3rico de la ciudad y proyectar un nuevo hito urbano. El concurso tiene como prop\u00f3sito obtener ideas [&hellip;]<\/p>\n","protected":false},"author":5,"featured_media":436566,"comment_status":"open","ping_status":"open","sticky":false,"template":"","format":"standard","meta":{"_stopmodifiedupdate":false,"_modified_date":"","inline_featured_image":false,"spay_email":"","jetpack_publicize_message":""},"categories":[514],"tags":[],"jetpack_featured_media_url":"https:\/\/notinor.com\/jujuy\/wp-content\/uploads\/2025\/12\/ANIVERSARIO.jpg","jetpack_publicize_connections":[],"_links":{"self":[{"href":"https:\/\/notinor.com\/jujuy\/wp-json\/wp\/v2\/posts\/436565"}],"collection":[{"href":"https:\/\/notinor.com\/jujuy\/wp-json\/wp\/v2\/posts"}],"about":[{"href":"https:\/\/notinor.com\/jujuy\/wp-json\/wp\/v2\/types\/post"}],"author":[{"embeddable":true,"href":"https:\/\/notinor.com\/jujuy\/wp-json\/wp\/v2\/users\/5"}],"replies":[{"embeddable":true,"href":"https:\/\/notinor.com\/jujuy\/wp-json\/wp\/v2\/comments?post=436565"}],"version-history":[{"count":1,"href":"https:\/\/notinor.com\/jujuy\/wp-json\/wp\/v2\/posts\/436565\/revisions"}],"predecessor-version":[{"id":436567,"href":"https:\/\/notinor.com\/jujuy\/wp-json\/wp\/v2\/posts\/436565\/revisions\/436567"}],"wp:featuredmedia":[{"embeddable":true,"href":"https:\/\/notinor.com\/jujuy\/wp-json\/wp\/v2\/media\/436566"}],"wp:attachment":[{"href":"https:\/\/notinor.com\/jujuy\/wp-json\/wp\/v2\/media?parent=436565"}],"wp:term":[{"taxonomy":"category","embeddable":true,"href":"https:\/\/notinor.com\/jujuy\/wp-json\/wp\/v2\/categories?post=436565"},{"taxonomy":"post_tag","embeddable":true,"href":"https:\/\/notinor.com\/jujuy\/wp-json\/wp\/v2\/tags?post=436565"}],"curies":[{"name":"wp","href":"https:\/\/api.w.org\/{rel}","templated":true}]}}