{"id":436557,"date":"2025-12-11T21:02:00","date_gmt":"2025-12-12T00:02:00","guid":{"rendered":"https:\/\/notinor.com\/jujuy\/?p=436557"},"modified":"2025-12-11T09:02:48","modified_gmt":"2025-12-11T09:02:48","slug":"presto-juramento-la-concejal-melina-doguino","status":"publish","type":"post","link":"https:\/\/notinor.com\/jujuy\/presto-juramento-la-concejal-melina-doguino\/","title":{"rendered":"Prest\u00f3 juramento la concejal Melina Doguino"},"content":{"rendered":"\n<p class=\"has-medium-font-size\"><strong><em>En el marco de la segunda Sesi\u00f3n Especial del Concejo Deliberante de San Salvador de Jujuy, prest\u00f3 juramento como concejal Sol Melina de Lourdes Doguino, que reemplaza - por ser la primer suplente- en el cargo a Keila Zequeiros, que renunci\u00f3 a sus \u00faltimos dos a\u00f1os del per\u00edodo 2023-2027. La flamante concejal se incorpora al bloque PTS \u2013 FITU (Frente de Izquierda y de los Trabajadores).<\/em><\/strong><\/p>\n\n\n<div class=\"wp-block-image\">\n<figure class=\"aligncenter size-large\"><img decoding=\"async\" loading=\"lazy\" width=\"720\" height=\"480\" src=\"https:\/\/notinor.com\/jujuy\/wp-content\/uploads\/2025\/12\/Sesion-1-5-720x480.jpg\" alt=\"\" class=\"wp-image-436559\" srcset=\"https:\/\/notinor.com\/jujuy\/wp-content\/uploads\/2025\/12\/Sesion-1-5-720x480.jpg 720w, https:\/\/notinor.com\/jujuy\/wp-content\/uploads\/2025\/12\/Sesion-1-5-547x365.jpg 547w, https:\/\/notinor.com\/jujuy\/wp-content\/uploads\/2025\/12\/Sesion-1-5-768x512.jpg 768w, https:\/\/notinor.com\/jujuy\/wp-content\/uploads\/2025\/12\/Sesion-1-5-1536x1024.jpg 1536w, https:\/\/notinor.com\/jujuy\/wp-content\/uploads\/2025\/12\/Sesion-1-5-2048x1365.jpg 2048w, https:\/\/notinor.com\/jujuy\/wp-content\/uploads\/2025\/12\/Sesion-1-5-750x500.jpg 750w, https:\/\/notinor.com\/jujuy\/wp-content\/uploads\/2025\/12\/Sesion-1-5-1140x760.jpg 1140w\" sizes=\"(max-width: 720px) 100vw, 720px\" \/><\/figure><\/div>\n\n\n<p>La sesi\u00f3n fue encabezada por el Presidente de la instituci\u00f3n parlamentaria, Dr. <strong>Gast\u00f3n Mill\u00f3n<\/strong>, quien estuvo acompa\u00f1ado por el secretario parlamentario, <strong>Jorge Beller<\/strong> y la secretaria administrativa, <strong>Virginia Llapur.<\/strong><\/p>\n\n\n<div class=\"wp-block-image\">\n<figure class=\"aligncenter size-large\"><img decoding=\"async\" loading=\"lazy\" width=\"720\" height=\"480\" src=\"https:\/\/notinor.com\/jujuy\/wp-content\/uploads\/2025\/12\/Sesion-1-6-720x480.jpg\" alt=\"\" class=\"wp-image-436560\" srcset=\"https:\/\/notinor.com\/jujuy\/wp-content\/uploads\/2025\/12\/Sesion-1-6-720x480.jpg 720w, https:\/\/notinor.com\/jujuy\/wp-content\/uploads\/2025\/12\/Sesion-1-6-547x365.jpg 547w, https:\/\/notinor.com\/jujuy\/wp-content\/uploads\/2025\/12\/Sesion-1-6-768x512.jpg 768w, https:\/\/notinor.com\/jujuy\/wp-content\/uploads\/2025\/12\/Sesion-1-6-1536x1024.jpg 1536w, https:\/\/notinor.com\/jujuy\/wp-content\/uploads\/2025\/12\/Sesion-1-6-2048x1366.jpg 2048w, https:\/\/notinor.com\/jujuy\/wp-content\/uploads\/2025\/12\/Sesion-1-6-750x500.jpg 750w, https:\/\/notinor.com\/jujuy\/wp-content\/uploads\/2025\/12\/Sesion-1-6-1140x760.jpg 1140w\" sizes=\"(max-width: 720px) 100vw, 720px\" \/><\/figure><\/div>\n\n\n<p>En el transcurso de la sesi\u00f3n, se conform\u00f3 la comisi\u00f3n de Juicio Pol\u00edtico, Juris, Reclamos, Peticiones y Poderes, encargada de certificar la validez de los t\u00edtulos presentados para avanzar con la toma de juramento. &nbsp;&nbsp;&nbsp;<\/p>\n\n\n<div class=\"wp-block-image\">\n<figure class=\"aligncenter size-large\"><img decoding=\"async\" loading=\"lazy\" width=\"720\" height=\"480\" src=\"https:\/\/notinor.com\/jujuy\/wp-content\/uploads\/2025\/12\/Sesion-1-7-720x480.jpg\" alt=\"\" class=\"wp-image-436561\" srcset=\"https:\/\/notinor.com\/jujuy\/wp-content\/uploads\/2025\/12\/Sesion-1-7-720x480.jpg 720w, https:\/\/notinor.com\/jujuy\/wp-content\/uploads\/2025\/12\/Sesion-1-7-548x365.jpg 548w, https:\/\/notinor.com\/jujuy\/wp-content\/uploads\/2025\/12\/Sesion-1-7-768x512.jpg 768w, https:\/\/notinor.com\/jujuy\/wp-content\/uploads\/2025\/12\/Sesion-1-7-1536x1024.jpg 1536w, https:\/\/notinor.com\/jujuy\/wp-content\/uploads\/2025\/12\/Sesion-1-7-2048x1365.jpg 2048w, https:\/\/notinor.com\/jujuy\/wp-content\/uploads\/2025\/12\/Sesion-1-7-750x500.jpg 750w, https:\/\/notinor.com\/jujuy\/wp-content\/uploads\/2025\/12\/Sesion-1-7-1140x760.jpg 1140w\" sizes=\"(max-width: 720px) 100vw, 720px\" \/><\/figure><\/div>\n\n\n<p>Finalizada la sesi\u00f3n, la concejal Melina Doguino destac\u00f3: \"La verdad que estoy muy contenta de estar acompa\u00f1ando a mi compa\u00f1era Keila Zequeiros, creo que se viene una etapa importante, donde la Izquierda va a representar a mucha juventud, a las mujeres, la educaci\u00f3n. Todos los reclamos van a estar fortalecidos, los que se expresan en las calles tambi\u00e9n van a estar representados\".<\/p>\n\n\n<div class=\"wp-block-image\">\n<figure class=\"aligncenter size-large\"><img decoding=\"async\" loading=\"lazy\" width=\"720\" height=\"480\" src=\"https:\/\/notinor.com\/jujuy\/wp-content\/uploads\/2025\/12\/Sesion-1-8-720x480.jpg\" alt=\"\" class=\"wp-image-436562\" srcset=\"https:\/\/notinor.com\/jujuy\/wp-content\/uploads\/2025\/12\/Sesion-1-8-720x480.jpg 720w, https:\/\/notinor.com\/jujuy\/wp-content\/uploads\/2025\/12\/Sesion-1-8-548x365.jpg 548w, https:\/\/notinor.com\/jujuy\/wp-content\/uploads\/2025\/12\/Sesion-1-8-768x512.jpg 768w, https:\/\/notinor.com\/jujuy\/wp-content\/uploads\/2025\/12\/Sesion-1-8-1536x1024.jpg 1536w, https:\/\/notinor.com\/jujuy\/wp-content\/uploads\/2025\/12\/Sesion-1-8-2048x1365.jpg 2048w, https:\/\/notinor.com\/jujuy\/wp-content\/uploads\/2025\/12\/Sesion-1-8-750x500.jpg 750w, https:\/\/notinor.com\/jujuy\/wp-content\/uploads\/2025\/12\/Sesion-1-8-1140x760.jpg 1140w\" sizes=\"(max-width: 720px) 100vw, 720px\" \/><\/figure><\/div>\n\n\n<p>Asimismo, la concejal avizor\u00f3 para su gesti\u00f3n \"continuar con la agenda del bloque, porque dentro de un mismo partido compartimos un proyecto que justamente lo fortalecemos, tanto ac\u00e1 en el Concejo como en la Legislatura\".<\/p>\n\n\n<div class=\"wp-block-image\">\n<figure class=\"aligncenter size-large\"><img decoding=\"async\" loading=\"lazy\" width=\"720\" height=\"480\" src=\"https:\/\/notinor.com\/jujuy\/wp-content\/uploads\/2025\/12\/Sesion-1-9-720x480.jpg\" alt=\"\" class=\"wp-image-436563\" srcset=\"https:\/\/notinor.com\/jujuy\/wp-content\/uploads\/2025\/12\/Sesion-1-9-720x480.jpg 720w, https:\/\/notinor.com\/jujuy\/wp-content\/uploads\/2025\/12\/Sesion-1-9-548x365.jpg 548w, https:\/\/notinor.com\/jujuy\/wp-content\/uploads\/2025\/12\/Sesion-1-9-768x512.jpg 768w, https:\/\/notinor.com\/jujuy\/wp-content\/uploads\/2025\/12\/Sesion-1-9-1536x1024.jpg 1536w, https:\/\/notinor.com\/jujuy\/wp-content\/uploads\/2025\/12\/Sesion-1-9-2048x1365.jpg 2048w, https:\/\/notinor.com\/jujuy\/wp-content\/uploads\/2025\/12\/Sesion-1-9-750x500.jpg 750w, https:\/\/notinor.com\/jujuy\/wp-content\/uploads\/2025\/12\/Sesion-1-9-1140x760.jpg 1140w\" sizes=\"(max-width: 720px) 100vw, 720px\" \/><\/figure><\/div>\n\n\n<p>Por \u00faltimo, Melina Doguino remarc\u00f3: \"Personalmente me interesa mucho lo que es la cultura y la educaci\u00f3n, as\u00ed que seguramente trabajar\u00e9 por ese lado\".<\/p>\n\n\n\n<p>Nota Audiovisual:\u00a0<a rel=\"noreferrer noopener\" href=\"https:\/\/youtu.be\/_5671XliF9M\" target=\"_blank\">https:\/\/youtu.be\/_5671XliF9M<\/a><\/p>\n","protected":false},"excerpt":{"rendered":"<p>En el marco de la segunda Sesi\u00f3n Especial del Concejo Deliberante de San Salvador de Jujuy, prest\u00f3 juramento como concejal Sol Melina de Lourdes Doguino, que reemplaza - por ser la primer suplente- en el cargo a Keila Zequeiros, que renunci\u00f3 a sus \u00faltimos dos a\u00f1os del per\u00edodo 2023-2027. La flamante concejal se incorpora al [&hellip;]<\/p>\n","protected":false},"author":5,"featured_media":436558,"comment_status":"open","ping_status":"open","sticky":false,"template":"","format":"standard","meta":{"_stopmodifiedupdate":false,"_modified_date":"","inline_featured_image":false,"spay_email":"","jetpack_publicize_message":""},"categories":[514],"tags":[],"jetpack_featured_media_url":"https:\/\/notinor.com\/jujuy\/wp-content\/uploads\/2025\/12\/Sesion-2-scaled.jpg","jetpack_publicize_connections":[],"_links":{"self":[{"href":"https:\/\/notinor.com\/jujuy\/wp-json\/wp\/v2\/posts\/436557"}],"collection":[{"href":"https:\/\/notinor.com\/jujuy\/wp-json\/wp\/v2\/posts"}],"about":[{"href":"https:\/\/notinor.com\/jujuy\/wp-json\/wp\/v2\/types\/post"}],"author":[{"embeddable":true,"href":"https:\/\/notinor.com\/jujuy\/wp-json\/wp\/v2\/users\/5"}],"replies":[{"embeddable":true,"href":"https:\/\/notinor.com\/jujuy\/wp-json\/wp\/v2\/comments?post=436557"}],"version-history":[{"count":1,"href":"https:\/\/notinor.com\/jujuy\/wp-json\/wp\/v2\/posts\/436557\/revisions"}],"predecessor-version":[{"id":436564,"href":"https:\/\/notinor.com\/jujuy\/wp-json\/wp\/v2\/posts\/436557\/revisions\/436564"}],"wp:featuredmedia":[{"embeddable":true,"href":"https:\/\/notinor.com\/jujuy\/wp-json\/wp\/v2\/media\/436558"}],"wp:attachment":[{"href":"https:\/\/notinor.com\/jujuy\/wp-json\/wp\/v2\/media?parent=436557"}],"wp:term":[{"taxonomy":"category","embeddable":true,"href":"https:\/\/notinor.com\/jujuy\/wp-json\/wp\/v2\/categories?post=436557"},{"taxonomy":"post_tag","embeddable":true,"href":"https:\/\/notinor.com\/jujuy\/wp-json\/wp\/v2\/tags?post=436557"}],"curies":[{"name":"wp","href":"https:\/\/api.w.org\/{rel}","templated":true}]}}