{"id":436531,"date":"2025-12-11T13:48:06","date_gmt":"2025-12-11T16:48:06","guid":{"rendered":"https:\/\/notinor.com\/jujuy\/?p=436531"},"modified":"2025-12-11T13:48:08","modified_gmt":"2025-12-11T16:48:08","slug":"continua-a-disposicion-la-vacunacion-frente-a-la-fiebre-amarilla","status":"publish","type":"post","link":"https:\/\/notinor.com\/jujuy\/continua-a-disposicion-la-vacunacion-frente-a-la-fiebre-amarilla\/","title":{"rendered":"Contin\u00faa a disposici\u00f3n la vacunaci\u00f3n frente a la fiebre amarilla"},"content":{"rendered":"\n<p class=\"has-medium-font-size\"><strong><em>La vacuna gratuita se aplica una vez en la vida y es fundamental para quienes viajan a zonas end\u00e9micas fuera del pa\u00eds.<\/em><\/strong><\/p>\n\n\n<div class=\"wp-block-image\">\n<figure class=\"aligncenter\"><img decoding=\"async\" src=\"https:\/\/media.prensa.jujuy.gob.ar\/p\/e4ce80a2e4bce737ff5fb831778f5f98\/adjuntos\/301\/imagenes\/000\/421\/0000421203\/1200x0\/smart\/1.jpg\" alt=\"Contin\u00faa a disposici\u00f3n la vacunaci\u00f3n frente a la fiebre amarilla\" title=\"Contin\u00faa a disposici\u00f3n la vacunaci\u00f3n frente a la fiebre amarilla\"\/><\/figure><\/div>\n\n\n<p>El Ministerio de Salud de Jujuy reitera a la poblaci\u00f3n que la vacunaci\u00f3n gratuita frente a fiebre amarilla se realiza de manera habitual y por demanda espont\u00e1nea en diferentes ciudades y localidades de la provincia, son stock asegurado de dosis, recordando que brinda protecci\u00f3n de por vida.<\/p>\n\n\n\n<p>Esta vacuna es requisito indispensable para el cuidado de quienes realizan viajes a zonas end\u00e9micas lo que incluye 33 pa\u00edses de \u00c1frica y zonas rurales y selv\u00e1ticas de Brasil, Bolivia, Ecuador, Paraguay, Per\u00fa, Colombia, Venezuela, Trinidad y Tobago, Guyana, Surinam y Guyana francesa. Una vez realizada la aplicaci\u00f3n se debe guardar el carnet que se entrega, de color amarillo, para futuros viajes.<\/p>\n\n\n\n<p>La fiebre amarilla es una enfermedad transmitida por un mosquito que tiene como reservorio a los monos y por eso debe contar con esta dosis toda persona que vive en regiones selv\u00e1ticas donde hay poblaci\u00f3n de estos animales, como es el caso de la provincia de Misiones. En provincias como Corrientes, Formosa, Salta y Jujuy corresponde esta vacuna solamente a quienes residen en algunos departamentos. En el caso de territorio juje\u00f1o la vacuna para fiebre amarilla se aplica por Calendario a quienes viven en San Pedro, Santa B\u00e1rbara, Libertador y la zona Yungas de Valle Grande.<\/p>\n\n\n\n<p>Adem\u00e1s, la vacunaci\u00f3n resulta fundamental para evitar la reintroducci\u00f3n de la enfermedad en nuestro pa\u00eds. La fiebre amarilla no tiene tratamiento m\u00e9dico especifico y puede ser grave, inclusive provocar la muerte.&nbsp;<\/p>\n\n\n\n<h3>Importante<\/h3>\n\n\n\n<p>La dosis se aplica a personas de todas las edades a partir de los 18 meses y hasta los 59 a\u00f1os, 11 meses y 29 d\u00edas, sin necesidad de dosis de refuerzo, preferentemente 10 d\u00edas antes de la fecha de viaje. En el caso de personas mayores de 60 a\u00f1os de edad se desaconseja la aplicaci\u00f3n de la dosis por posibilidad frecuente de efectos adversos graves, pudiendo solicitar en ocasi\u00f3n de viaje el certificado de exenci\u00f3n de la vacuna en efectores de salud.&nbsp;<\/p>\n\n\n\n<p>Los d\u00edas y horarios para la vacunaci\u00f3n se fijan para minimizar el desecho de este recurso, ya que la vacuna tiene presentaci\u00f3n multidosis y una vez abierto el frasco, tiene una duraci\u00f3n de 6 horas.&nbsp;<\/p>\n\n\n\n<h3>\u00bfD\u00f3nde se aplica la vacuna para fiebre amarilla?<\/h3>\n\n\n\n<p>En la presente temporada, la dosis podr\u00e1 solicitarse en los siguientes establecimientos de salud:&nbsp;<\/p>\n\n\n\n<p>\u2022 Hospital Wenceslao Gallardo \u2013 Palpal\u00e1: lunes de 8 a 13:30 horas&nbsp;<\/p>\n\n\n\n<p>\u2022 Centro de Especialidades Norte (CEN): martes de 9 a 15 horas&nbsp;<\/p>\n\n\n\n<p>\u2022 CEPAM: mi\u00e9rcoles de 10 a 16 horas&nbsp;<\/p>\n\n\n\n<p>\u2022 CES \u2013 Hospital Snopek \u2013 Alto Comedero: jueves de 10 a 16 horas&nbsp;<\/p>\n\n\n\n<p>\u2022 Hospital Pablo Soria: viernes de 10 a 16 horas&nbsp;<\/p>\n\n\n\n<p>\u2022 Hospital Nuestra Se\u00f1ora del Carmen \u2013 El Carmen: mi\u00e9rcoles de 10 a 16 horas&nbsp;<\/p>\n\n\n\n<p>\u2022 Hospital Dr. Arturo Zabala \u2013 Perico: mi\u00e9rcoles de 10 a 16 horas&nbsp;<\/p>\n\n\n\n<p>\u2022 Hospital San Isidro Labrador \u2013 Monterrico: mi\u00e9rcoles 7:30 a 17 horas&nbsp;<\/p>\n\n\n\n<p>\u2022 Hospital Dr. Guillermo Paterson \u2013 San Pedro&nbsp;<\/p>\n\n\n\n<p>\u2013 Lunes: CAPS Rode\u00edto de 8 a 14 horas&nbsp;<\/p>\n\n\n\n<p>\u2013 Martes: CAPS Providencia y San Juan de Dios de 8 a 14 horas&nbsp;<\/p>\n\n\n\n<p>\u2013 Mi\u00e9rcoles: CIC de 8 a 14 horas&nbsp;<\/p>\n\n\n\n<p>\u2013 Jueves: CAPS La Merced y El Acheral de 8 a 14 horas \u2013 CAPS Ej\u00e9rcito del Norte de 9 a 17 horas&nbsp;<\/p>\n\n\n\n<p>\u2013 Viernes: CAPS Patricios, San Cayetano, Belgrano Santa Rosa, Santa Clara y El Piquete de 8 a 14 horas \u2013 CAPS El Lobat\u00f3n y San Lucas de 8 a 13 horas&nbsp;<\/p>\n\n\n\n<p>\u2022 Hospital Nuestra Se\u00f1or de la Nueva Esperanza \u2013 La Esperanza: mi\u00e9rcoles de 8 a 14 horas&nbsp;<\/p>\n\n\n\n<p>\u2022 Hospital La Mendieta: mi\u00e9rcoles de 8 a 13 horas&nbsp;<\/p>\n\n\n\n<p>\u2022 Hospital Nuestra Se\u00f1ora del Pilar \u2013 El Talar: viernes de 8 a 16 horas&nbsp;<\/p>\n\n\n\n<p>\u2022 Hospital Nuestra Se\u00f1ora del Valle \u2013 Palma Sola: viernes de 7 a 17 horas&nbsp;<\/p>\n\n\n\n<p>\u2022 Hospital Dr. Oscar Or\u00edas \u2013 Libertador General San Mart\u00edn&nbsp;<\/p>\n\n\n\n<p>\u2013 Lunes: CAPS Carrillo de 8 a 14 horas&nbsp;<\/p>\n\n\n\n<p>\u2013 Martes: CAPS Eva Per\u00f3n y CIC La Loma de 8 a 14 horas&nbsp;<\/p>\n\n\n\n<p>\u2013 Mi\u00e9rcoles: CAPS Rivetti y Aredez de 8 a 14 horas&nbsp;<\/p>\n\n\n\n<p>\u2013 Jueves: CAPS Alvarado y Santa Rosa de 8 a 14 horas&nbsp;<\/p>\n\n\n\n<p>\u2013 Viernes: CAPS Campero de 8 a 14 horas&nbsp;<\/p>\n\n\n\n<p>\u2022 Hospital Presb\u00edtero Escol\u00e1stico Zegada \u2013 Fraile Pintado: martes de 8.30 a 18 horas&nbsp;<\/p>\n\n\n\n<p>\u2022 Hospital Calilegua: mi\u00e9rcoles de 8 a 16 horas&nbsp;<\/p>\n\n\n\n<p>\u2022 Hospital San Miguel \u2013 Yuto: viernes de 8 a 13 horas&nbsp;<\/p>\n\n\n\n<p>\u2022 Hospital Salvador Mazza \u2013 Tilcara: jueves de 8 a 17:30 horas&nbsp;<\/p>\n\n\n\n<p>\u2022 Hospital General Manuel Belgrano \u2013 Humahuaca: jueves de 8 a 17 horas&nbsp;<\/p>\n\n\n\n<p>\u2022 Hospital Dr. Jorge Uro \u2013 La Quiaca: martes y jueves de 8 a 12 horas<\/p>\n","protected":false},"excerpt":{"rendered":"<p>La vacuna gratuita se aplica una vez en la vida y es fundamental para quienes viajan a zonas end\u00e9micas fuera del pa\u00eds. El Ministerio de Salud de Jujuy reitera a la poblaci\u00f3n que la vacunaci\u00f3n gratuita frente a fiebre amarilla se realiza de manera habitual y por demanda espont\u00e1nea en diferentes ciudades y localidades de [&hellip;]<\/p>\n","protected":false},"author":5,"featured_media":436532,"comment_status":"open","ping_status":"open","sticky":false,"template":"","format":"standard","meta":{"_stopmodifiedupdate":false,"_modified_date":"","inline_featured_image":false,"spay_email":"","jetpack_publicize_message":""},"categories":[828],"tags":[],"jetpack_featured_media_url":"https:\/\/notinor.com\/jujuy\/wp-content\/uploads\/2025\/12\/VACUNA.jpg","jetpack_publicize_connections":[],"_links":{"self":[{"href":"https:\/\/notinor.com\/jujuy\/wp-json\/wp\/v2\/posts\/436531"}],"collection":[{"href":"https:\/\/notinor.com\/jujuy\/wp-json\/wp\/v2\/posts"}],"about":[{"href":"https:\/\/notinor.com\/jujuy\/wp-json\/wp\/v2\/types\/post"}],"author":[{"embeddable":true,"href":"https:\/\/notinor.com\/jujuy\/wp-json\/wp\/v2\/users\/5"}],"replies":[{"embeddable":true,"href":"https:\/\/notinor.com\/jujuy\/wp-json\/wp\/v2\/comments?post=436531"}],"version-history":[{"count":1,"href":"https:\/\/notinor.com\/jujuy\/wp-json\/wp\/v2\/posts\/436531\/revisions"}],"predecessor-version":[{"id":436533,"href":"https:\/\/notinor.com\/jujuy\/wp-json\/wp\/v2\/posts\/436531\/revisions\/436533"}],"wp:featuredmedia":[{"embeddable":true,"href":"https:\/\/notinor.com\/jujuy\/wp-json\/wp\/v2\/media\/436532"}],"wp:attachment":[{"href":"https:\/\/notinor.com\/jujuy\/wp-json\/wp\/v2\/media?parent=436531"}],"wp:term":[{"taxonomy":"category","embeddable":true,"href":"https:\/\/notinor.com\/jujuy\/wp-json\/wp\/v2\/categories?post=436531"},{"taxonomy":"post_tag","embeddable":true,"href":"https:\/\/notinor.com\/jujuy\/wp-json\/wp\/v2\/tags?post=436531"}],"curies":[{"name":"wp","href":"https:\/\/api.w.org\/{rel}","templated":true}]}}