{"id":436498,"date":"2025-12-10T12:57:52","date_gmt":"2025-12-10T15:57:52","guid":{"rendered":"https:\/\/notinor.com\/jujuy\/?p=436498"},"modified":"2025-12-10T12:57:54","modified_gmt":"2025-12-10T15:57:54","slug":"la-reforma-laboral-desafia-a-sindicatos-puntos-mas-calientes-y-cambios-que-busca-frenar-la-cgt","status":"publish","type":"post","link":"https:\/\/notinor.com\/jujuy\/la-reforma-laboral-desafia-a-sindicatos-puntos-mas-calientes-y-cambios-que-busca-frenar-la-cgt\/","title":{"rendered":"La reforma laboral desaf\u00eda a sindicatos: puntos m\u00e1s calientes y cambios que busca frenar la CGT"},"content":{"rendered":"\n<p class=\"has-medium-font-size\"><strong><em>Los sindicatos pulsean para amortiguar dos cl\u00e1usulas de la reforma laboral: prelaci\u00f3n del convenio colectivo por empresa y ca\u00edda de ultraactividad<\/em><\/strong>.<\/p>\n\n\n<div class=\"wp-block-image\">\n<figure class=\"aligncenter size-full\"><img decoding=\"async\" loading=\"lazy\" width=\"800\" height=\"421\" src=\"https:\/\/notinor.com\/jujuy\/wp-content\/uploads\/2025\/12\/REFORMA.jpg\" alt=\"\" class=\"wp-image-436499\" srcset=\"https:\/\/notinor.com\/jujuy\/wp-content\/uploads\/2025\/12\/REFORMA.jpg 800w, https:\/\/notinor.com\/jujuy\/wp-content\/uploads\/2025\/12\/REFORMA-660x347.jpg 660w, https:\/\/notinor.com\/jujuy\/wp-content\/uploads\/2025\/12\/REFORMA-768x404.jpg 768w, https:\/\/notinor.com\/jujuy\/wp-content\/uploads\/2025\/12\/REFORMA-750x395.jpg 750w\" sizes=\"(max-width: 800px) 100vw, 800px\" \/><\/figure><\/div>\n\n\n<p>El proyecto oficial de <strong>Ley de Modernizaci\u00f3n Laboral<\/strong>\u00a0otorga\u00a0<strong>prioridad al convenio colectivo por empresa sobre el de actividad<\/strong>, aunque no se sabr\u00e1 hasta ver el texto escrito el verdadero alcance de esta norma en el poder de los sindicatos.<\/p>\n\n\n\n<p>Por otra parte, el Gobierno establece en la reforma laboral la ca\u00edda de los <strong>convenios ultraactivos<\/strong>, o sea, los que siguen firmes porque los sindicatos se niegan a sentarse a discutirlos. Ahora,\u00a0<strong>sus cl\u00e1usulas caer\u00e1n con fecha fija<\/strong>, salvo algunas, como las referidas al salario.<\/p>\n\n\n\n<p><strong>C\u00f3mo cambian las convenciones colectivas<\/strong><\/p>\n\n\n\n<p>El anteproyecto de reforma laboral prev\u00e9 los <strong>convenios colectivo<\/strong>s de empresa\u00a0o de grupo de empresas, y les da<strong>\u00a0prevalencia sobre los del sindicato<\/strong>.<\/p>\n\n\n\n<p>Afirma que los convenios colectivos de \u00e1mbito mayor no podr\u00e1n modificar ni disponer el contenido de los convenios de \u00e1mbito menor.&nbsp;Un convenio de \u00e1mbito menor, prevalece, dentro de su \u00e1mbito de representaci\u00f3n personal y territorial, frente a otro convenio de \u00e1mbito mayor, anterior o posterior.<\/p>\n\n\n\n<p>Sin embargo, la trampa con esto que los <strong>sindicatos de la CGT  <\/strong>intentan negociar contra reloj a trav\u00e9s del asesor presidencial Santiago Caputo es que estos convenios de \u00e1mbito menor tambi\u00e9n\u00a0<strong>tengan que ser negociados por el sindicato \u00fanico de actividad<\/strong>.<\/p>\n\n\n\n<p>El ministro de Desregulaci\u00f3n, Federico&nbsp;<strong>Sturzenegger, se opone a este cambio de \u00faltimo momento<\/strong>&nbsp;y defiende la libertad plena de las empresas para negociar un convenio propio con los delegados.<\/p>\n\n\n\n<p><strong>Qu\u00e9 pasa con los convenios ultraactivos<\/strong><\/p>\n\n\n\n<p>La reforma laboral que el Gobierno presentar\u00e1 busca&nbsp;<strong>eliminar la ultraactividad autom\u00e1tica&nbsp;<\/strong>de los convenios colectivos de trabajo.<\/p>\n\n\n\n<p>La ultraactividad es el principio que garantiza que un convenio colectivo siga plenamente vigente (aplicando todas sus cl\u00e1usulas) incluso despu\u00e9s de su fecha de vencimiento, hasta que se firme un nuevo acuerdo que lo reemplace.<\/p>\n\n\n\n<p>El proyecto de reforma laboral restringe este principio de la siguiente manera:<\/p>\n\n\n\n<ul>\n<li><strong>Una vez vencido el plazo de un Convenio Colectivo<\/strong>, solo se mantendr\u00e1n vigentes las cl\u00e1usulas normativas (las que se refieren a las condiciones de trabajo, como salarios y jornada).<\/li>\n\n\n\n<li><strong>Se extinguir\u00edan las cl\u00e1usulas obligacionales<\/strong>&nbsp;(las que regulan la relaci\u00f3n entre el sindicato y la parte empleadora, como los aportes a la organizaci\u00f3n sindical), salvo que las partes acuerden expresamente mantenerlas.<\/li>\n<\/ul>\n\n\n\n<p><strong>Qu\u00e9 otras normas afectan a los sindicatos<\/strong><\/p>\n\n\n\n<p>Aunque hay negociaciones con la CGT, se incluir\u00edan en el proyecto de reforma laboral los siguientes puntos:<\/p>\n\n\n\n<h3>Ley de asociaciones sindicales<\/h3>\n\n\n\n<p>Contra la centralidad que sostiene a una CGT \u00fanica y sindicatos \u00fanicos por actividad,<strong>&nbsp;cualquier asociaci\u00f3n, a partir de su inscripci\u00f3n, adquirir\u00e1 personer\u00eda jur\u00eddica<\/strong>, seg\u00fan el proyecto oficial.<\/p>\n\n\n\n<p>Cuando la asociaci\u00f3n sindical de trabajadores con personer\u00eda gremial invista la forma de uni\u00f3n, asociaci\u00f3n o sindicato de actividad, y una entidad hubiera adoptado la forma de&nbsp;<strong>sindicato de oficio, profesi\u00f3n o categor\u00eda<\/strong>, se le podr\u00e1 conceder la personer\u00eda.<\/p>\n\n\n\n<h3>Aportes a los sindicatos<\/h3>\n\n\n\n<p>Los empleadores podr\u00e1n actuar como agentes de retenci\u00f3n de los importes que, en concepto de cuotas de afiliaci\u00f3n, deban abonar los trabajadores afiliados a asociaciones sindicales con personer\u00eda gremial, siempre que medie conformidad expresa del trabajador y acuerdo entre las partes. Pero&nbsp;<strong>ya no est\u00e1n obligados<\/strong>.<\/p>\n\n\n\n<p>Incluso, se deber\u00e1 contar autorizaci\u00f3n de la Secretar\u00eda de Trabajo para acordar que la empresa retenga aportes sindicales.<\/p>\n\n\n\n<p>Sin embargo, est\u00e1 en la cuerda floja qu\u00e9 pasar\u00e1 con las&nbsp;<strong>cuotas solidarias obligatorias para los no afiliados<\/strong>&nbsp;a los sindicatos. Sturzenegger insiste en prohibirlas, como hizo el Decreto 70\/2023, que qued\u00f3 invalidado por la Justicia, pero la CGT pretende negociar con Santiago Caputo que no se incluya esta cl\u00e1usula en la reforma laboral.<\/p>\n\n\n\n<p>De esta manera, la reforma laboral apunta a dar prelaci\u00f3n al convenio de empresa o \u00e1mbito inferior, al de actividad negociado por el sindicato de actividad, y tambi\u00e9n a hacer caer los convenios ultraactivos.<\/p>\n","protected":false},"excerpt":{"rendered":"<p>Los sindicatos pulsean para amortiguar dos cl\u00e1usulas de la reforma laboral: prelaci\u00f3n del convenio colectivo por empresa y ca\u00edda de ultraactividad. El proyecto oficial de Ley de Modernizaci\u00f3n Laboral\u00a0otorga\u00a0prioridad al convenio colectivo por empresa sobre el de actividad, aunque no se sabr\u00e1 hasta ver el texto escrito el verdadero alcance de esta norma en el [&hellip;]<\/p>\n","protected":false},"author":5,"featured_media":436499,"comment_status":"open","ping_status":"open","sticky":false,"template":"","format":"standard","meta":{"_stopmodifiedupdate":false,"_modified_date":"","inline_featured_image":false,"spay_email":"","jetpack_publicize_message":""},"categories":[676],"tags":[],"jetpack_featured_media_url":"https:\/\/notinor.com\/jujuy\/wp-content\/uploads\/2025\/12\/REFORMA.jpg","jetpack_publicize_connections":[],"_links":{"self":[{"href":"https:\/\/notinor.com\/jujuy\/wp-json\/wp\/v2\/posts\/436498"}],"collection":[{"href":"https:\/\/notinor.com\/jujuy\/wp-json\/wp\/v2\/posts"}],"about":[{"href":"https:\/\/notinor.com\/jujuy\/wp-json\/wp\/v2\/types\/post"}],"author":[{"embeddable":true,"href":"https:\/\/notinor.com\/jujuy\/wp-json\/wp\/v2\/users\/5"}],"replies":[{"embeddable":true,"href":"https:\/\/notinor.com\/jujuy\/wp-json\/wp\/v2\/comments?post=436498"}],"version-history":[{"count":1,"href":"https:\/\/notinor.com\/jujuy\/wp-json\/wp\/v2\/posts\/436498\/revisions"}],"predecessor-version":[{"id":436500,"href":"https:\/\/notinor.com\/jujuy\/wp-json\/wp\/v2\/posts\/436498\/revisions\/436500"}],"wp:featuredmedia":[{"embeddable":true,"href":"https:\/\/notinor.com\/jujuy\/wp-json\/wp\/v2\/media\/436499"}],"wp:attachment":[{"href":"https:\/\/notinor.com\/jujuy\/wp-json\/wp\/v2\/media?parent=436498"}],"wp:term":[{"taxonomy":"category","embeddable":true,"href":"https:\/\/notinor.com\/jujuy\/wp-json\/wp\/v2\/categories?post=436498"},{"taxonomy":"post_tag","embeddable":true,"href":"https:\/\/notinor.com\/jujuy\/wp-json\/wp\/v2\/tags?post=436498"}],"curies":[{"name":"wp","href":"https:\/\/api.w.org\/{rel}","templated":true}]}}