{"id":436446,"date":"2025-12-09T13:18:23","date_gmt":"2025-12-09T16:18:23","guid":{"rendered":"https:\/\/notinor.com\/jujuy\/?p=436446"},"modified":"2025-12-09T13:18:25","modified_gmt":"2025-12-09T16:18:25","slug":"el-gobierno-anuncio-una-nueva-baja-de-retenciones-a-las-exportaciones-de-granos","status":"publish","type":"post","link":"https:\/\/notinor.com\/jujuy\/el-gobierno-anuncio-una-nueva-baja-de-retenciones-a-las-exportaciones-de-granos\/","title":{"rendered":"El Gobierno anunci\u00f3 una nueva baja de retenciones a las exportaciones de granos"},"content":{"rendered":"\n<p class=\"has-medium-font-size\"><strong><em>Luis Caputo confirm\u00f3 una reducci\u00f3n permanente en los derechos de exportaci\u00f3n para soja, trigo, ma\u00edz y otros productos del campo. La medida busca aliviar la carga fiscal y mejorar la competitividad del sect<\/em><\/strong>or<\/p>\n\n\n\n<p class=\"has-text-align-center\"><img decoding=\"async\" loading=\"lazy\" height=\"533\" width=\"800\" src=\"https:\/\/www.infobae.com\/resizer\/v2\/3DBDGC2EDBKDZZ3EGUTPRG6LOE.jpg?auth=df6b8a8d34b91ac352266c6b9c2f3b4e82d09341a1b3bb55a3eaa5a4ffe0374a&amp;smart=true&amp;width=350&amp;height=233&amp;quality=85\" alt=\"El recorte en los derechos\">El recorte en los derechos de exportaci\u00f3n abarca soja, trigo, ma\u00edz, girasol y subproductos (Reuters)<\/p>\n\n\n\n<p>El ministro de Econom\u00eda,\u00a0<strong>Luis Caputo<\/strong>, anunci\u00f3 una nueva reducci\u00f3n en las retenciones a las exportaciones para diversas cadenas de producci\u00f3n agropecuaria. A partir de esta decisi\u00f3n, la al\u00edcuota para la soja baja de 26% a 24%, para los subproductos de soja de 24,5% a 22,5%, para trigo y cebada de 9,5% a 7,5%, para ma\u00edz y sorgo de 9,5% a 8,5%, y para girasol de 5,5% a 4,5 por ciento.<\/p>\n\n\n\n<p>Seg\u00fan Caputo, esta baja de impuestos forma parte de la prioridad del Gobierno de eliminar las retenciones en la medida que las condiciones macroecon\u00f3micas lo permitan. El funcionario se\u00f1al\u00f3 que el objetivo es mejorar la competitividad de la agroindustria y reforzar el rol del campo como motor de la econom\u00eda argentina, responsable de cerca del 60% de las exportaciones nacionales.<\/p>\n\n\n\n<p>El Ministro destac\u00f3 que \u201celiminar las retenciones ha sido siempre una prioridad para el Presidente&nbsp;<strong>Javier Milei<\/strong>\u201d. Adem\u00e1s, subray\u00f3 que \u201cseguiremos haciendo todo lo posible por alcanzar este objetivo lo antes posible\u201d. Caputo precis\u00f3 que el proceso depende de las condiciones de la econom\u00eda:&nbsp;<strong>\u201cYa hemos dado muchos avances concretos en esta direcci\u00f3n y seguiremos haci\u00e9ndolo, en la medida que las condiciones macroecon\u00f3micas as\u00ed lo permitan\u201d<\/strong>.<\/p>\n\n\n\n<p>El anuncio oficial especific\u00f3 los nuevos niveles de retenciones:&nbsp;<strong>\u201cA partir de esta decisi\u00f3n, las al\u00edcuotas se reducir\u00e1n de la siguiente manera: Soja: de 26% a 24%, Subproductos de soja: de 24,5% a 22,5%, Trigo y cebada: de 9,5% a 7,5%, Ma\u00edz y sorgo: de 9,5% a 8,5%, Girasol: de 5,5% a 4,5%\u201d<\/strong>. El Ministro detall\u00f3 cada caso en el mensaje publicado este lunes y enfatiz\u00f3 que el cambio es de car\u00e1cter permanente.<\/p>\n\n\n\n<p><strong>Caputo<\/strong>&nbsp;puso el foco en el impacto que el r\u00e9gimen de retenciones tiene sobre el sector agroindustrial, al mencionar que la baja \u201cbusca mejorar la competitividad de la agroindustria, uno de los motores m\u00e1s potentes de la econom\u00eda argentina y responsable de cerca del 60% de nuestras exportaciones\u201d. Con este argumento, el ministro justific\u00f3 la reducci\u00f3n fiscal como un camino para impulsar la producci\u00f3n nacional.<\/p>\n\n\n\n<p class=\"has-text-align-center\"><a rel=\"noreferrer noopener\" href=\"https:\/\/www.infobae.com\/economia\/2025\/12\/08\/un-apostador-gano-8800-millones-en-el-quini-6-cuanto-le-va-a-sacar-arca-por-impuestos\/\" target=\"_blank\"><\/a><img decoding=\"async\" loading=\"lazy\" height=\"1659\" width=\"2489\" src=\"https:\/\/www.infobae.com\/resizer\/v2\/FLHYI55GLBFLDCG4FW6UQG2PNE.JPG?auth=4e2d5c7e171f5ef6d3ecd4ed75ba93072a6c88ba8bc207e227939c84e715aee6&amp;smart=true&amp;width=350&amp;height=233&amp;quality=85\" alt=\"El ministro de Econom\u00eda, Luis\">El ministro de Econom\u00eda, Luis Caputo, comunic\u00f3 la reducci\u00f3n de retenciones a las exportaciones agropecuarias para incentivar la producci\u00f3n y fortalecer las ventas externas (Reuters)<\/p>\n\n\n\n<p>El mensaje oficial del ministro de Econom\u00eda incluy\u00f3 una definici\u00f3n sobre el rol del campo en la actualidad econ\u00f3mica del pa\u00eds.&nbsp;<strong>\u201cDe esta manera, reafirmamos nuestra convicci\u00f3n de que el campo argentino seguir\u00e1 creciendo, generando empleo, impulsando el desarrollo en cada regi\u00f3n del pa\u00eds y fortaleciendo la presencia de la Argentina en los mercados del mundo\u201d<\/strong>, expres\u00f3. La publicaci\u00f3n estuvo acompa\u00f1ada por \u00edconos de la bandera nacional y fue compartida por cuentas oficiales del Gobierno.<\/p>\n\n\n\n<p><strong>Caputo<\/strong>&nbsp;insisti\u00f3 en la l\u00ednea pol\u00edtica y econ\u00f3mica del nuevo Gobierno:&nbsp;<strong>\u201cEl camino es claro: menos impuestos, m\u00e1s producci\u00f3n, m\u00e1s oportunidades y trabajo para todos los argentinos\u201d<\/strong>. De esta manera, el titular de Econom\u00eda reiter\u00f3 el objetivo de reducir la presi\u00f3n fiscal sobre el sector productivo y su intenci\u00f3n de alcanzar una eliminaci\u00f3n total de las retenciones si la macroeconom\u00eda lo permite.<\/p>\n\n\n\n<p>La C\u00e1mara de la Industria Aceitera-Centro de Exportadores de Cereales (Ciara-CEC) celebr\u00f3 la decisi\u00f3n: \u201cEsta decisi\u00f3n de baja de retenciones es un paso muy positivo que debemos valorar. Habr\u00e1 que seguir trabajando en bajar la enorme carga tributaria, especialmente en el complejo agroindustrial de la soja\u201d.<\/p>\n\n\n\n<p>\u201cUn paso importante para devolverle al campo su potencia. Menos impuestos es igual a m\u00e1s inversi\u00f3n, m\u00e1s empleo y m\u00e1s exportaciones. As\u00ed se reactiva la Argentina\u201d, dijo por su parte&nbsp;<strong>Marcos Pereda Born<\/strong>, vicepresidente de la Sociedad Rural Argentina (SRA).<\/p>\n\n\n\n<p>Los festejos abundaron: \u201cEl Consejo Agroindustrial Argentino celebra y destaca la decisi\u00f3n anunciada por el ministro Luis Caputo reduciendo los derechos de exportaci\u00f3n a las cadenas de granos y subproductos. El camino del alivio fiscal es el correcto para que la agroindustria genere m\u00e1s exportaciones, empleo y divisas\u201d.<\/p>\n\n\n\n<p>La reducci\u00f3n de retenciones a las exportaciones figura entre las demandas hist\u00f3ricas de las entidades representativas del sector agropecuario.&nbsp;<strong>Caputo<\/strong>&nbsp;no hizo referencia a los pr\u00f3ximos pasos administrativos, pero justific\u00f3 la medida como parte de la estrategia oficial para dinamizar la actividad econ\u00f3mica y el flujo de divisas.<\/p>\n\n\n\n<p>La decisi\u00f3n del Gobierno se conoci\u00f3 horas despu\u00e9s de que distintos representantes del sector solicitaran mayor previsibilidad y reducci\u00f3n de la presi\u00f3n fiscal en reuniones con funcionarios nacionales. Si bien&nbsp;<strong>Caputo<\/strong>&nbsp;no incluy\u00f3 referencias a esos encuentros, s\u00ed remarc\u00f3:&nbsp;<strong>\u201cEl campo argentino seguir\u00e1 creciendo, generando empleo, impulsando el desarrollo\u2026 y fortaleciendo la presencia de la Argentina en los mercados del mundo\u201d<\/strong>.<\/p>\n\n\n\n<p>El ministro asoci\u00f3 la pol\u00edtica de reducci\u00f3n de retenciones con el plan m\u00e1s general del Gobierno, que plantea disminuir la carga impositiva como motor de la recuperaci\u00f3n de la econom\u00eda argentina.<\/p>\n\n\n\n<p>Fuente Infobae<\/p>\n","protected":false},"excerpt":{"rendered":"<p>Luis Caputo confirm\u00f3 una reducci\u00f3n permanente en los derechos de exportaci\u00f3n para soja, trigo, ma\u00edz y otros productos del campo. La medida busca aliviar la carga fiscal y mejorar la competitividad del sector El recorte en los derechos de exportaci\u00f3n abarca soja, trigo, ma\u00edz, girasol y subproductos (Reuters) El ministro de Econom\u00eda,\u00a0Luis Caputo, anunci\u00f3 una [&hellip;]<\/p>\n","protected":false},"author":5,"featured_media":436447,"comment_status":"open","ping_status":"open","sticky":false,"template":"","format":"standard","meta":{"_stopmodifiedupdate":false,"_modified_date":"","inline_featured_image":false,"spay_email":"","jetpack_publicize_message":""},"categories":[2542],"tags":[],"jetpack_featured_media_url":"https:\/\/notinor.com\/jujuy\/wp-content\/uploads\/2025\/12\/GRANOS.jpg","jetpack_publicize_connections":[],"_links":{"self":[{"href":"https:\/\/notinor.com\/jujuy\/wp-json\/wp\/v2\/posts\/436446"}],"collection":[{"href":"https:\/\/notinor.com\/jujuy\/wp-json\/wp\/v2\/posts"}],"about":[{"href":"https:\/\/notinor.com\/jujuy\/wp-json\/wp\/v2\/types\/post"}],"author":[{"embeddable":true,"href":"https:\/\/notinor.com\/jujuy\/wp-json\/wp\/v2\/users\/5"}],"replies":[{"embeddable":true,"href":"https:\/\/notinor.com\/jujuy\/wp-json\/wp\/v2\/comments?post=436446"}],"version-history":[{"count":1,"href":"https:\/\/notinor.com\/jujuy\/wp-json\/wp\/v2\/posts\/436446\/revisions"}],"predecessor-version":[{"id":436448,"href":"https:\/\/notinor.com\/jujuy\/wp-json\/wp\/v2\/posts\/436446\/revisions\/436448"}],"wp:featuredmedia":[{"embeddable":true,"href":"https:\/\/notinor.com\/jujuy\/wp-json\/wp\/v2\/media\/436447"}],"wp:attachment":[{"href":"https:\/\/notinor.com\/jujuy\/wp-json\/wp\/v2\/media?parent=436446"}],"wp:term":[{"taxonomy":"category","embeddable":true,"href":"https:\/\/notinor.com\/jujuy\/wp-json\/wp\/v2\/categories?post=436446"},{"taxonomy":"post_tag","embeddable":true,"href":"https:\/\/notinor.com\/jujuy\/wp-json\/wp\/v2\/tags?post=436446"}],"curies":[{"name":"wp","href":"https:\/\/api.w.org\/{rel}","templated":true}]}}