{"id":436440,"date":"2025-12-09T13:00:25","date_gmt":"2025-12-09T16:00:25","guid":{"rendered":"https:\/\/notinor.com\/jujuy\/?p=436440"},"modified":"2025-12-09T13:00:27","modified_gmt":"2025-12-09T16:00:27","slug":"signos-de-ruptura-de-la-cgt-con-el-gobierno-se-ausenta-del-consejo-de-mayo-y-analizara-el-jueves-un-plan-de-accion","status":"publish","type":"post","link":"https:\/\/notinor.com\/jujuy\/signos-de-ruptura-de-la-cgt-con-el-gobierno-se-ausenta-del-consejo-de-mayo-y-analizara-el-jueves-un-plan-de-accion\/","title":{"rendered":"Signos de ruptura de la CGT con el Gobierno: se ausenta del Consejo de Mayo y analizar\u00e1 el jueves un plan de acci\u00f3n"},"content":{"rendered":"\n<p class=\"has-medium-font-size\"><strong><em>Los l\u00edderes cegetistas se enteraron de que el ala dura del Gobierno logr\u00f3 endurecer la reforma laboral y se preparan para pelear contra el proyecto oficial. Gerardo Mart\u00ednez no ir\u00e1 a la Casa Rosada<\/em><\/strong><\/p>\n\n\n\n<p class=\"has-text-align-center\"><img decoding=\"async\" loading=\"lazy\" height=\"1280\" width=\"1920\" src=\"https:\/\/www.infobae.com\/resizer\/v2\/CXZXNG5B7ZHP7EKVZ6B4GEPGJU.jpg?auth=974115d2e0f14773b99575ea1fa822b5bbc2580a6aac1dd52888dc2625d84fb9&amp;smart=true&amp;width=350&amp;height=233&amp;quality=85\" alt=\"Jaime OlivosOctavio Arg\u00fcello, Jorge Sola,\">Jaime OlivosOctavio Arg\u00fcello, Jorge Sola, Cristian Jer\u00f3nimo y Gerardo Mart\u00ednez, en el congreso de la CGT<\/p>\n\n\n\n<p>La&nbsp;<strong>CGT&nbsp;<\/strong>ya se prepara para la pelea contra la reforma laboral.&nbsp;<strong>Gerardo Mart\u00ednez<\/strong>&nbsp;(UOCRA)&nbsp;<strong>no ir\u00e1&nbsp;<\/strong>este martes a la Casa Rosada al \u00faltimo encuentro del Consejo de Mayo y la conducci\u00f3n cegetista convoc\u00f3 para este jueves a su Consejo Directivo con un punto destacado en la agenda:&nbsp;<strong>\u201cAnalizar un plan de acci\u00f3n\u201d.<\/strong><\/p>\n\n\n\n<p>El endurecimiento sindical se aceler\u00f3 luego de que los l\u00edderes de la CGT se enteraron de que&nbsp;<strong>el ala dura del Gobierno le gan\u00f3 la pulseada al sector pol\u00edtico<\/strong>&nbsp;y logr\u00f3 imponer la versi\u00f3n m\u00e1s dura de los cambios laborales, con<strong>&nbsp;la restituci\u00f3n al proyecto oficial del art\u00edculo que limita las cuotas solidarias y afecta el financiamiento de los gremios.<\/strong><\/p>\n\n\n\n<p>Sin embargo, en la Casa Rosada aseguraron lo contrario: una alta fuente oficial dijo a&nbsp;<strong>Infobae&nbsp;<\/strong>que el art\u00edculo que m\u00e1s rechaza la CGT<strong>&nbsp;no formar\u00e1 parte<\/strong>&nbsp;de la iniciativa y \u201cquedar\u00e1 para m\u00e1s adelante\u201d. \u201cS\u00f3lo incluir\u00e1 lo relativo a la generaci\u00f3n de empleo\u201d, agreg\u00f3.<\/p>\n\n\n\n<p class=\"has-text-align-center\"><a rel=\"noreferrer noopener\" href=\"https:\/\/www.infobae.com\/politica\/2025\/12\/09\/donald-trump-se-atribuyo-el-triunfo-de-javier-milei-en-las-elecciones-legislativas-lo-respalde-y-gano-de-una-manera-aplastante\/\" target=\"_blank\"><\/a><img decoding=\"async\" loading=\"lazy\" height=\"1061\" width=\"1591\" src=\"https:\/\/www.infobae.com\/resizer\/v2\/HMNXLELTANCHHBWK4LM2JLV5L4.jpeg?auth=f013b64615ff37922c6cab6df4f3d9a897c4059c1a2f6283ae54f2b56669c811&amp;smart=true&amp;width=350&amp;height=233&amp;quality=85\" alt=\"La \u00faltima reuni\u00f3n del Consejo\">La \u00faltima reuni\u00f3n del Consejo de Mayo, el 26 de noviembre, con la presencia de la CGT<\/p>\n\n\n\n<p>Sea como fuere, la CGT puso en marcha sus mecanismos para volver a la protesta a partir de la convicci\u00f3n de que<strong>&nbsp;\u201cgan\u00f3 Sturzenegger, que es la voz ideol\u00f3gica antisindical dentro del Gobierno\u201d,<\/strong>&nbsp;como se\u00f1al\u00f3 un directivo cegetista. Aun as\u00ed, el mismo dirigente admiti\u00f3 que&nbsp;<strong>\u201cahora queda intentar el di\u00e1logo con el sector pol\u00edtico del Gobierno\u201d.<\/strong><\/p>\n\n\n\n<p><strong>\u201cLas charlas se iniciaron con Santiago (Caputo) y seguiremos explorando con el otro sector de los \u2018Karina Boys\u2019\u201d<\/strong>, afirm\u00f3 sindicalista consultado en alusi\u00f3n al contacto iniciado por&nbsp;<strong>Gerardo Mart\u00ednez&nbsp;<\/strong>con el asesor presidencial y luego con el titular de la C\u00e1mara de Diputados,&nbsp;<strong>Mart\u00edn Menem,&nbsp;<\/strong>y el subsecretario de Gesti\u00f3n Institucional de la Secretar\u00eda General de la Presidencia,&nbsp;<strong>Eduardo \u201cLule\u201d Menem.<\/strong><\/p>\n\n\n\n<p>Como anticip\u00f3 Infobae, hace 72 horas, el Gobierno hab\u00eda decidido\u00a0<strong>eliminar\u00a0<\/strong>varios art\u00edculos de la reforma laboral para\u00a0<strong>acercarse a la CGT.\u00a0<\/strong>Pero este fin de semana, presiones internas hicieron que se discutiera otra vez la inclusi\u00f3n de uno de ellos,<strong>\u00a0la limitaci\u00f3n de las cuotas solidarias,\u00a0<\/strong>que es el m\u00e1s importante para el poder sindical porque tiene que ver con la forma en que se financian hoy los gremios.<\/p>\n\n\n\n<p class=\"has-text-align-center\"><img decoding=\"async\" loading=\"lazy\" height=\"1080\" width=\"1920\" src=\"https:\/\/www.infobae.com\/resizer\/v2\/DRD556MUAZCS5CQ2FETQW3UUIU.jpg?auth=91192445747bd75290996ddbdbd61bbeab754db1b2d9e11138d18c978525bad6&amp;smart=true&amp;width=350&amp;height=197&amp;quality=85\" alt=\"\nPatricia Bullrich y Federico Sturzenegger\">Patricia Bullrich y Federico Sturzenegger<\/p>\n\n\n\n<p>En esta tarde del lunes el tema&nbsp;<strong>a\u00fan estuvo en debate&nbsp;<\/strong>entre los m\u00e1ximos referentes libertarios y creci\u00f3 la incertidumbre porque el proyecto de reforma laboral iba a tratarse este mediod\u00eda en el&nbsp;<strong>Consejo de Mayo<\/strong>&nbsp;y luego se iba a presentar en sociedad antes de su elevaci\u00f3n al Congreso para que se trate en el per\u00edodo de sesiones extraordinarias.<\/p>\n\n\n\n<p>El primer indicio concreto de malestar de la CGT fue que&nbsp;<strong>Gerardo Mart\u00ednez decidi\u00f3 no concurrir a la reuni\u00f3n de este martes del Consejo de Mayo,<\/strong>&nbsp;prevista para las 13.30 en la Casa Rosada, que ser\u00e1 encabezada por el jefe de Gabinete,&nbsp;<strong>Manuel Adorni.<\/strong><\/p>\n\n\n\n<p>El l\u00edder de la UOCRA particip\u00f3 del encuentro del Consejo realizado el 26 de noviembre, cuando ya se sab\u00eda que la reforma laboral iba a ser m\u00e1s dura de lo previsto inicialmente.\u00a0<strong>\u201cNosotros hablamos de una modernizaci\u00f3n laboral que atienda sin perder derechos\u201d<\/strong>, dijo Mart\u00ednez al periodismo. Ante la consulta sobre si su pedido est\u00e1 contemplado en el borrador oficial, respondi\u00f3 tajante:\u00a0<strong>\u201cVeremos\u201d.<\/strong><\/p>\n\n\n\n<p class=\"has-text-align-center\"><img decoding=\"async\" loading=\"lazy\" height=\"1080\" width=\"1920\" src=\"https:\/\/www.infobae.com\/resizer\/v2\/J4S7XKDZ7RC27H7YJRFDXU4SE4.jpg?auth=7c7b64f77314d369df86a2cd4b34e0d5ae87dd53b225e389f319982d345386fb&amp;smart=true&amp;width=350&amp;height=197&amp;quality=85\" alt=\"Gerardo Mart\u00ednez: \u201cNosotros hablamos de\">Gerardo Mart\u00ednez: \u201cNosotros hablamos de una modernizaci\u00f3n laboral que atienda sin perder derechos\u201d<\/p>\n\n\n\n<p>El viernes pasado, sin embargo, se conoci\u00f3 la \u00faltima versi\u00f3n de la reforma laboral y all\u00ed&nbsp;<strong>no figuraban&nbsp;<\/strong>algunos de los puntos que rechazaba la CGT, como<strong>&nbsp;la limitaci\u00f3n de las cuotas solidarias,<\/strong>&nbsp;que iba a poner en riesgo el financiamiento de los sindicatos y era una propuesta defendida por&nbsp;<strong>Sturzenegger.<\/strong><\/p>\n\n\n\n<p>Las cuotas solidarias son el recurso clave para el&nbsp;<strong>financiamiento&nbsp;<\/strong>de los sindicatos a trav\u00e9s de los&nbsp;<strong>descuentos compulsivos&nbsp;<\/strong>a todos los trabajadores de una actividad,&nbsp;<strong>sean o no afiliados,&nbsp;<\/strong>de una suma pactada con los empresarios dentro de los convenios colectivos de trabajo. Para el ministro de Desregulaci\u00f3n, son&nbsp;<strong>\u201cpeajes sindicales\u201d&nbsp;<\/strong>y por eso justific\u00f3 la incorporaci\u00f3n de un art\u00edculo (id\u00e9ntico al del DNU 70) que condicionaba el pago de esos aportes al<strong>&nbsp;consentimiento expl\u00edcito&nbsp;<\/strong>de los trabajadores, algo que rechaza la CGT porque&nbsp;<strong>complicar\u00eda&nbsp;<\/strong>el pago de ese decisivo \u00edtem a los sindicatos.<\/p>\n\n\n\n<p>La\u00a0<strong>CGT\u00a0<\/strong>pidi\u00f3 al Gobierno la eliminaci\u00f3n de ese art\u00edculo, entre otros, y finalmente lo hab\u00eda logrado gracias a sus charlas con referentes del sector \u201cpol\u00edtico\u201d del Gobierno como\u00a0<strong>Santiago Caputo\u00a0<\/strong>y\u00a0<strong>Mart\u00edn\u00a0<\/strong>y\u00a0<strong>\u201cLule\u201d Menem<\/strong>, los dos alfiles de\u00a0<strong>Karina Milei,<\/strong>\u00a0quienes, junto al secretario de Trabajo,\u00a0<strong>Julio Cordero,\u00a0<\/strong>est\u00e1n seguros de que si se restringen las cuotas solidarias se desatar\u00e1 una\u00a0<strong>dura batalla con el sindicalismo<\/strong>\u00a0que podr\u00eda complicar la sanci\u00f3n de la reforma laboral.<\/p>\n\n\n\n<p class=\"has-text-align-center\"><img decoding=\"async\" loading=\"lazy\" height=\"800\" width=\"1200\" src=\"https:\/\/www.infobae.com\/resizer\/v2\/DH3TR6C7RJEK5KNLULHAYWNDHM.jpg?auth=de4fda533e94ecba5ee1cb541dee961dde11b9a44568f149234ee0413d5ee777&amp;smart=true&amp;width=350&amp;height=233&amp;quality=85\" alt=\"Javier Milei junto a Karina\">Javier Milei junto a Karina Milei, Santiago Caputo, Lule Menem y Pilar Ram\u00edrez<\/p>\n\n\n\n<p>No obstante, este fin de semana, mientras se preparaba la versi\u00f3n definitiva de la reforma laboral,&nbsp;<strong>Sturzenegger<\/strong>&nbsp;volvi\u00f3 a la carga con el art\u00edculo sobre las cuotas solidarias y tuvo el apoyo, entre otros, de la senadora electa&nbsp;<strong>Patricia Bullrich,<\/strong>&nbsp;que ya no es ministra pero tiene mucho predicamento interno.<\/p>\n\n\n\n<p>En el Gobierno hay quienes insisten en que&nbsp;<strong>hay que pacificar el frente sindical,&nbsp;<\/strong>mientras que otros creen que aunque se acepte el pedido de la CGT&nbsp;<strong>tampoco habr\u00e1 un apoyo expl\u00edcito a la reforma laboral.<\/strong><\/p>\n\n\n\n<p>Hasta ahora, como anticip\u00f3 Infobae, se elimine la propuesta de Sturzenegger quedar\u00eda un\u00a0<strong>impedimento\u00a0<\/strong>en la reforma laboral para que el descuento de las cuotas solidarias lo recaude el sector empleador. La ley actual dice que \u201clos empleadores estar\u00e1n obligados a actuar como \u2018agente de retenci\u00f3n\u2019 de los importes que,\u00a0<strong>en concepto de cuotas afiliaci\u00f3n u otros aportes<\/strong>\u00a0deban tributar los trabajadores a las asociaciones sindicales de trabajadores con personer\u00eda gremial\". Ahora, se\u00a0<strong>restringi\u00f3\u00a0<\/strong>ese \u00edtem a\u00a0<strong>\u201clas cuotas de afiliaci\u00f3n\u201d<\/strong>\u00a0y se estableci\u00f3:\u00a0<strong>\u201cSiempre que medie conformidad expresa del trabajador y acuerdo entre las partes\u201d.\u00a0<\/strong>Lo que quiere decir que los empleadores<strong>\u00a0no estar\u00e1n obligados a retener las cuotas solidarias\u00a0<\/strong>para gir\u00e1rselas a los sindicatos.<\/p>\n\n\n\n<p class=\"has-text-align-center\"><img decoding=\"async\" loading=\"lazy\" height=\"1080\" width=\"1920\" src=\"https:\/\/www.infobae.com\/resizer\/v2\/HVVGZC6CNNCRFP47DLG7EEBX7U.jpg?auth=08fb71689f5a631d8e205e375d67e646e36cdf202313a7b06ece28d5d56d0904&amp;smart=true&amp;width=350&amp;height=197&amp;quality=85\" alt=\"El secretario de Trabajo, Julio\">El secretario de Trabajo, Julio Cordero<\/p>\n\n\n\n<p>Otro punto que se modific\u00f3&nbsp;<strong>en favor de la CGT&nbsp;<\/strong>en la \u00faltima versi\u00f3n de la reforma laboral<strong>&nbsp;y quedar\u00eda intacto&nbsp;<\/strong>es el que establece&nbsp;<strong>la prelaci\u00f3n del convenio por empresa respecto del convenio por actividad:&nbsp;<\/strong>se agreg\u00f3 que deber\u00e1n ser&nbsp;<strong>negociados y firmados por el sindicato con personer\u00eda,<\/strong>&nbsp;algo que saca de esta instancia a las comisiones internas y respeta la incidencia exclusiva del&nbsp;<strong>tradicional unicato gremial.<\/strong><\/p>\n\n\n\n<p>De todas formas, la expectativa est\u00e1 puesta en la difusi\u00f3n de la versi\u00f3n definitiva del proyecto oficial para determinar\u00a0<strong>qu\u00e9 qued\u00f3 o qu\u00e9 se elimin\u00f3<\/strong>\u00a0respecto del texto que hab\u00eda tranquilizado a la CGT. De todas formas, luego de recibir versiones inquietantes al respecto, la c\u00fapula cegetista\u00a0<strong>ya comenz\u00f3 el precalentamiento para la protesta.<\/strong><\/p>\n\n\n\n<p>Fuente Infobae<\/p>\n","protected":false},"excerpt":{"rendered":"<p>Los l\u00edderes cegetistas se enteraron de que el ala dura del Gobierno logr\u00f3 endurecer la reforma laboral y se preparan para pelear contra el proyecto oficial. Gerardo Mart\u00ednez no ir\u00e1 a la Casa Rosada Jaime OlivosOctavio Arg\u00fcello, Jorge Sola, Cristian Jer\u00f3nimo y Gerardo Mart\u00ednez, en el congreso de la CGT La&nbsp;CGT&nbsp;ya se prepara para la [&hellip;]<\/p>\n","protected":false},"author":5,"featured_media":436441,"comment_status":"open","ping_status":"open","sticky":false,"template":"","format":"standard","meta":{"_stopmodifiedupdate":false,"_modified_date":"","inline_featured_image":false,"spay_email":"","jetpack_publicize_message":""},"categories":[501],"tags":[],"jetpack_featured_media_url":"https:\/\/notinor.com\/jujuy\/wp-content\/uploads\/2025\/12\/CGT.jpg","jetpack_publicize_connections":[],"_links":{"self":[{"href":"https:\/\/notinor.com\/jujuy\/wp-json\/wp\/v2\/posts\/436440"}],"collection":[{"href":"https:\/\/notinor.com\/jujuy\/wp-json\/wp\/v2\/posts"}],"about":[{"href":"https:\/\/notinor.com\/jujuy\/wp-json\/wp\/v2\/types\/post"}],"author":[{"embeddable":true,"href":"https:\/\/notinor.com\/jujuy\/wp-json\/wp\/v2\/users\/5"}],"replies":[{"embeddable":true,"href":"https:\/\/notinor.com\/jujuy\/wp-json\/wp\/v2\/comments?post=436440"}],"version-history":[{"count":1,"href":"https:\/\/notinor.com\/jujuy\/wp-json\/wp\/v2\/posts\/436440\/revisions"}],"predecessor-version":[{"id":436442,"href":"https:\/\/notinor.com\/jujuy\/wp-json\/wp\/v2\/posts\/436440\/revisions\/436442"}],"wp:featuredmedia":[{"embeddable":true,"href":"https:\/\/notinor.com\/jujuy\/wp-json\/wp\/v2\/media\/436441"}],"wp:attachment":[{"href":"https:\/\/notinor.com\/jujuy\/wp-json\/wp\/v2\/media?parent=436440"}],"wp:term":[{"taxonomy":"category","embeddable":true,"href":"https:\/\/notinor.com\/jujuy\/wp-json\/wp\/v2\/categories?post=436440"},{"taxonomy":"post_tag","embeddable":true,"href":"https:\/\/notinor.com\/jujuy\/wp-json\/wp\/v2\/tags?post=436440"}],"curies":[{"name":"wp","href":"https:\/\/api.w.org\/{rel}","templated":true}]}}